{"id":181432,"date":"2025-01-21T23:16:57","date_gmt":"2025-01-21T22:16:57","guid":{"rendered":"https:\/\/middleeasttransparent.com\/?p=181432"},"modified":"2025-01-21T23:20:22","modified_gmt":"2025-01-21T22:20:22","slug":"la-girouette-francaise-et-la-fin-de-la-francophonie","status":"publish","type":"post","link":"https:\/\/middleeasttransparent.com\/fr\/la-girouette-francaise-et-la-fin-de-la-francophonie\/","title":{"rendered":"La Girouette Fran\u00e7aise et la fin de la Francophonie"},"content":{"rendered":"<p>&nbsp;<\/p>\n<h3><span style=\"color: #666699;\">Politiquement, l&rsquo;\u00e9lite maronite-sunnite de l&rsquo;avant-guerre a quasiment disparu de la sc\u00e8ne apr\u00e8s 1990. \u00c0 l&rsquo;exception d&rsquo;Amine Gemayel, ancien de Jamhour, aucun pr\u00e9sident n&rsquo;a \u00e9t\u00e9 un v\u00e9ritable et fier francophone, et encore moins les premiers ministres comme Hariri, p\u00e8re et fils, qui, bien qu&rsquo;ils se targuassent de leurs liens politiques avec la France, parlaient un fran\u00e7ais d\u00e9plorable ! Quant aux \u00e9lites chiites, qui fr\u00e9quentaient auparavant les \u00e9coles francophones, elles ont \u00e9t\u00e9 \u00e9cart\u00e9es du pouvoir par Amal et le Hezbollah, qui, au mieux, s&rsquo;exprimaient en arabe, en syrien ou en persan.<\/span><\/h3>\n<p>&nbsp;<\/p>\n<p><strong>Sur le plan \u00e9ducatif<\/strong>, bien que le fran\u00e7ais demeure omnipr\u00e9sent dans l&rsquo;enseignement primaire et secondaire, les universit\u00e9s sont majoritairement anglophones (AUB, LAU, Balamand), \u00e0 l&rsquo;exception peut-\u00eatre de l&rsquo;USJ et de l&rsquo;USEK, qui sont peu comp\u00e9titives. L&rsquo;anglais, cependant, est beaucoup plus pris\u00e9, car il est un imp\u00e9ratif pour travailler dans le Golfe, o\u00f9 les professions telles que celles d&rsquo;avocat, d&rsquo;ing\u00e9nieur, de m\u00e9decin ou de contrema\u00eetre n&rsquo;exigent pas la ma\u00eetrise du fran\u00e7ais. Quant aux \u00e9tudiants qui choisissent de partir \u00e0 l&rsquo;\u00e9tranger, la France demeure une destination privil\u00e9gi\u00e9e pour ceux qui recherchent une formation en litt\u00e9rature, en art, en philosophie ou en histoire, mais aussi pour ceux qui aspirent \u00e0 une \u00e9ducation moins on\u00e9reuse. Les autres s&rsquo;orientent vers les universit\u00e9s am\u00e9ricaines et britanniques, car les perspectives internationales qu&rsquo;elles offrent sont bien plus vastes que celles de n&rsquo;importe quelle institution fran\u00e7aise, dont les anciens \u00e9l\u00e8ves se limitent \u00e0 la France, \u00e0 l&rsquo;Afrique francophone, et \u00e9ventuellement au Canada et au Maghreb.<\/p>\n<p><strong>Sur le plan social,<\/strong> la France a historiquement \u00e9t\u00e9 plus proche des chr\u00e9tiens, qui ont vou\u00e9 une grande admiration \u00e0 ce pays et \u00e0 ses dirigeants (de Saint Louis \u00e0 De Gaulle, en passant par Napol\u00e9on), et qui ont adopt\u00e9 sa langue comme quasi-premi\u00e8re. Apr\u00e8s la guerre civile, la France a, sur le plan politique, substitu\u00e9 les maronites \u2013 son groupe prot\u00e9g\u00e9 \u2013 par les sunnites, car le pouvoir s&rsquo;\u00e9tait d\u00e9plac\u00e9 vers cette derni\u00e8re communaut\u00e9 suite aux accords de Ta\u00ebf. Traditionnellement, les sunnites ne fr\u00e9quentaient pas le lyc\u00e9e fran\u00e7ais, institution la\u00efque, et m\u00eame lorsque l\u2019alliance entre Chirac et Hariri \u00e9tait \u00e0 son apog\u00e9e, la barri\u00e8re sociale restait \u00e9lev\u00e9e. Les sunnites continuent de fr\u00e9quenter, pour leur part, l&rsquo;IC comme \u00e9cole et l&rsquo;AUB comme universit\u00e9.<\/p>\n<div class=\"mceTemp\">\n<figure id=\"attachment_181451\" aria-describedby=\"caption-attachment-181451\" style=\"width: 482px\" class=\"wp-caption aligncenter\"><a href=\"https:\/\/middleeasttransparent.com\/fr\/la-girouette-francaise-et-la-fin-de-la-francophonie\/raad-ledrian-bis-1\/\" rel=\"attachment wp-att-181451\"><img fetchpriority=\"high\" decoding=\"async\" class=\"size-full wp-image-181451\" src=\"https:\/\/middleeasttransparent.com\/wp-content\/uploads\/2025\/01\/raad-ledrian-bis-1.png\" alt=\"\" width=\"482\" height=\"321\" srcset=\"https:\/\/middleeasttransparent.com\/wp-content\/uploads\/2025\/01\/raad-ledrian-bis-1.png 482w, https:\/\/middleeasttransparent.com\/wp-content\/uploads\/2025\/01\/raad-ledrian-bis-1-150x100.png 150w, https:\/\/middleeasttransparent.com\/wp-content\/uploads\/2025\/01\/raad-ledrian-bis-1-450x300.png 450w\" sizes=\"(max-width: 482px) 100vw, 482px\" \/><\/a><figcaption id=\"caption-attachment-181451\" class=\"wp-caption-text\"><strong>Raad re\u00e7oit Le Drian<\/strong><\/figcaption><\/figure>\n<p><strong>Apr\u00e8s 2006, la France a une nouvelle fois bascul\u00e9, politiquement, des sunnites vers les chiites<\/strong>, car le pouvoir \u00e9tait d\u00e9sormais aux mains de cette communaut\u00e9, prot\u00e9g\u00e9e par l&rsquo;Iran. Cette derni\u00e8re, \u00e0 l&rsquo;exception de ceux ayant v\u00e9cu et travaill\u00e9 en Afrique, reste majoritairement pauvre et analphab\u00e8te, et ses membres les plus instruits ma\u00eetrisent avant tout l&rsquo;anglais.<\/p>\n<p>Ainsi, la d\u00e9cision politique de la France de soutenir tour \u00e0 tour une communaut\u00e9 plut\u00f4t qu&rsquo;une autre au fil des si\u00e8cles a jou\u00e9 un r\u00f4le pr\u00e9pond\u00e9rant dans le d\u00e9clin de la langue fran\u00e7aise. Ni Hariri ni le Hezbollah n&rsquo;ont su tirer parti de la culture fran\u00e7aise ni de sa langue, et encore moins se sont-ils convertis en fervents francophones.<\/p>\n<p><strong>Pendant ce temps, l\u2019\u00c9glise maronite continue, ann\u00e9e apr\u00e8s ann\u00e9e, d\u2019organiser une messe solennelle au nom de la France, un geste certes symbolique, mais aujourd&rsquo;hui inutile.<\/strong><\/p>\n<p>&nbsp;<\/p>\n<h1 class=\"post-title\"><a href=\"https:\/\/middleeasttransparent.com\/fr\/lineluctable-declin-de-la-langue-francaise-au-liban\/\">L\u2019in\u00e9luctable d\u00e9clin de la langue fran\u00e7aise au Liban<\/a><\/h1>\n<p>&nbsp;<\/p>\n","protected":false},"excerpt":{"rendered":"<p>&nbsp; Politiquement, l&rsquo;\u00e9lite maronite-sunnite de l&rsquo;avant-guerre a quasiment disparu de la sc\u00e8ne apr\u00e8s 1990. \u00c0 l&rsquo;exception d&rsquo;Amine Gemayel, ancien de Jamhour, aucun pr\u00e9sident n&rsquo;a \u00e9t\u00e9 un v\u00e9ritable et fier francophone, et encore moins les premiers ministres comme Hariri, p\u00e8re et fils, qui, bien qu&rsquo;ils se targuassent de leurs liens politiques avec la France, parlaient un<\/p>\n","protected":false},"author":3323,"featured_media":181439,"comment_status":"open","ping_status":"open","sticky":false,"template":"","format":"standard","meta":{"_uf_show_specific_survey":0,"_uf_disable_surveys":false,"footnotes":""},"categories":[37],"tags":[],"class_list":{"0":"post-181432","1":"post","2":"type-post","3":"status-publish","4":"format-standard","5":"has-post-thumbnail","7":"category-alaune-fr"},"aioseo_notices":[],"_links":{"self":[{"href":"https:\/\/middleeasttransparent.com\/fr\/wp-json\/wp\/v2\/posts\/181432","targetHints":{"allow":["GET"]}}],"collection":[{"href":"https:\/\/middleeasttransparent.com\/fr\/wp-json\/wp\/v2\/posts"}],"about":[{"href":"https:\/\/middleeasttransparent.com\/fr\/wp-json\/wp\/v2\/types\/post"}],"author":[{"embeddable":true,"href":"https:\/\/middleeasttransparent.com\/fr\/wp-json\/wp\/v2\/users\/3323"}],"replies":[{"embeddable":true,"href":"https:\/\/middleeasttransparent.com\/fr\/wp-json\/wp\/v2\/comments?post=181432"}],"version-history":[{"count":0,"href":"https:\/\/middleeasttransparent.com\/fr\/wp-json\/wp\/v2\/posts\/181432\/revisions"}],"wp:featuredmedia":[{"embeddable":true,"href":"https:\/\/middleeasttransparent.com\/fr\/wp-json\/wp\/v2\/media\/181439"}],"wp:attachment":[{"href":"https:\/\/middleeasttransparent.com\/fr\/wp-json\/wp\/v2\/media?parent=181432"}],"wp:term":[{"taxonomy":"category","embeddable":true,"href":"https:\/\/middleeasttransparent.com\/fr\/wp-json\/wp\/v2\/categories?post=181432"},{"taxonomy":"post_tag","embeddable":true,"href":"https:\/\/middleeasttransparent.com\/fr\/wp-json\/wp\/v2\/tags?post=181432"}],"curies":[{"name":"wp","href":"https:\/\/api.w.org\/{rel}","templated":true}]}}