{"id":181235,"date":"2025-01-18T19:36:36","date_gmt":"2025-01-18T18:36:36","guid":{"rendered":"https:\/\/middleeasttransparent.com\/?p=181235"},"modified":"2025-01-18T19:36:36","modified_gmt":"2025-01-18T18:36:36","slug":"emmanuel-macron-de-retour-a-beyrouth-ou-une-page-se-tourne","status":"publish","type":"post","link":"https:\/\/middleeasttransparent.com\/fr\/emmanuel-macron-de-retour-a-beyrouth-ou-une-page-se-tourne\/","title":{"rendered":"Emmanuel Macron de retour \u00e0 Beyrouth, o\u00f9 une page se tourne"},"content":{"rendered":"<h2><strong>L\u2019\u00e9lection du pr\u00e9sident Joseph Aoun et la d\u00e9signation du premier ministre Nawaf Salam laissent esp\u00e9rer un d\u00e9blocage des institutions.<\/strong><\/h2>\n<p>&nbsp;<\/p>\n<p>&nbsp;<\/p>\n<h3><span style=\"color: #666699;\">Je suis tr\u00e8s heureux de revenir, je me souviens comme si c\u2019\u00e9tait hier (de ma derni\u00e8re visite en 2020, NDLR) \u00bb. Vendredi, Emmanuel Macron est de nouveau all\u00e9 \u00e0 la rencontre des Libanais. Pendant plus de deux heures, il s\u2019est adonn\u00e9 \u00e0 une d\u00e9ambulation dans le quartier de Gemmayz\u00e9, \u00e0 Beyrouth.<\/span><\/h3>\n<p>&nbsp;<\/p>\n<p>Le 6 ao\u00fbt 2020, quarante-huit heures apr\u00e8s l\u2019explosion meurtri\u00e8re dans le port de la capitale qui avait tu\u00e9 plus de 200 personnes, le pr\u00e9sident fran\u00e7ais avait \u00e9t\u00e9 le premier dirigeant \u00e9tranger &#8211; avant m\u00eame les responsables libanais &#8211; \u00e0 venir physiquement t\u00e9moigner, dans ce quartier, de sa solidarit\u00e9 avec une population meurtrie par le drame. \u00ab Il \u00e9tait le sauveur \u00e0 l\u2019\u00e9poque \u00bb, se rappelle Elie, un habitant de Gemmayz\u00e9.<\/p>\n<p>Quatre ans plus tard, la ferveur populaire est moindre. Mais au fur et \u00e0 mesure que le chef de l\u2019\u00c9tat avance, des grappes de Libanais viennent lui serrer la main, le f\u00e9liciter ou r\u00e9clamer un selfie. La main sur le c\u0153ur, ildistribue des \u00ab courage \u00e0 vous \u00bb, allusion aux efforts qu\u2019il leur reste \u00e0 faire pour redresser le pays.<\/p>\n<p>\u00c0 son arriv\u00e9e en haut des escaliers du coll\u00e8ge grecorthodoxe des Trois-Docteurs, fond\u00e9 en 1835, il est acclam\u00e9 par des \u00e9l\u00e8ves de cet \u00e9tablissement, dont la France &#8211; via l\u2019\u0152uvre d\u2019Orient et la Fondation Aliph &#8211; a financ\u00e9 la reconstruction apr\u00e8s le drame de l\u2019\u00e9t\u00e9 2020. Pourtant, en cet hiver 2025, le \u00ab sauveur \u00bb du Liban n\u2019est plus Emmanuel Macron. \u00ab S\u2019il \u00e9tait venu avec le pr\u00e9sident Joseph Aoun, il y aurait eu beaucoup de monde \u00e0 Gemmayz\u00e9 \u00bb, observe Mohammed, un marchand.<\/p>\n<p>Apr\u00e8s deux ans de vacance du pouvoir, le Liban a d\u00e9sign\u00e9 le 9 janvier le commandant en chef de l\u2019arm\u00e9e comme pr\u00e9sident de la R\u00e9publique. Dans la foul\u00e9e, \u00e0 la surprise quasi-g\u00e9n\u00e9rale, le 13, un premier ministre a \u00e9t\u00e9 nomm\u00e9 en la personne de Nawaf Salam. C\u2019est ce nouveau tandem \u00e0 la t\u00eate de l\u2019ex\u00e9cutif libanais qu\u2019Emmanuel Macron est venu conforter lors de sa visite \u00e9clair vendredi. \u00ab Vous incarnez l\u2019espoir \u00bb, a-t-il d\u00e9clar\u00e9 en milieu de journ\u00e9e devant Joseph Aoun lors d\u2019une br\u00e8ve d\u00e9claration \u00e0 la presse.<\/p>\n<p>Apr\u00e8s des d\u00e9cennies de tutelle plus ou moins directe exerc\u00e9e par une multitude d\u2019acteurs r\u00e9gionaux, le Liban est engag\u00e9 dans le recouvrement de sa souverainet\u00e9. Le duo \u00e0 la t\u00eate de son ex\u00e9cutif n\u2019est plus issu des arri\u00e8re-cuisines politiciennes, celles-l\u00e0 m\u00eame dont Emmanuel avait \u00e9chou\u00e9 \u00e0 tordre le bras lors de ses visites en 2020. Parmi ces anciens \u00ab za\u00efm \u00bb\u00a0 (chefs de clans) qui l\u2019avaient roul\u00e9 dans la farine il y a quatre ans, Emmanuel Macron n\u2019a d\u2019ailleurs rencontr\u00e9 que Nabih Berri, l\u2019inoxydable chef du Parlement, encore incontournable dans le syst\u00e8me confessionnel libanais.<\/p>\n<h3><strong>\u00ab Il faut un retrait total d\u2019Isra\u00ebl \u00bb<\/strong><\/h3>\n<p>Les d\u00e9fis pour le redressement du pays sont gigantesques. D\u2019abord, veiller au maintien du cessezle-feu entre le Hezbollah et Isra\u00ebl au sud, apr\u00e8s des mois de bombardements de Tsahal qui ont tu\u00e9 4 000 personnes et d\u00e9plac\u00e9 1,3 million d\u2019habitants. Il est fragile. \u00ab Le retrait isra\u00e9lien (du Sud, NDLR) doit s\u2019acc\u00e9l\u00e9rer, il faut un retrait total d\u2019Isra\u00ebl \u00bb, a affirm\u00e9 Emmanuel Macron devant Joseph Aoun, en annon\u00e7ant la formation de 500 soldats libanais par la France. En vertu de cet accord de cessez-le-feu, les militaires libanais doivent remplacer les miliciens du Hezbollah. Sur les 15 000 hommes pr\u00e9vus, 4 500 ont d\u00e9j\u00e0 accompli cette t\u00e2che.<\/p>\n<p>Selon plusieurs sources fran\u00e7aises, le Hezbollah joue le jeu de son retrait du Sud, m\u00eame s\u2019il y a des violations des deux c\u00f4t\u00e9s. D\u00e9tail encourageant et symptomatique d\u2019une nouvelle \u00e8re qui s\u2019amorce : \u00ab Les forces arm\u00e9es libanaises traitent les caches d\u2019armes du Hezbollah signal\u00e9es par l\u2019arm\u00e9e isra\u00e9lienne au m\u00e9canisme am\u00e9ricano-fran\u00e7ais de surveillance du cessez-le-feu \u00bb, se f\u00e9licite un haut responsable fran\u00e7ais.<\/p>\n<p>Emmanuel Macron a affirm\u00e9 au pr\u00e9sident Aoun que la France soutenait sa volont\u00e9 de voir l\u2019\u00c9tat libanais d\u00e9tenir le monopole des armes au Liban. \u00ab Le Hezbollah doit \u00eatre compl\u00e8tement d\u00e9sarm\u00e9 \u00bb, a rappel\u00e9 Emmanuel Macron. Une t\u00e2che extr\u00eamement d\u00e9licate dans un pays o\u00f9 les tensions communautaires restent \u00e0 fleur de peau. Mais apr\u00e8s sa d\u00e9faite face \u00e0 Isra\u00ebl et le renversement de son alli\u00e9 syrien Bachar elAssad, la milice chiite financ\u00e9e et arm\u00e9e par l\u2019Iran doit d\u2019abord panser ses plaies.<\/p>\n<p>Plus que la d\u00e9signation de Joseph Aoun, c\u2019est celle de Nawaf Salam, candidat non d\u00e9sir\u00e9 par le Hezbollah au poste de premier ministre, qui a surpris. \u00ab Il y a eu comme un effet de souffle apr\u00e8s la victoire de Joseph Aoun, qu\u2019on arrive encore mal \u00e0 d\u00e9crypter \u00bb, confie au Figaro Jean-Yves Le Drian, l\u2019\u00e9missaire d\u2019Emmanuel Macron pour le Liban. Depuis, ajoute une source diplomatique, \u00ab le Hezbollah envoie des signaux mixtes, refusant de participer aux consultations parlementaires tout en se d\u00e9clarant ouvert sur d\u2019autres priorit\u00e9s \u00bb.<\/p>\n<p>La plus urgente est la formation d\u2019un gouvernement, capable d\u2019entamer les r\u00e9formes pour redresser le pays. Nawaf Salam, avec qui Emmanuel Macron s\u2019est entretenu en fin de visite, privil\u00e9gierait l\u2019option d\u2019un cabinet de technocrates pour r\u00e9pondre notamment aux exigences du Fonds mon\u00e9taire international. \u00ab Mais ses ministres ne peuvent pas \u00eatre, non plus, compl\u00e8tement d\u00e9tach\u00e9s de la politique, alors que luiSurle m\u00eame th\u00e8me m\u00eame et le pr\u00e9sident Aoun ne sont pas issus de la sph\u00e8re politique \u00bb, d\u00e9crypte un diplomate.<\/p>\n<p>Dans un pays qu\u2019il dit ch\u00e9rir, Emmanuel Macron a pu se rendre compte de visu qu\u2019une nouvelle page s\u2019\u00e9crivait au Liban, seul pays du Moyen-Orient o\u00f9 la France dispose encore d\u2019une r\u00e9elle influence. \u00ab Le Liban est la promesse qu\u2019il y a une autre voie que le repli ethnique ou religieux \u00bb, a-t-il lanc\u00e9, comme pour encourager ses nouveaux dirigeants \u00e0 \u0153uvrer en faveur de son unit\u00e9 et sa souverainet\u00e9.<\/p>\n<p>&nbsp;<\/p>\n<p><a href=\"https:\/\/www.lefigaro.fr\/international\/emmanuel-macron-de-retour-a-beyrouth-ou-une-page-se-tourne-20250117\"><strong>Le Figaro<\/strong><\/a><\/p>\n","protected":false},"excerpt":{"rendered":"<p>L\u2019\u00e9lection du pr\u00e9sident Joseph Aoun et la d\u00e9signation du premier ministre Nawaf Salam laissent esp\u00e9rer un d\u00e9blocage des institutions. &nbsp; &nbsp; Je suis tr\u00e8s heureux de revenir, je me souviens comme si c\u2019\u00e9tait hier (de ma derni\u00e8re visite en 2020, NDLR) \u00bb. Vendredi, Emmanuel Macron est de nouveau all\u00e9 \u00e0 la rencontre des Libanais. Pendant<\/p>\n","protected":false},"author":34,"featured_media":181241,"comment_status":"open","ping_status":"open","sticky":false,"template":"","format":"standard","meta":{"_uf_show_specific_survey":0,"_uf_disable_surveys":false,"footnotes":""},"categories":[37],"tags":[],"class_list":{"0":"post-181235","1":"post","2":"type-post","3":"status-publish","4":"format-standard","5":"has-post-thumbnail","7":"category-alaune-fr"},"aioseo_notices":[],"_links":{"self":[{"href":"https:\/\/middleeasttransparent.com\/fr\/wp-json\/wp\/v2\/posts\/181235","targetHints":{"allow":["GET"]}}],"collection":[{"href":"https:\/\/middleeasttransparent.com\/fr\/wp-json\/wp\/v2\/posts"}],"about":[{"href":"https:\/\/middleeasttransparent.com\/fr\/wp-json\/wp\/v2\/types\/post"}],"author":[{"embeddable":true,"href":"https:\/\/middleeasttransparent.com\/fr\/wp-json\/wp\/v2\/users\/34"}],"replies":[{"embeddable":true,"href":"https:\/\/middleeasttransparent.com\/fr\/wp-json\/wp\/v2\/comments?post=181235"}],"version-history":[{"count":0,"href":"https:\/\/middleeasttransparent.com\/fr\/wp-json\/wp\/v2\/posts\/181235\/revisions"}],"wp:featuredmedia":[{"embeddable":true,"href":"https:\/\/middleeasttransparent.com\/fr\/wp-json\/wp\/v2\/media\/181241"}],"wp:attachment":[{"href":"https:\/\/middleeasttransparent.com\/fr\/wp-json\/wp\/v2\/media?parent=181235"}],"wp:term":[{"taxonomy":"category","embeddable":true,"href":"https:\/\/middleeasttransparent.com\/fr\/wp-json\/wp\/v2\/categories?post=181235"},{"taxonomy":"post_tag","embeddable":true,"href":"https:\/\/middleeasttransparent.com\/fr\/wp-json\/wp\/v2\/tags?post=181235"}],"curies":[{"name":"wp","href":"https:\/\/api.w.org\/{rel}","templated":true}]}}