{"id":181014,"date":"2025-01-15T01:03:09","date_gmt":"2025-01-15T00:03:09","guid":{"rendered":"https:\/\/middleeasttransparent.com\/?p=181014"},"modified":"2025-01-15T01:03:09","modified_gmt":"2025-01-15T00:03:09","slug":"enquete-roger-scruton-le-penseur-conservateur-qui-inspire-orban-meloni-et-retailleau","status":"publish","type":"post","link":"https:\/\/middleeasttransparent.com\/fr\/enquete-roger-scruton-le-penseur-conservateur-qui-inspire-orban-meloni-et-retailleau\/","title":{"rendered":"ENQU\u00caTE:   Roger Scruton, le penseur conservateur qui inspire Orban, Meloni et Retailleau"},"content":{"rendered":"<h2 class=\"p1\"><strong>Il y a cinq ans, le philosophe britannique \u00e9tait emport\u00e9 par un cancer fulgurant. Critique du multiculturalisme, d\u00e9fenseur de la nation et de la tradition contre l\u2019orgueil de la d\u00e9construction, il continue d\u2019inspirer plusieurs leaders conservateurs europ\u00e9ens.<\/strong><\/h2>\n<p>&nbsp;<\/p>\n<p>&nbsp;<\/p>\n<h3 class=\"p1\">Le 3 d\u00e9cembre 2019, le premier ministre Viktor Orban avait fait le d\u00e9placement en personne \u00e0 l\u2019ambassade de Hongrie \u00e0 Londres pour lui remettre l\u2019ordre national du M\u00e9rite, la plus haute distinction de son pays. Roger Scruton apparaissait les larmes aux yeux, dans une chaise roulante, sa crini\u00e8re de lion blonde argent\u00e9e an\u00e9antie par la chimioth\u00e9rapie. \u00c0 peine un mois plus tard, le 12 janvier 2020, il sera emport\u00e9 par la maladie. Le dirigeant populiste, mis au ban de la communaut\u00e9 europ\u00e9enne, faisait l\u2019\u00e9loge du philosophe britannique. \u00ab Comme nous l\u2019avons appris de notre bien-aim\u00e9 professeur, le conservatisme est tout sauf une id\u00e9ologie : c\u2019est l\u2019antidote \u00e0 l\u2019id\u00e9ologie. \u00bb Viktor Orban et Roger Scruton se connaissent de longue date : ils se sont rencontr\u00e9s en 1987 alors que le futur dirigeant \u00e9tait le jeune leader de l\u2019opposition lib\u00e9rale. Apr\u00e8s la chute du rideau de fer, puis l\u2019arriv\u00e9e d\u2019Orban au pouvoir, Scruton a poursuivi ses liens privil\u00e9gi\u00e9s, se rendant souvent \u00e0 Budapest pour donner des conf\u00e9rences. La Hongrie est devenue la patrie du scrutonisme. Dans Budapest, il y a m\u00eame un caf\u00e9 portant son nom. Dans l\u2019ambiance feutr\u00e9e et cosy du Scruton Caf\u00e9 &#8211; o\u00f9 sont accroch\u00e9es au mur des citations du philosophe conservateur, qui \u00e9tait aussi amateur de bon vin que de bonne litt\u00e9rature : \u00ab Je bois donc je suis \u00bb -, se r\u00e9unissent les jeunes du Hungarian Scruton Hub, qui se donne pour mission de promouvoir sa pens\u00e9e.<\/h3>\n<p>&nbsp;<\/p>\n<p>&nbsp;<\/p>\n<p class=\"p1\">Orban cite r\u00e9guli\u00e8rement Scruton dans ses discours. Il dit notamment s\u2019en \u00eatre inspir\u00e9 dans sa conception de l\u2019architecture. Dans son documentaire Why Beauty Matters, le philosophe expliquait en quoi la beaut\u00e9 est un besoin humain fondamental bafou\u00e9 par l\u2019architecture contemporaine. \u00ab Sir Roger Scruton a soutenu que la beaut\u00e9 de nos villes n\u2019est pas seulement une question de go\u00fbt personnel, mais le r\u00e9sultat d\u2019un jugement esth\u00e9tique collectif d\u00e9velopp\u00e9 au fil du temps. Le projet de r\u00e9novation du quartier du ch\u00e2teau de Buda, en Hongrie, en est un bon exemple \u00bb, disait Viktor Orban en mars 2023. Le premier ministre hongrois a d\u00e9cid\u00e9 de faire reb\u00e2tir ou restaurer \u00e0 l\u2019identique ce quartier autrefois splendide ravag\u00e9 par les bombardements de la Seconde Guerre mondiale.<\/p>\n<p class=\"p1\">Orban appr\u00e9cie chez Scruton son c\u00f4t\u00e9 Soljenitsyne : critique du communisme, il n\u2019embrasse pas pour autant le cat\u00e9chisme de la modernit\u00e9 lib\u00e9rale : \u00ab Alors que les Sovi\u00e9tiques occupaient encore l\u2019Europe centrale et orientale, il nous a aid\u00e9s \u00e0 lutter contre le communisme. Mais il n\u2019a pas non plus soutenu aveugl\u00e9ment l\u2019id\u00e9e de soci\u00e9t\u00e9s ouvertes ; il \u00e9tait assez \u00e9veill\u00e9 pour voir ses d\u00e9fauts et mettre en garde contre ses dangers \u00bb.<\/p>\n<p class=\"p1\">Rod Dreher, penseur conservateur am\u00e9ricain qui vit aujourd\u2019hui \u00e0 Budapest et connaissait bien Roger Scruton, analyse pour Le Figaro les convergences entre Scruton et Orban : \u00ab Le fait d\u2019\u00eatre pr\u00e9sent \u00e0 Paris en 1968 lors du soul\u00e8vement \u00e9tudiant a fait pencher le jeune Scruton vers la droite. Il a vu que les \u00e9tudiants radicaux \u00e9taient des id\u00e9ologues pr\u00eats \u00e0 d\u00e9truire la culture fran\u00e7aise et europ\u00e9enne au nom d\u2019id\u00e9aux abstraits. C\u2019est \u00e9galement vrai pour ce que l\u2019Union europ\u00e9enne souhaite faire \u00e0 la Hongrie. Orban r\u00e9siste \u00e0 cela. Si vous voulez comprendre Orban, vous devez d\u2019abord comprendre Scruton. La m\u00eame haine du communisme &#8211; une id\u00e9ologie universaliste qui a tent\u00e9 d\u2019effacer les nations au service de l\u2019abstraction &#8211; motive la haine d\u2019Orban pour le mondialisme et le c\u00f4t\u00e9 id\u00e9ologique du projet europ\u00e9en. \u00bb<\/p>\n<p class=\"p1\">Orban aimait aussi en Scruton son c\u00f4t\u00e9 \u00ab paria \u00bb, qui le rapprochait de sa propre trajectoire. Il soulignait non sans ironie que Scruton avait \u00e9t\u00e9 \u00ab exclu de deux sph\u00e8res : la Tch\u00e9coslovaquie communiste et l\u2019universit\u00e9 occidentale \u00bb.<\/p>\n<p class=\"p1\">En effet, Scruton n\u2019a pas eu parmi ses pairs la reconnaissance qu\u2019il m\u00e9ritait. \u00ab En Grande-Bretagne, il a influenc\u00e9 des gens, mais peu dans la sph\u00e8re politique. Il \u00e9tait consid\u00e9r\u00e9 comme sulfureux. Il d\u00e9fendait les conservateurs, mais n\u2019\u00e9tait pas d\u00e9fendu par eux, souligne son amie et disciple la philosophe fran\u00e7aise Laetitia Strauch-Bonart. C\u2019est pourquoi il fut profond\u00e9ment \u00e9mu par la m\u00e9daille que lui remit Viktor Orban. Il avait une joie immense d\u2019avoir cette ultime distinction alors que le Royaume-Uni l\u2019avait marginalis\u00e9. \u00bb Apr\u00e8s sa mort, Boris Johnson, qui \u00e9tait alors premier ministre, s\u2019est fendu d\u2019un tweet \u00e9logieux : \u00ab RIP sir Roger Scruton. Nous avons perdu le plus grand penseur conservateur moderne, qui a non seulement eu les tripes de dire ce qu\u2019il pensait, mais l\u2019a dit magnifiquement. \u00bb<\/p>\n<p class=\"p1\">Mais, \u00e0 son enterrement, hormis Viktor Orban, le seul repr\u00e9sentant politique pr\u00e9sent \u00e9tait l\u2019ancien ministre de l\u2019\u00c9ducation Michael Gove. Nul n\u2019est proph\u00e8te en son pays.<\/p>\n<p class=\"p1\">Quelques mois avant sa mort, Roger Scruton avait \u00e9t\u00e9 l\u2019objet d\u2019une ignoble cabale m\u00e9diatique organis\u00e9e par les m\u00e9dias progressistes \u00e0 laquelle les tories avaient minablement c\u00e9d\u00e9. Il faut s\u2019arr\u00eater sur cette affaire, car elle en dit long sur le climat de terreur intellectuelle qui r\u00e8gne au Royaume-Uni. En avril 2019, un journaliste du magazine de gauche New Statesman George Eaton rapporte des propos tronqu\u00e9s d\u2019une interview que lui a donn\u00e9e Roger Scruton, qu\u2019il qualifie de \u00ab remarques outrageantes \u00bb. Il tweete les phrases qui selon lui constituent des d\u00e9rapages : que l\u2019islamophobie \u00e9tait \u00ab une invention des Fr\u00e8res musulmans pour stopper toute critique sur un sujet majeur \u00bb ; \u00ab Toute personne qui ne pense pas qu\u2019il y a un empire Soros (milliardaire d\u2019origine hongroise oppos\u00e9 \u00e0 Viktor Orban) en Hongrie n\u2019a pas observ\u00e9 les faits \u00bb ; \u00ab Les Hongrois sont tr\u00e8s alarm\u00e9s par l\u2019invasion soudaine de tribus de musulmans \u00bb ; \u00ab Chaque Chinois est une r\u00e9plique du suivant \u00bb. \u00ab Islamophobie \u00bb, \u00ab antis\u00e9mitisme \u00bb\u00ab x\u00e9nophobie \u00bb : apr\u00e8s avoir post\u00e9 ces phrases sur le r\u00e9seau social, la pol\u00e9mique enfle.<\/p>\n<p class=\"p1\">Les d\u00e9put\u00e9s du Labour r\u00e9clament la t\u00eate de Scruton, qui tient un r\u00f4le officiel \u00e0 la commission Building Better, Building Beautiful, un travail b\u00e9n\u00e9vole de conseil pour construire des logements et des habitations esth\u00e9tiquement plus beaux. Le ministre du Logement James Brokenshire le limoge sur-le-champ, sans m\u00eame avoir eu acc\u00e8s \u00e0 l\u2019entretien en entier.<\/p>\n<p class=\"p1\">Quant au journaliste George Eaton, il poste une photo de lui sur Instagram en train de boire du champagne avec ce commentaire triomphal : \u00ab Le sentiment ressenti lorsque Roger Scruton, raciste et homophobe d\u2019extr\u00eame droite, est renvoy\u00e9 de son poste de conseiller du gouvernement conservateur. \u00bb Comme quoi, les r\u00e9seaux sociaux n\u2019ont pas attendu Elon Musk pour propager des vilenies. Mais, quand il s\u2019agissait de fake news visant \u00e0 accabler un penseur de droite, cela n\u2019\u00e9tait pas grave. Gr\u00e2ce \u00e0 l\u2019insistance du journaliste conservateur Douglas Murray, l\u2019interview est finalement publi\u00e9e en entier.<\/p>\n<p class=\"p1\">On y d\u00e9couvre que les propos de Scruton ont \u00e9t\u00e9 tronqu\u00e9s et d\u00e9contextualis\u00e9s. Le journal New Statesman finira par s\u2019excuser, ainsi que le ministre du Logement Brokenshire ; et Theresa May r\u00e9int\u00e9grera Scruton \u00e0 la commission. Mais le mal \u00e9tait fait, et beaucoup de ses proches avancent que le cancer fulgurant qu\u2019il d\u00e9veloppa quelques semaines apr\u00e8s la pol\u00e9mique \u00e9tait la cons\u00e9quence de cette meurtrissure \u00e0 son honneur. Il n\u2019y a pas que des mains de Viktor Orban que Roger Scruton a re\u00e7u une m\u00e9daille du M\u00e9rite : il a \u00e9t\u00e9 aussi distingu\u00e9 par le pr\u00e9sident tch\u00e8que Vaclav Havel, en 1998, et par le pr\u00e9sident polonais Andrzej Duda, en Accueil<\/p>\n<p class=\"p1\">2019. Si Roger Scruton a fait des \u00e9mules dans les anciens pays communistes, il est aussi lu et reconnu par les conservateurs am\u00e9ricains. La tr\u00e8s influente Heritage Foundation, qui a produit le fameux Project 2025 controvers\u00e9 qui aurait inspir\u00e9 la campagne de Trump, a re\u00e7u le philosophe en octobre 2018.<\/p>\n<p class=\"p1\">Si Scruton avait parfaitement analys\u00e9 dans la victoire de Trump de 2016 la d\u00e9faite d\u2019un establishment lib\u00e9ral qui n\u2019avait de cesse de nier l\u2019aspiration \u00e0 la souverainet\u00e9 des peuples, le dirigeant populiste \u00e0 la crini\u00e8re orange n\u2019\u00e9tait pas tout \u00e0 fait sa tasse de th\u00e9. \u00ab Scruton avait quelque chose de tr\u00e8s intellectuel et d\u2019\u00e9litiste, il n\u2019appr\u00e9ciait pas le c\u00f4t\u00e9 vulgaire et racoleur du populisme, soutient Laetitia Strauch-Bonart. Il y avait une tension entre son amour de la culture et le fait que certains leaders populistes soient anti\u00e9litiste. \u00bb<\/p>\n<p class=\"p1\">Loin d\u2019\u00eatre un proph\u00e8te de malheur ou un amoureux des ruines, Scruton \u00e9tait un conservateur joyeux, qui trouvait poli d\u2019accompagner \u00ab une mauvaise nouvelle d\u2019un motif d\u2019espoir \u00bb. \u00ab Sur le papier c\u2019est Giorgia Meloni qui lui correspond le plus \u00bb, analyse la philosophe. C\u2019est une conserva trice plus qu\u2019une populiste. La dirigeante italienne en a m\u00eame fait son ma\u00eetre \u00e0 penser, aux c\u00f4t\u00e9s de J.R. Tol kien. \u00ab Si je devais citer un des penseurs qui ont le plus contribu\u00e9 \u00e0 ma vision ces derni\u00e8res ann\u00e9es, je donnerais le nom du seigneur de la pens\u00e9e conservatrice britannique : sir Roger Scruton \u00bb, \u00e9crit la dirigeante dans son autobiographie, Io Sono Giorgia. Elle l\u2019a connu \u00ab trop tard \u00bb, quelques ann\u00e9es avant sa mort gr\u00e2ce au Parti des conservateurs et r\u00e9formistes europ\u00e9ens (ECR). \u00ab Il n\u2019 y a pas un parti qui puisse se d\u00e9finir de droite en Occident et qui ne doive pas quelque chose \u00e0 Scruton \u00bb, ajoute la dirigeante italienne, qui cite la d\u00e9finition du conservatisme donn\u00e9e par le philosophe : \u00ab Les conservateurs font leur la vision de la soci\u00e9t\u00e9 de Burke, qui la concevait comme une alliance entre les vivants, les non-n\u00e9s et les morts ; ils croient en l\u2019association civile entre voisins plut\u00f4t qu\u2019en l\u2019intervention de l\u2019\u00c9tat ; et ils admettent que la chose la plus importante qu\u2019un vivant puisse faire est de s\u2019installer, de se construire une maison et ensuite de la transmettre \u00e0 ses enfants. L\u2019oikophilie, l\u2019amour de la maison, est li\u00e9e \u00e0 la cause environnementale, et il est bien surprenant que de nombreux partis conservateurs dans le monde n\u2019aient pas pris possession de cette cause. \u00bb<\/p>\n<p class=\"p1\">Roger Scruton \u00e9tait l\u2019un des rares penseurs de droite \u00e0 avoir directement li\u00e9 la cause \u00e9cologique et le conservatisme. \u00c0 l\u2019occasion du premier anniversaire de son d\u00e9c\u00e8s, en 2021, Meloni a d\u00e9clar\u00e9 que son \u00ab intention \u00e9tait de promouvoir Scruton comme l\u2019un des piliers du conservatisme europ\u00e9en \u00bb et de \u00ab lui rendre un hommage m\u00e9rit\u00e9 \u00bb, mais \u00ab surtout de veiller \u00e0 ce que les jeunes politiciens conservateurs soient inspir\u00e9s par sa vision \u00bb.<\/p>\n<p class=\"p1\">Et la France ? Roger Scruton admirait particuli\u00e8rement notre pays, notamment le r\u00f4le sans pareil qu\u2019y jou\u00e8rent les intellectuels, contrairement au RoyaumeUni, o\u00f9 les abstractions de l\u2019intelligentsia sont moins \u00e9cout\u00e9es, pour le meilleur comme pour le pire. Marion Mar\u00e9chal a cit\u00e9 \u00e0 plusieurs reprises le penseur britannique dans ses discours. Mais le plus grand lecteur de Roger Scruton dans la classe politique fran\u00e7aise n\u2019est autre que Bruno Retailleau.<\/p>\n<p class=\"p1\">Le ministre de l\u2019Int\u00e9rieur assure avoir lu toute son \u0153uvre. \u00ab Apr\u00e8s l\u2019avoir lu, j\u2019ai eu la chance de rencontrer Roger Scruton dans le cadre d\u2019un entretien crois\u00e9 qu\u2019avait organis\u00e9 Le Figaro. Cet esprit aussi fin que libre a tr\u00e8s bien montr\u00e9 que, loin des caricatures progressistes sur le conservatisme, cette pens\u00e9e est tout sauf id\u00e9ologique puisqu\u2019elle se fonde sur la complexit\u00e9 du r\u00e9el et la fragilit\u00e9 de la condition humaine \u00bb, nous confie celui qui assume, chose rare en France, l\u2019\u00e9tiquette de conservateur.<\/p>\n<p class=\"p1\">Fond\u00e9es sur la complexit\u00e9 du r\u00e9el, les convictions de Roger Scruton \u00e9taient en r\u00e9alit\u00e9 assez simples. Elles avaient la limpidit\u00e9 d\u2019une philosophie qui s\u2019appuie sur le bon sens plus que sur de savants \u00e9chafaudages th\u00e9oriques : la conviction que les individus ne sont pas des monades interchangeables, qu\u2019il y a une part non choisie de l\u2019existence que nous devons accepter, un h\u00e9ritage dont nous sommes les d\u00e9positaires et qui doit nous inspirer un profond sentiment de gratitude. Que l\u2019oikophilie, l\u2019amour du foyer, est le fondement de toute soci\u00e9t\u00e9 humaine. Que, par cons\u00e9quent, le multiculturalisme, consid\u00e9r\u00e9 comme une forme d\u2019anticulture, est profond\u00e9ment d\u00e9racinant et appauvrissant. Que la civilisation est une s\u00e9dimentation lente et organique de couches successives, aussi fragiles que pr\u00e9cieuses.<\/p>\n<p class=\"p1\">Qu\u2019il est plus facile de d\u00e9truire que de construire.<\/p>\n<p>&nbsp;<\/p>\n<p><a href=\"https:\/\/www.lefigaro.fr\/vox\/politique\/roger-scruton-le-penseur-conservateur-qui-inspire-orban-meloni-et-retailleau-20250112\">LE FIGARO<\/a><\/p>\n","protected":false},"excerpt":{"rendered":"<p>Il y a cinq ans, le philosophe britannique \u00e9tait emport\u00e9 par un cancer fulgurant. Critique du multiculturalisme, d\u00e9fenseur de la nation et de la tradition contre l\u2019orgueil de la d\u00e9construction, il continue d\u2019inspirer plusieurs leaders conservateurs europ\u00e9ens. &nbsp; &nbsp; Le 3 d\u00e9cembre 2019, le premier ministre Viktor Orban avait fait le d\u00e9placement en personne \u00e0<\/p>\n","protected":false},"author":3320,"featured_media":181020,"comment_status":"open","ping_status":"open","sticky":false,"template":"","format":"standard","meta":{"_uf_show_specific_survey":0,"_uf_disable_surveys":false,"footnotes":""},"categories":[37],"tags":[],"class_list":{"0":"post-181014","1":"post","2":"type-post","3":"status-publish","4":"format-standard","5":"has-post-thumbnail","7":"category-alaune-fr"},"aioseo_notices":[],"_links":{"self":[{"href":"https:\/\/middleeasttransparent.com\/fr\/wp-json\/wp\/v2\/posts\/181014","targetHints":{"allow":["GET"]}}],"collection":[{"href":"https:\/\/middleeasttransparent.com\/fr\/wp-json\/wp\/v2\/posts"}],"about":[{"href":"https:\/\/middleeasttransparent.com\/fr\/wp-json\/wp\/v2\/types\/post"}],"author":[{"embeddable":true,"href":"https:\/\/middleeasttransparent.com\/fr\/wp-json\/wp\/v2\/users\/3320"}],"replies":[{"embeddable":true,"href":"https:\/\/middleeasttransparent.com\/fr\/wp-json\/wp\/v2\/comments?post=181014"}],"version-history":[{"count":0,"href":"https:\/\/middleeasttransparent.com\/fr\/wp-json\/wp\/v2\/posts\/181014\/revisions"}],"wp:featuredmedia":[{"embeddable":true,"href":"https:\/\/middleeasttransparent.com\/fr\/wp-json\/wp\/v2\/media\/181020"}],"wp:attachment":[{"href":"https:\/\/middleeasttransparent.com\/fr\/wp-json\/wp\/v2\/media?parent=181014"}],"wp:term":[{"taxonomy":"category","embeddable":true,"href":"https:\/\/middleeasttransparent.com\/fr\/wp-json\/wp\/v2\/categories?post=181014"},{"taxonomy":"post_tag","embeddable":true,"href":"https:\/\/middleeasttransparent.com\/fr\/wp-json\/wp\/v2\/tags?post=181014"}],"curies":[{"name":"wp","href":"https:\/\/api.w.org\/{rel}","templated":true}]}}