{"id":180908,"date":"2025-01-13T20:40:55","date_gmt":"2025-01-13T19:40:55","guid":{"rendered":"https:\/\/middleeasttransparent.com\/?p=180908"},"modified":"2025-01-13T20:40:55","modified_gmt":"2025-01-13T19:40:55","slug":"le-conseiller-diplomatique-demmanuel-macron-presente-sa-demission","status":"publish","type":"post","link":"https:\/\/middleeasttransparent.com\/fr\/le-conseiller-diplomatique-demmanuel-macron-presente-sa-demission\/","title":{"rendered":"Le conseiller diplomatique d\u2019Emmanuel Macron pr\u00e9sente sa d\u00e9mission"},"content":{"rendered":"<p><strong style=\"color: var(--c-headings); font-family: var(--text-h-font, inherit); font-size: 1.5em;\">Emmanuel Bonne a annonc\u00e9 son d\u00e9part sur fond, notamment, de tensions avec la cellule militaire de l\u2019Elys\u00e9e.<\/strong><\/p>\n<header class=\"article__header \">\n<div class=\"article__header-wrap\">\n<section class=\"meta__date-reading\">\n<p class=\"meta__reading-time meta__reading-time--header\">\n<\/section>\n<\/div>\n<\/header>\n<p class=\"article__paragraph \"><em>\u00ab\u00a0Emmanuel Bonne a la confiance du pr\u00e9sident de la R\u00e9publique et quittera ses fonctions lorsqu\u2019il le souhaitera\u00a0\u00bb<\/em>\u00a0: ainsi a r\u00e9agi l\u2019Elys\u00e9e, dimanche 12\u00a0janvier, \u00e0 l\u2019annonce de la d\u00e9mission du conseiller diplomatique en chef d\u2019Emmanuel Macron. Le sherpa du pr\u00e9sident, qui dirige la cellule diplomatique de l\u2019Elys\u00e9e, avait fait part, <a title=\"Nouvelle fen\u00eatre\" href=\"https:\/\/www.lalettre.fr\/fr\/action-publique_elysee-matignon\/2025\/01\/11\/le-conseiller-diplomatique-d-emmanuel-macron-remet-sa-demission,110360135-art\" target=\"_blank\" rel=\"noopener\">selon une information r\u00e9v\u00e9l\u00e9e la veille par <em>La\u00a0Lettre<\/em><\/a>, de son d\u00e9sir de quitter son poste, m\u00eame si l\u2019incertitude demeurait encore lundi matin sur la r\u00e9alit\u00e9 de ce d\u00e9part.<\/p>\n<p class=\"article__paragraph \">Ce n\u2019est pas la premi\u00e8re fois qu\u2019Emmanuel Bonne menace de quitter des fonctions qu\u2019il occupe depuis mai 2019, une long\u00e9vit\u00e9 record. Sa d\u00e9cision semble avoir \u00e9t\u00e9 prise, selon nos informations, pour manifester sa col\u00e8re apr\u00e8s un incident survenu peu avant le d\u00e9part d\u2019Emmanuel Macron et de ses conseillers pour Londres, jeudi 9 janvier. Le chef de l\u2019Etat a d\u00een\u00e9 dans la soir\u00e9e avec le premier ministre britannique, Keir Starmer, afin de parler de la situation en Ukraine et au Proche-Orient, tout en essayant de surmonter les traces laiss\u00e9es par le Brexit sur la relation bilat\u00e9rale.<\/p>\n<p class=\"article__paragraph \">Ce jour-l\u00e0, Emmanuel Bonne a refus\u00e9 au dernier moment de se joindre \u00e0 la d\u00e9l\u00e9gation fran\u00e7aise, pour protester de n\u2019avoir pas \u00e9t\u00e9 mis, avant le d\u00e9placement, dans la boucle d\u2019une note confidentielle pr\u00e9par\u00e9e par le chef d\u2019\u00e9tat-major particulier du pr\u00e9sident de la R\u00e9publique, le g\u00e9n\u00e9ral Fabien Mandon. L\u2019influence de cet aviateur, aussi affable que Bonne peut \u00eatre bourru, n\u2019a cess\u00e9 de cro\u00eetre depuis qu\u2019il a rejoint l\u2019Elys\u00e9e, en\u00a0mai\u00a02023 \u2013 il serait d\u2019ailleurs candidat pour remplacer un jour le chef d\u2019\u00e9tat-major des arm\u00e9es, Thierry Burkhard. Au lendemain de ces frictions, le sherpa s\u2019est d\u00e9cid\u00e9 \u00e0 mettre sa d\u00e9mission dans la balance. Certains de ses coll\u00e8gues n\u2019excluaient pourtant pas de le voir revenir \u00e0 son bureau cette semaine, une fois ce coup de sang pass\u00e9.<\/p>\n<h2 class=\"article__sub-title\">Fatigue et lassitude<\/h2>\n<p class=\"article__paragraph \">L\u2019\u00e9pisode r\u00e9v\u00e8le surtout l\u2019influence qu\u2019ont prise les militaires dans les choix diplomatiques de l\u2019Elys\u00e9e, au d\u00e9triment des diplomates, au fil des crises internationales, que ce soit au sujet de l\u2019Ukraine ou du Proche-Orient, mais aussi de la politique africaine \u2013 bien que l\u2019arm\u00e9e ait tout fait pour r\u00e9duire les livraisons d\u2019armes \u00e0 Kiev, et ait eu du mal \u00e0 accepter le retrait des forces fran\u00e7aises improvis\u00e9 par Paris au fil des coups d\u2019Etat au Sahel.<\/p>\n<p class=\"article__paragraph \">Il n\u2019est pas rare, selon plusieurs sources, que le g\u00e9n\u00e9ral Mandon, qui a notamment la main sur la pr\u00e9paration des conseils de d\u00e9fense pr\u00e9sid\u00e9s par Macron, court-circuite Emmanuel Bonne, en contactant directement les interlocuteurs de celui-ci. Pour ne rien arranger, la cellule diplomatique est tout sauf une \u00e9quipe soud\u00e9e face aux militaires. <em>\u00ab\u00a0Sur le Proche-Orient, il existe autant d\u2019avis que de diplomates \u00e0 l\u2019Elys\u00e9e\u00a0\u00bb<\/em>, observe un connaisseur. Un autre appelle, sans s\u2019\u00e9tonner de ces luttes d\u2019influence, \u00e0 ce que <em>\u00ab les lignes de d\u00e9cision soient claires, et elles ne le sont pas \u00bb.<\/em><\/p>\n<p class=\"article__paragraph \">Au sein de l\u2019Elys\u00e9e, les uns\u00a0ne sont pas \u00e9tonn\u00e9s du <em>\u00ab\u00a0p\u00e9tage de c\u00e2ble\u00a0\u00bb<\/em> d\u2019Emmanuel Bonne, un bourreau de travail dont les m\u00e9thodes de management ont pu contribuer au surmenage de certains de ses collaborateurs, et \u00e0 un turn-over rapide au sein de la cellule diplomatique lors du premier mandat. Les autres comprennent la fatigue et la lassitude qui seraient les siennes apr\u00e8s tant d\u2019ann\u00e9es au service d\u2019un pr\u00e9sident souvent peu soucieux des avis de ses services diplomatiques et dont les initiatives ont parfois pris de court non seulement le Quai d\u2019Orsay, mais aussi ses conseillers les plus d\u00e9vou\u00e9s.<\/p>\n<h2 class=\"article__sub-title\">Annonces sans concertation<\/h2>\n<p class=\"article__paragraph \">Emmanuel Bonne avait ainsi d\u00fb, en octobre 2023, lors de la visite en Isra\u00ebl d\u2019Emmanuel Macron plus de deux semaines apr\u00e8s avec les attaques terroristes du 7-Octobre, rectifier dans l\u2019urgence la proposition formul\u00e9e par le chef de l\u2019Etat de forger une coalition anti-Hamas, sur le mod\u00e8le de celle mise en place avec succ\u00e8s contre l\u2019organisation Etat islamique. Un projet sugg\u00e9r\u00e9 par le philosophe Bernard-Henri L\u00e9vy, et pr\u00e9par\u00e9 sans concertation avec le minist\u00e8re des affaires \u00e9trang\u00e8res.<\/p>\n<p class=\"article__paragraph \">Fin arabisant, Emmanuel Bonne a connu Emmanuel Macron \u00e0 l\u2019Elys\u00e9e, sous Fran\u00e7ois Hollande, en tant que conseiller charg\u00e9 du Moyen-Orient. Il a ensuite \u00e9t\u00e9 nomm\u00e9 par le pr\u00e9sident socialiste ambassadeur au Liban. Deux ans plus tard, apr\u00e8s la victoire d\u2019Emmanuel Macron, tandis que Philippe Etienne avait pris la t\u00eate de la cellule diplomatique, Emmanuel Bonne avait \u00e9t\u00e9 d\u00e9sign\u00e9 directeur de cabinet du ministre des affaires \u00e9trang\u00e8res, Jean-Yves Le Drian.<\/p>\n<p class=\"article__paragraph \">La rumeur r\u00e9currente de son d\u00e9part de l\u2019Elys\u00e9e a d\u2019ores et d\u00e9j\u00e0 nourri, ces derniers mois, une discr\u00e8te lutte de succession. Plusieurs noms sont cit\u00e9s, \u00e0 commencer par ceux de Nicolas Roche, actuel ambassadeur de France en Iran, de Nicolas de Rivi\u00e8re, en poste aupr\u00e8s de l\u2019ONU \u00e0 New York et en partance pour Moscou, ou d\u2019Aur\u00e9lien Lechevallier. L\u2019actuel directeur du cabinet du ministre des affaires \u00e9trang\u00e8res, Jean-No\u00ebl Barrot, \u00e9tait le conseiller diplomatique d\u2019Emmanuel Macron lors de sa premi\u00e8re campagne \u00e9lectorale, en\u00a02017.<\/p>\n<section class=\"author\">\n<p class=\"article__author-container\">\n<\/section>\n<p><a href=\"https:\/\/www.lemonde.fr\/international\/article\/2025\/01\/13\/le-conseiller-diplomatique-d-emmanuel-macron-presente-sa-demission_6495726_3210.html\">LE MONDE<\/a><\/p>\n","protected":false},"excerpt":{"rendered":"<p>Emmanuel Bonne a annonc\u00e9 son d\u00e9part sur fond, notamment, de tensions avec la cellule militaire de l\u2019Elys\u00e9e. \u00ab\u00a0Emmanuel Bonne a la confiance du pr\u00e9sident de la R\u00e9publique et quittera ses fonctions lorsqu\u2019il le souhaitera\u00a0\u00bb\u00a0: ainsi a r\u00e9agi l\u2019Elys\u00e9e, dimanche 12\u00a0janvier, \u00e0 l\u2019annonce de la d\u00e9mission du conseiller diplomatique en chef d\u2019Emmanuel Macron. Le sherpa du<\/p>\n","protected":false},"author":3319,"featured_media":180916,"comment_status":"open","ping_status":"open","sticky":false,"template":"","format":"standard","meta":{"_uf_show_specific_survey":0,"_uf_disable_surveys":false,"footnotes":""},"categories":[37],"tags":[],"class_list":{"0":"post-180908","1":"post","2":"type-post","3":"status-publish","4":"format-standard","5":"has-post-thumbnail","7":"category-alaune-fr"},"aioseo_notices":[],"_links":{"self":[{"href":"https:\/\/middleeasttransparent.com\/fr\/wp-json\/wp\/v2\/posts\/180908","targetHints":{"allow":["GET"]}}],"collection":[{"href":"https:\/\/middleeasttransparent.com\/fr\/wp-json\/wp\/v2\/posts"}],"about":[{"href":"https:\/\/middleeasttransparent.com\/fr\/wp-json\/wp\/v2\/types\/post"}],"author":[{"embeddable":true,"href":"https:\/\/middleeasttransparent.com\/fr\/wp-json\/wp\/v2\/users\/3319"}],"replies":[{"embeddable":true,"href":"https:\/\/middleeasttransparent.com\/fr\/wp-json\/wp\/v2\/comments?post=180908"}],"version-history":[{"count":0,"href":"https:\/\/middleeasttransparent.com\/fr\/wp-json\/wp\/v2\/posts\/180908\/revisions"}],"wp:featuredmedia":[{"embeddable":true,"href":"https:\/\/middleeasttransparent.com\/fr\/wp-json\/wp\/v2\/media\/180916"}],"wp:attachment":[{"href":"https:\/\/middleeasttransparent.com\/fr\/wp-json\/wp\/v2\/media?parent=180908"}],"wp:term":[{"taxonomy":"category","embeddable":true,"href":"https:\/\/middleeasttransparent.com\/fr\/wp-json\/wp\/v2\/categories?post=180908"},{"taxonomy":"post_tag","embeddable":true,"href":"https:\/\/middleeasttransparent.com\/fr\/wp-json\/wp\/v2\/tags?post=180908"}],"curies":[{"name":"wp","href":"https:\/\/api.w.org\/{rel}","templated":true}]}}