{"id":180803,"date":"2025-01-11T19:07:51","date_gmt":"2025-01-11T18:07:51","guid":{"rendered":"https:\/\/middleeasttransparent.com\/?p=180803"},"modified":"2025-01-11T19:07:51","modified_gmt":"2025-01-11T18:07:51","slug":"joseph-aoun-incarne-une-nouvelle-donne-geopolitique-au-liban","status":"publish","type":"post","link":"https:\/\/middleeasttransparent.com\/fr\/joseph-aoun-incarne-une-nouvelle-donne-geopolitique-au-liban\/","title":{"rendered":"Joseph Aoun incarne une nouvelle donne g\u00e9opolitique au Liban"},"content":{"rendered":"<h2><strong>Ce chr\u00e9tien maronite originaire du sud du pays, favori des \u00c9tats-Unis et de la France, est le cinqui\u00e8me commandant en chef de l\u2019arm\u00e9e \u00e0 \u00eatre \u00e9lu pr\u00e9sident.<\/strong><\/h2>\n<p>&nbsp;<\/p>\n<p>Joseph Aoun est le cinqui\u00e8me commandant en chef de l\u2019arm\u00e9e \u00e0 acc\u00e9der \u00e0 la pr\u00e9sidence du Liban. Il aura besoin de ses \u00e9paules solides et de sa carrure de combattant, pour exercer ses nouvelles fonctions dans un pays en lambeaux, \u00e9puis\u00e9 par une guerre meurtri\u00e8re avec Isra\u00ebl et ruin\u00e9 par plus de cinq ans de crise \u00e9conomique et financi\u00e8re. Apr\u00e8s plus de deux ans de vacance \u00e0 la t\u00eate de l\u2019\u00c9tat, il succ\u00e8de \u00e0 un homonyme, un autre g\u00e9n\u00e9ral Aoun, Michel (sans lien de parent\u00e9), qui l\u2019avait nomm\u00e9 commandant en chef en 2017. Ce n\u2019est pas seulement parce qu\u2019elle met fin \u00e0 une longue crise institutionnelle que l\u2019\u00e9lection de ce militaire de carri\u00e8re a r\u00e9veill\u00e9 parmi les Libanais l\u2019envie de renouer avec l\u2019espoir. Son discours d\u2019investiture sugg\u00e8re une volont\u00e9 de rupture avec \u00ab les guerres, les attentats, les ing\u00e9rences, les attaques, les convoitises et la mauvaise gestion de nos crises \u00bb.<\/p>\n<p>Le sexag\u00e9naire, dont les orientations politiques sont peu connues jusqu\u2019ici, a inscrit son mandat de six ans dans une perspective de renouveau en se pr\u00e9sentant comme le \u00ab premier pr\u00e9sident \u00e9lu apr\u00e8s le centenaire de la cr\u00e9ation de l\u2019\u00c9tat du Grand Liban, en plein bouleversement du Moyen-Orient \u00bb. L\u2019\u00e9lection par le Parlement de ce chr\u00e9tien maronite &#8211; une communaut\u00e9 \u00e0 laquelle est r\u00e9serv\u00e9e la fonction &#8211; est le r\u00e9sultat d\u2019un forcing diplomatique am\u00e9ricano-franco-saoudien. Celui-ci traduit la nouvelle donne g\u00e9opolitique et le r\u00e9\u00e9quilibrage politique cons\u00e9cutifs aux victoires militaires isra\u00e9liennes face \u00e0 l\u2019axe r\u00e9gional soutenu par l\u2019Iran, dont le Hezbollah libanais \u00e9tait le fer de lance, et \u00e0 la chute du r\u00e9gime de Bachar el-Assad en Syrie.<\/p>\n<p>Sa premi\u00e8re mission est de mettre en \u0153uvre l\u2019accord de cessez-le-feu conclu le 27 novembre dernier. Le texte pr\u00e9voit le retrait isra\u00e9lien du sud du Liban et le d\u00e9ploiement de l\u2019arm\u00e9e libanaise en lieu et place des combattants du Hezbollah qui doivent livrer leurs armes dans la zone situ\u00e9e au sud du fleuve Litani. \u00ab Je m\u2019engage \u00e0 organiser un d\u00e9bat national sur une politique de d\u00e9fense int\u00e9gr\u00e9e (\u2026) pour permettre \u00e0 l\u2019\u00c9tat libanais, je le r\u00e9p\u00e8te, \u00e0 l\u2019\u00c9tat libanais, de mettre fin \u00e0 l\u2019occupation isra\u00e9lienne et d\u2019emp\u00eacher de nouvelles agressions \u00bb, a d\u00e9clar\u00e9 Joseph Aoun insistant sur \u00ab le droit de l\u2019\u00c9tat \u00e0 d\u00e9tenir le monopole des armes \u00bb.<\/p>\n<h3>Pr\u00e9server l\u2019entente nationale<\/h3>\n<p>S\u2019ils n\u2019ont pas applaudi comme leurs pairs \u00e0 ce discours, les d\u00e9put\u00e9s du Hezbollah et leurs alli\u00e9s ont vot\u00e9 en connaissance de cause pour le nouveau pr\u00e9sident qui marque le passage du Liban \u00e0 une sph\u00e8re d\u2019influence pro-occidentale. \u00ab L\u2019\u00e9quation a chang\u00e9. La fonction militaire du Hezbollah au service de l\u2019Iran est termin\u00e9e. Cela qui ne signifie pas que son r\u00f4le politique au Liban l\u2019est aussi. Bien qu\u2019il entretienne de tr\u00e8s bonnes relations avec les Occidentaux, Joseph Aoun a toujours pris soin de ne pas susciter l\u2019adversit\u00e9 du Hezbollah \u00bb, explique Johny Mounayer, un analyste politique r\u00e9put\u00e9 proche de l\u2019ancien commandant en chef. Cette r\u00e9solution \u00e0 pr\u00e9server l\u2019entente nationale est l\u2019une des principales convictions du nouveau pr\u00e9sident, affirme-t-il, de m\u00eame que son imperm\u00e9abilit\u00e9 au trafic d\u2019influence qui est au c\u0153ur des habitudes politiques libanaises.<\/p>\n<p>Est-ce que cette r\u00e9putation de \u00ab propret\u00e9 \u00bb suffira \u00e0 impulser un changement dans la pratique du pouvoir \u00e0 Beyrouth ? La question est d\u2019autant plus ouverte que le r\u00e9gime politique libanais n\u2019est plus le syst\u00e8me pr\u00e9sidentiel qui avait permis au g\u00e9n\u00e9ral Fouad Chehab de moderniser l\u2019\u00c9tat dans les ann\u00e9es 1960. Les r\u00e9formateurs, qui voudraient faire de Joseph Aoun l\u2019h\u00e9ritier du ch\u00e9habisme, doivent composer avec la donne institutionnelle n\u00e9e de l\u2019accord de Ta\u00ebf, qui a mis fin \u00e0 la guerre du Liban et donne le pouvoir ex\u00e9cutif au Conseil des ministres de fa\u00e7on coll\u00e9giale. D\u2019o\u00f9 l\u2019importance de la premi\u00e8re d\u00e9cision du nouveau pr\u00e9sident : le choix du premier ministre et la composition du gouvernement qui doivent obligatoirement tenir compte des rapports de force d\u2019un Parlement aux mains des forces communautaires. \u00ab Joseph Aoun est un intrus dans la vie politique \u00bb, explique Fadi Assaf, fondateur du cabinet Middle-East Strategic Perspective. \u00ab M\u00eame si ses ann\u00e9es \u00e0 la t\u00eate de l\u2019arm\u00e9e l\u2019ont pr\u00e9par\u00e9 \u00e0 affronter les intrigues, il est loin d\u2019\u00eatre immunis\u00e9 face \u00e0 une classe politique aguerrie dont il a eu un avant-go\u00fbt le jour m\u00eame de son \u00e9lection : la s\u00e9ance \u00e9lectorale a \u00e9t\u00e9 pratiquement interrompue entre les deux tours de scrutin pour tenter d\u2019engager avec lui des n\u00e9gociations sur une s\u00e9rie de dossiers cl\u00e9s. \u00bb<\/p>\n<p>Presque toutes les f\u00e9licitations adress\u00e9es au nouveau pr\u00e9sident \u00e9taient accompagn\u00e9es de v\u0153ux de r\u00e9formes. La liste des chantiers est extr\u00eamement fournie et l\u2019exp\u00e9rience du g\u00e9n\u00e9ral limit\u00e9e dans des dossiers cruciaux, \u00e0 commencer par la restructuration du secteur financier et des finances publiques.<\/p>\n<h3>Des d\u00e9fis gigantesques<\/h3>\n<p>Les engagements annonc\u00e9s dans son discours d\u2019investiture ont cependant \u00e9t\u00e9 bien accueillis, que ce soit en faveur d\u2019une nouvelle loi sur l\u2019ind\u00e9pendance de la justice ou sur l\u2019abolition du secret bancaire absolu qui continue de favoriser au Liban toutes sortes de d\u00e9lits et de crimes, ainsi que l\u2019\u00e9vasion fiscale \u00e0 grande \u00e9chelle. Face \u00e0 des d\u00e9fis gigantesques, c\u2019est la personnalit\u00e9 du chef militaire originaire du sud du Liban qui est mise en avant par certains de ceux qui l\u2019ont c\u00f4toy\u00e9. \u00ab C\u2019est un homme humble, \u00e0 l\u2019\u00e9coute, avec la volont\u00e9 de servir plut\u00f4t que de se mettre en avant. Il sait s\u2019entourer et inspirer confiance \u00bb, t\u00e9moigne le pr\u00e9sident de l\u2019Ordre de Malte au Liban, Marwan Sehnaoui, qui collabore avec l\u2019arm\u00e9e depuis des ann\u00e9es sur de nombreux projets humanitaires.<\/p>\n<p>Face \u00e0 l\u2019effondrement du pouvoir d\u2019achat de la solde des militaires apr\u00e8s la crise de 2019, la fa\u00e7on dont le commandant en chef de l\u2019arm\u00e9e a maintenu la coh\u00e9sion de la troupe, notamment gr\u00e2ce \u00e0 des aides financi\u00e8res \u00e9trang\u00e8res, montre \u00ab sa capacit\u00e9 \u00e0 apporter des solutions concr\u00e8tes, \u00e0 anticiper, et pr\u00e9server la confiance dans l\u2019institution \u00bb, estime Lamia Moubayed Bissat, pr\u00e9sidente de l\u2019Institut des Finances Basil Fleihan, en charge de plusieurs programmes de formation des officiers. Et d\u2019ajouter : \u00ab Joseph Aoun est un v\u00e9ritable leader. Il incarne la r\u00e9ussite des institutions l\u00e0 o\u00f9 les politiques ont \u00e9chou\u00e9 de mani\u00e8re d\u00e9sastreuse.\u00bb<\/p>\n<p>&nbsp;<\/p>\n<p>Le Figaro<\/p>\n","protected":false},"excerpt":{"rendered":"<p>Ce chr\u00e9tien maronite originaire du sud du pays, favori des \u00c9tats-Unis et de la France, est le cinqui\u00e8me commandant en chef de l\u2019arm\u00e9e \u00e0 \u00eatre \u00e9lu pr\u00e9sident. &nbsp; Joseph Aoun est le cinqui\u00e8me commandant en chef de l\u2019arm\u00e9e \u00e0 acc\u00e9der \u00e0 la pr\u00e9sidence du Liban. Il aura besoin de ses \u00e9paules solides et de sa<\/p>\n","protected":false},"author":725,"featured_media":180809,"comment_status":"open","ping_status":"open","sticky":false,"template":"","format":"standard","meta":{"_uf_show_specific_survey":0,"_uf_disable_surveys":false,"footnotes":""},"categories":[37],"tags":[],"class_list":{"0":"post-180803","1":"post","2":"type-post","3":"status-publish","4":"format-standard","5":"has-post-thumbnail","7":"category-alaune-fr"},"aioseo_notices":[],"_links":{"self":[{"href":"https:\/\/middleeasttransparent.com\/fr\/wp-json\/wp\/v2\/posts\/180803","targetHints":{"allow":["GET"]}}],"collection":[{"href":"https:\/\/middleeasttransparent.com\/fr\/wp-json\/wp\/v2\/posts"}],"about":[{"href":"https:\/\/middleeasttransparent.com\/fr\/wp-json\/wp\/v2\/types\/post"}],"author":[{"embeddable":true,"href":"https:\/\/middleeasttransparent.com\/fr\/wp-json\/wp\/v2\/users\/725"}],"replies":[{"embeddable":true,"href":"https:\/\/middleeasttransparent.com\/fr\/wp-json\/wp\/v2\/comments?post=180803"}],"version-history":[{"count":0,"href":"https:\/\/middleeasttransparent.com\/fr\/wp-json\/wp\/v2\/posts\/180803\/revisions"}],"wp:featuredmedia":[{"embeddable":true,"href":"https:\/\/middleeasttransparent.com\/fr\/wp-json\/wp\/v2\/media\/180809"}],"wp:attachment":[{"href":"https:\/\/middleeasttransparent.com\/fr\/wp-json\/wp\/v2\/media?parent=180803"}],"wp:term":[{"taxonomy":"category","embeddable":true,"href":"https:\/\/middleeasttransparent.com\/fr\/wp-json\/wp\/v2\/categories?post=180803"},{"taxonomy":"post_tag","embeddable":true,"href":"https:\/\/middleeasttransparent.com\/fr\/wp-json\/wp\/v2\/tags?post=180803"}],"curies":[{"name":"wp","href":"https:\/\/api.w.org\/{rel}","templated":true}]}}