{"id":180789,"date":"2025-01-11T18:23:22","date_gmt":"2025-01-11T17:23:22","guid":{"rendered":"https:\/\/middleeasttransparent.com\/?p=180789"},"modified":"2025-01-11T18:29:03","modified_gmt":"2025-01-11T17:29:03","slug":"hommage-a-joe-tarrab","status":"publish","type":"post","link":"https:\/\/middleeasttransparent.com\/fr\/hommage-a-joe-tarrab\/","title":{"rendered":"Hommage \u00e0 Joe Tarrab"},"content":{"rendered":"<h3><span style=\"color: #666699;\">Dans Les Villes Invisibles, Italo Calvino raconte une entrevue extraordinaire entre l\u2019empereur Kubila\u00ef-Khan et Marco Polo :Sire, d\u00e9sormais je t\u2019ai parl\u00e9 de toutes les villes que je connais. -Il en reste une dont tu ne parles jamais. Marco Polo baissa la t\u00eate. &#8211; Venise, dit le Khan.- Chaque fois que je d\u00e9cris une ville, dit Marco Polo, je dis quelque chose de Venise (\u2026), pour distinguer les qualit\u00e9s des autres, je dois partir d\u2019une premi\u00e8re ville qui reste implicite. Pour moi, c\u2019est Venise.\u00bb<\/span><\/h3>\n<p>&nbsp;<\/p>\n<p>&nbsp;<\/p>\n<p>Pour Joe Tarrab qui vient de nous quitter, cette ville-m\u00e8re c\u2019est Beyrouth. De son berceau \u00e0 son tombeau, toute la vie de Joe aura incarn\u00e9 Beyrouth et son g\u00e9nie immortel de derni\u00e8re ville ouverte en M\u00e9diterran\u00e9e. \u00c0 l\u2019image de tous les humanistes, il \u00e9tait attach\u00e9 \u00e0 sa ville dont il fut un des acteurs \u00e9minents de son r\u00f4le de derni\u00e8re plateforme culturelle cosmopolite.<\/p>\n<p>L\u2019humaniste demeure un homme modeste et effac\u00e9, presque timide, solidaire de tous et partageant avec tout le monde son savoir encyclop\u00e9dique, sans ostentation, sans infatuation, mais avec la g\u00e9n\u00e9rosit\u00e9 modeste du ma\u00eetre qui sait qu\u2019\u00e9duquer consiste \u00e0 caresser une \u00e2me. Ces \u00eatres de r\u00e9f\u00e9rence savent se faire petits car le ma\u00eetre s\u2019abaisse afin que l\u2019\u00e9l\u00e8ve grandisse et le d\u00e9passe.<\/p>\n<p>Je rends hommage \u00e0 cette \u00e9minente figure de la vie intellectuelle du Liban : journaliste, \u00e9crivain critique d\u2019art, professeur, homme de th\u00e9\u00e2tre et de cin\u00e9ma.<\/p>\n<p>Je salue la m\u00e9moire de ce grand monsieur, de cette encyclop\u00e9die ambulante, de ce m\u00e9tronome de la culture, de ce pur produit de la grande qualit\u00e9 de l\u2019\u00e9ducation libanaise.<\/p>\n<p class=\"p1\">Je m\u2019incline respectueusement devant l\u2019\u00e9minent disparu, membre de la communaut\u00e9 isra\u00e9lite \u00abmizrahim \u00bb du Liban. Sa francophonie ne lui a jamais servi de stigmate identitaire d\u2019appartenance \u00e0 une minorit\u00e9 de ghetto. Au contraire, il demeurait fid\u00e8le \u00e0 l\u2019esprit universel de Rivarol et il est demeur\u00e9 profond\u00e9ment attach\u00e9 \u00e0 sa patrie.<\/p>\n<p class=\"p1\">\u00c0 l\u2019heure o\u00f9 le Levant se noie dans les flots de sang de tous les massacres identitaires, la figure de Joe Tarrab nous illumine d\u2019esp\u00e9rance quant au vivre-ensemble patiemment construit par Beyrouth depuis deux si\u00e8cles.<\/p>\n<p class=\"p1\">Je rends hommage \u00e0 son ami Aouni Abdel Rahim qui s\u2019est occup\u00e9 de lui durant les trois derni\u00e8res ann\u00e9es de sa vie. Joe a rendu l\u2019\u00e2me en lui tenant la main pendant que Aouni lui r\u00e9p\u00e9tait l\u2019invocation musulmane que Joe aimait entendre sur son lit de souffrances : \u00ab La majest\u00e9 du Tout-Puissant est mon bouclier. Le Seigneur du Royaume des cieux est mon refuge. Je mets ma confiance dans la mis\u00e9ricorde du Dieu vivant et immortel.\u00bb<\/p>\n<p class=\"p1\">D\u00e9c\u00e9d\u00e9 le 31 d\u00e9cembre 2024, Joe a \u00e9t\u00e9 inhum\u00e9 au cimeti\u00e8re juif de Beyrouth le 1er janvier 2025. Ses fun\u00e9railles \u00e0 elles seules sont une anthologie lumineuse de l\u2019esprit de Beyrouth. Le cort\u00e8ge \u00e9tait compos\u00e9 de cinq personnes \u00e0 majorit\u00e9 sunnite : l\u2019ami Aouni, Saleh Barakat, le pr\u00e9pos\u00e9 de l\u2019\u00c9tat- civil Bassel el-Hanout, ainsi que Ricci Ha\u00efkal, de m\u00e8re juive, et Georges Zeini, l\u2019ami d\u2019enfance.<\/p>\n<p class=\"p1\">Tous les rites fun\u00e9raires d\u2019ablution furent observ\u00e9s. Apr\u00e8s la mise en terre, Ricci Ha\u00efkal entonna le \u00ab Sheema Israel \u00bb et certains extraits bibliques. Puis les pr\u00e9sents r\u00e9cit\u00e8rent la \u00ab Fatiha \u00bb, premi\u00e8re sourate du Coran, suivie du \u00ab Notre P\u00e8re \u00bb alors que les drones isra\u00e9liens emplissaient de leurs vrombissements l\u2019air de la ville.<\/p>\n<p class=\"p1\"><strong>Les forces de destruction qui ensanglantent le Levant auront-elles raison de tous les Joe Tarrab de Beyrouth ?<\/strong><\/p>\n<p>&nbsp;<\/p>\n<p><a href=\"https:\/\/www.lorientlejour.com\/article\/1442569\/hommage-a-joe-tarrab.html\"><strong>OLJ<\/strong><\/a><\/p>\n<div class=\"H5uxOb\">\n<h1 class=\"WQWxe RES9jf JgzqYd\" dir=\"ltr\" aria-hidden=\"true\"><a href=\"https:\/\/www.youtube.com\/watch?v=odVbJV7k37U\">Joseph Tarrab: The last Jew in Lebanon I \u0622\u062e\u0631 \u064a\u0647\u0648\u062f\u064a \u0641\u064a \u0644\u0628\u0646\u0627\u0646<\/a><\/h1>\n<\/div>\n<p>&nbsp;<\/p>\n","protected":false},"excerpt":{"rendered":"<p>Dans Les Villes Invisibles, Italo Calvino raconte une entrevue extraordinaire entre l\u2019empereur Kubila\u00ef-Khan et Marco Polo :Sire, d\u00e9sormais je t\u2019ai parl\u00e9 de toutes les villes que je connais. -Il en reste une dont tu ne parles jamais. Marco Polo baissa la t\u00eate. &#8211; Venise, dit le Khan.- Chaque fois que je d\u00e9cris une ville, dit<\/p>\n","protected":false},"author":33,"featured_media":180793,"comment_status":"open","ping_status":"open","sticky":false,"template":"","format":"standard","meta":{"_uf_show_specific_survey":0,"_uf_disable_surveys":false,"footnotes":""},"categories":[22],"tags":[],"class_list":{"0":"post-180789","1":"post","2":"type-post","3":"status-publish","4":"format-standard","5":"has-post-thumbnail","7":"category-actualites-fr"},"aioseo_notices":[],"_links":{"self":[{"href":"https:\/\/middleeasttransparent.com\/fr\/wp-json\/wp\/v2\/posts\/180789","targetHints":{"allow":["GET"]}}],"collection":[{"href":"https:\/\/middleeasttransparent.com\/fr\/wp-json\/wp\/v2\/posts"}],"about":[{"href":"https:\/\/middleeasttransparent.com\/fr\/wp-json\/wp\/v2\/types\/post"}],"author":[{"embeddable":true,"href":"https:\/\/middleeasttransparent.com\/fr\/wp-json\/wp\/v2\/users\/33"}],"replies":[{"embeddable":true,"href":"https:\/\/middleeasttransparent.com\/fr\/wp-json\/wp\/v2\/comments?post=180789"}],"version-history":[{"count":0,"href":"https:\/\/middleeasttransparent.com\/fr\/wp-json\/wp\/v2\/posts\/180789\/revisions"}],"wp:featuredmedia":[{"embeddable":true,"href":"https:\/\/middleeasttransparent.com\/fr\/wp-json\/wp\/v2\/media\/180793"}],"wp:attachment":[{"href":"https:\/\/middleeasttransparent.com\/fr\/wp-json\/wp\/v2\/media?parent=180789"}],"wp:term":[{"taxonomy":"category","embeddable":true,"href":"https:\/\/middleeasttransparent.com\/fr\/wp-json\/wp\/v2\/categories?post=180789"},{"taxonomy":"post_tag","embeddable":true,"href":"https:\/\/middleeasttransparent.com\/fr\/wp-json\/wp\/v2\/tags?post=180789"}],"curies":[{"name":"wp","href":"https:\/\/api.w.org\/{rel}","templated":true}]}}