{"id":18074,"date":"2017-02-25T21:17:15","date_gmt":"2017-02-25T20:17:15","guid":{"rendered":"http:\/\/middleeasttransparent.com\/?p=18074"},"modified":"2017-02-25T21:17:15","modified_gmt":"2017-02-25T20:17:15","slug":"pascal-bruckner-laffaire-du-bondy-blog-est-le-titanic-de-la-gauche-branchee","status":"publish","type":"post","link":"https:\/\/middleeasttransparent.com\/fr\/pascal-bruckner-laffaire-du-bondy-blog-est-le-titanic-de-la-gauche-branchee\/","title":{"rendered":"Pascal Bruckner\u00a0: \u00abL&rsquo;affaire du Bondy Blog est le Titanic de la gauche branch\u00e9e\u00bb"},"content":{"rendered":"<div class=\"fig-article-header\">\n<p><strong>Par <span class=\"\">Alexis Feertchak<\/span><\/strong><\/p>\n<\/div>\n<div class=\"fig-main-media\"><\/div>\n<p class=\"fig-chapo\">FIGAROVOX\/GRAND ENTRETIEN &#8211; Le philosophe et essayiste r\u00e9agit \u00e0 la r\u00e9v\u00e9lation des tweets haineux du chroniqueur du Bondy Blog, Mehdi Meklat. L&rsquo;auteur d&rsquo;<i>Un racisme imaginaire<\/i> d\u00e9nonce \u00e9galement la motion d&rsquo;une d\u00e9put\u00e9e canadienne visant \u00e0 condamner l&rsquo;islamophobie.<\/p>\n<div class=\"fig-article-body\">\n<hr \/>\n<figure class=\"fig-photo fig-media-gauche\"><img decoding=\"async\" src=\"http:\/\/i.f1g.fr\/media\/figaro\/120x176\/2017\/02\/24\/XVM9f45e0d0-fab3-11e6-a2fa-ae5fb8ad8319-120x176.jpg\" alt=\"\" \/><\/figure>\n<p><i>Pascal Bruckner est philosophe, essayiste et romancier. Il a derni\u00e8rement publi\u00e9 <\/i><a href=\"https:\/\/www.amazon.fr\/sagesse-largent-essai-Pascal-Bruckner\/dp\/2246857554\/ref=sr_1_1?ie=UTF8&amp;qid=1487955942&amp;sr=8-1&amp;keywords=la+sagesse+de+l%27argent\" target=\"_blank\">La Sagesse de l&rsquo;argent<\/a><i> (\u00e9d. Grasset, 2016) et <\/i><a href=\"https:\/\/www.amazon.fr\/racisme-imaginaire-querelle-lislamophobie\/dp\/2246857570\" target=\"_blank\">Un racisme imaginaire<\/a><i> (\u00e9d. Grasset, 2017).<\/i><\/p>\n<hr \/>\n<p><strong>FIGAROVOX. &#8211; Le chroniqueur du <i>Bondy Blog<\/i>, Mehdi Meklat, a publi\u00e9 des milliers de tweets antis\u00e9mites, racistes, homophobes et misogynes. Que pensez-vous de cette affaire?<\/strong><\/p>\n<p><strong>Pascal BRUCKNER<\/strong>. &#8211; L&rsquo;affaire du Bondy Blog est le Titanic de la gauche branch\u00e9e. Pendant des ann\u00e9es, <i>M le Monde<\/i>, <i>Lib\u00e9ration<\/i>, <i>Les Inrocks<\/i>, <i>T\u00e9l\u00e9rama<\/i> ont encens\u00e9 la formidable vitalit\u00e9 de ce <i>kid<\/i> des banlieues, si cocasse, si fut\u00e9 qui se proposait, par la voix de son \u00abdouble mal\u00e9fique\u00bb de tuer des Juifs, de sodomiser Madame Valls, de cracher sur Charb, de casser les jambes de Finkielkraut. Quel humour, quelle force! Les chaisi\u00e8res de la gauche antiraciste se gondolaient, rien qu&rsquo;\u00e0 le lire. Il a fallu le courage d&rsquo;une internaute r\u00e9publicaine et ath\u00e9e pour que l&rsquo;abjection soit r\u00e9v\u00e9l\u00e9e. J&rsquo;esp\u00e8re que ce \u00abnazillon cool\u00bb va \u00eatre tra\u00een\u00e9 devant la justice, m\u00eame s&rsquo;il me semble que ses tweets sont prescrits.<\/p>\n<aside class=\"fig-embed fig-exergue fig-media-gauche fig-exergue-gauche\">\n<blockquote>\n<p style=\"text-align: center;\">Contrairement \u00e0 la vulgate tiers-mondiste, il y a des oppresseurs chez les oppress\u00e9s.<\/p>\n<\/blockquote>\n<\/aside>\n<p>Je ne crois pas que cette affaire Mehdi Meklat passera inaper\u00e7ue. Elle a le m\u00e9rite de r\u00e9v\u00e9ler au grand jour que les membres issus de minorit\u00e9s dites discrimin\u00e9es peuvent aussi commettre des discriminations, qu&rsquo;ils peuvent aussi \u00eatre racistes, antis\u00e9mites, homophobes ou misogynes. Contrairement \u00e0 la vulgate tiers-mondiste, il y a des oppresseurs chez les oppress\u00e9s. Le raisonnement du tiers-mondisme est toujours le m\u00eame: les opprim\u00e9s sont innocents par nature. De p\u00e8re en fils, le statut de victime se transmet, ce qui permet \u00e0 celui qui dispose de ce statut de n&rsquo;\u00eatre jamais ni responsable ni coupable. C&rsquo;est une monstrueuse supercherie.<\/p>\n<p>Dans une interview accord\u00e9e \u00e0 <i>T\u00e9l\u00e9rama<\/i>, Mehdi Meklat ose m\u00eame se d\u00e9clarer victime de la fachosph\u00e8re&#8230; dont il fait \u00e9videmment partie! Mais je suis s\u00fbr qu&rsquo;il sera accueilli bient\u00f4t par le site fr\u00e9rot salafiste de M\u00e9diapart, au nom bien s\u00fbr de la lutte contre \u00abl&rsquo;islamophobie\u00bb.<\/p>\n<aside class=\"fig-embed fig-exergue fig-media-droite fig-exergue-droite\">\n<blockquote>\n<p style=\"text-align: center;\">Il y a une proportion non n\u00e9gligeable des membres de la communaut\u00e9 musulmane pour qui l&rsquo;homophobie, l&rsquo;antis\u00e9mitisme et la misogynie font partie de leur bagage culturel.<\/p>\n<\/blockquote>\n<\/aside>\n<p><strong>Qu&rsquo;est-ce que l&rsquo;affaire Mehdi Meklat dit aussi du d\u00e9veloppement de l&rsquo;antis\u00e9mitisme, de l&rsquo;homophobie et de la misogynie en France?<\/strong><\/p>\n<p>Il faut relier cette affaire aux propos de la sociologue Nacira Gu\u00e9nif, qui a t\u00e9moign\u00e9 lors du proc\u00e8s contre Georges Bensoussan, auteur des <i>Territoires perdus de la R\u00e9publique<\/i> et aujourd&rsquo;hui d&rsquo;<i>Une France soumise<\/i>, accus\u00e9 d&rsquo;islamophobie pour avoir point\u00e9 l&rsquo;antis\u00e9mitisme qui existe au sein de la communaut\u00e9 musulmane. Alors que Georges Bensoussan expliquait notamment le d\u00e9veloppement de l&rsquo;expression \u00ab<i>esp\u00e8ce de juif, mes excuses<\/i>\u00bb, Nacira Gu\u00e9nif a expliqu\u00e9 que ce propos, souvent employ\u00e9 en arabe, \u00ab<i>est pass\u00e9 dans le langage courant et ne signifie pas la haine des juifs (\u2026) C&rsquo;est une expression fig\u00e9e qui fait partie du langage courant. D\u00e9shistoriciser des expressions, dit-elle c&rsquo;est essentialiser<\/i>\u00bb. Vous avez bien lu, ne tombez pas de votre chaise. Traiter quelqu&rsquo;un d&rsquo;\u00abesp\u00e8ce de juif\u00bb, c&rsquo;est l&rsquo;\u00e9quivalent de \u00abpasse-moi le sel\u00bb! On veut d\u00e9samorcer la violence des <i>kids<\/i> des banlieues en faisant de celle-ci l&rsquo;expression d&rsquo;une minorit\u00e9 oppress\u00e9e. On oublie au passage qu&rsquo;il y a aujourd&rsquo;hui une proportion non n\u00e9gligeable des membres de la communaut\u00e9 musulmane pour qui l&rsquo;homophobie, l&rsquo;antis\u00e9mitisme et la misogynie font partie de leur bagage culturel. C&rsquo;est ce qu&rsquo;il ne faut pas dire aujourd&rsquo;hui. Georges Bensoussan a \u00e9t\u00e9 condamn\u00e9 pour cela, au nom de l&rsquo;islamophobie, devenue crime de l\u00e8se-majest\u00e9.<\/p>\n<aside class=\"fig-embed fig-exergue fig-media-gauche fig-exergue-gauche\">\n<blockquote>\n<p style=\"text-align: center;\">Les barbus en ont r\u00eav\u00e9, les Canadiens pourraient le faire prochainement.<\/p>\n<\/blockquote>\n<\/aside>\n<p><strong>Au Canada, trois semaines apr\u00e8s l&rsquo;attentat contre une mosqu\u00e9e \u00e0 Qu\u00e9bec, une d\u00e9put\u00e9e lib\u00e9rale a d\u00e9pos\u00e9 une motion contre \u00able racisme et la discrimination religieuse syst\u00e9miques\u00bb, mesure qui ne concernerait en r\u00e9alit\u00e9 que l&rsquo;islam et non les autres religions. Qu&rsquo;est-ce que cela dit de l&rsquo;islamophobie?<\/strong><\/p>\n<p>C&rsquo;est la preuve que l&rsquo;islamophobie ne sert pas d&rsquo;abord \u00e0 prot\u00e9ger les musulmans des discriminations qu&rsquo;ils peuvent subir, mais \u00e0 prot\u00e9ger la religion islamique de toute esp\u00e8ce de critique. On offre ainsi \u00e0 l&rsquo;islam un sauf-conduit qui n&rsquo;est accord\u00e9 \u00e0 aucune autre religion, ni au christianisme, ni au juda\u00efsme, ni \u00e0 l&rsquo;hindouisme ou au bouddhisme. C&rsquo;est l&rsquo;\u00e9quivalent sur le plan spirituel de la pr\u00e9f\u00e9rence nationale ch\u00e8re \u00e0 Marine le Pen sur le front de l&#8217;emploi. Les barbus en ont r\u00eav\u00e9, les Canadiens pourraient le faire prochainement. Qu&rsquo;une confession ne puisse \u00eatre soumise \u00e0 l&rsquo;analyse de la raison, qu&rsquo;elle soit ainsi soustraite \u00e0 l&rsquo;esprit d&rsquo;examen comme si elle \u00e9tait hors-sol, hors humanit\u00e9, est un \u00e9v\u00e9nement in\u00e9dit dans l&rsquo;histoire. C&rsquo;est aussi un aveu terrible: les tenants du p\u00e9ch\u00e9 d&rsquo;islamophobie veulent faire de l&rsquo;islam une religion intouchable, sup\u00e9rieure \u00e0 toutes. Il faut la prendre en bloc. On peut se moquer de tous les dieux, de tous les textes sacr\u00e9s mais pas du Coran et de ses fid\u00e8les. C&rsquo;est une r\u00e9gression proprement hallucinante.<\/p>\n<aside class=\"fig-embed fig-exergue fig-media-droite fig-exergue-droite\">\n<blockquote>\n<p style=\"text-align: center;\">Une telle mesure qui d\u00e9responsabilise les musulmans ne peut qu&rsquo;entra\u00eener un d\u00e9cha\u00eenement de col\u00e8re et de haine.<\/p>\n<\/blockquote>\n<\/aside>\n<p><strong>N&rsquo;est-ce pas aussi en faire paradoxalement une religion inf\u00e9rieure en infantilisant les musulmans?<\/strong><\/p>\n<p>Absolument. C&rsquo;est d&rsquo;ailleurs une tr\u00e8s mauvaise nouvelle pour les musulmans, qui seront les premi\u00e8res victimes de cette motion, si elle \u00e9tait vot\u00e9e. Une telle mesure qui les d\u00e9responsabilise, au d\u00e9triment des chr\u00e9tiens, des juifs, des sikhs, des hindous, des ath\u00e9es ne peut qu&rsquo;entra\u00eener un d\u00e9cha\u00eenement de col\u00e8re et de haine. On installe les fid\u00e8les du Coran dans une niche pieuse parce qu&rsquo;on les estime, au fond, incapables de se r\u00e9former eux-m\u00eames et non comptables de leurs actes. Le musulman est \u00e9lev\u00e9 \u00e0 la fois au rang de tabou et de totem. Il appartient ainsi \u00e0 une religion f\u00e9tiche sous vitrine sur laquelle on marque, comme au mus\u00e9e: ne pas toucher. Il s&rsquo;agit pour l&rsquo;instant d&rsquo;une simple motion, mais le fait m\u00eame que l&rsquo;id\u00e9e ait pu germer dans la t\u00eate de cette d\u00e9put\u00e9e lib\u00e9rale, d&rsquo;origine pakistanaise, et qu&rsquo;elle n&rsquo;ait pas \u00e9t\u00e9 unanimement condamn\u00e9e en dit long sur la soci\u00e9t\u00e9 canadienne. Heureusement que nos cousins du Qu\u00e9bec ont gard\u00e9 une once de bon sens, au contraire de beaucoup de leurs compatriotes anglo-saxons.<\/p>\n<aside class=\"fig-embed fig-exergue fig-media-gauche fig-exergue-gauche\">\n<blockquote>\n<p style=\"text-align: center;\">La grandeur d&rsquo;une foi, c&rsquo;est sa capacit\u00e9 \u00e0 se r\u00e9former, \u00e0 s&rsquo;adapter aux r\u00e9alit\u00e9s du si\u00e8cle.<\/p>\n<\/blockquote>\n<\/aside>\n<p><strong>Cela montre-t-il les limites du multiculturalisme?<\/strong><\/p>\n<p>En r\u00e9alit\u00e9, nous sommes au-del\u00e0 du multiculturalisme. Nous atteignons ici le stade du \u00abmono-confessionalisme\u00bb puisque l&rsquo;islam est favoris\u00e9, par l&rsquo;\u00c9tat f\u00e9d\u00e9ral, \u00e0 l&rsquo;exception de toutes les autres confessions (ce qui \u00e9tait, toutes proportions gard\u00e9es, la position du catholicisme sous l&rsquo;Ancien R\u00e9gime en France, prot\u00e9g\u00e9 par la monarchie). Le multiculturalisme a au moins pour souci d&rsquo;\u00e9tablir l&rsquo;\u00e9galit\u00e9 entre les cultures. Je me rappelle qu&rsquo;en 2005 ou en 2006, l&rsquo;Ontario avait souhait\u00e9 instaurer la charia pour les citoyens de confession musulmane. Ce furent des femmes musulmanes qui s&rsquo;y oppos\u00e8rent pour rester prot\u00e9g\u00e9es par le droit commun. L\u00e0 encore, nous voyons que l&rsquo;infantilisation de l&rsquo;islam, son statut d\u00e9rogatoire, n&rsquo;est pas un cadeau fait aux musulmans. C&rsquo;est, sous couleur de pr\u00e9servation, une marque de m\u00e9pris post-colonial: vous n&rsquo;\u00eates pas assez m\u00fbrs pour b\u00e9n\u00e9ficier de tous les privil\u00e8ges de la libert\u00e9 de conscience et de la citoyennet\u00e9. Imaginez que l&rsquo;on ait agi ainsi de la Renaissance au si\u00e8cle des Lumi\u00e8res avec le catholicisme, pour le soustraire \u00e0 la discussion, cette religion serait rest\u00e9e confin\u00e9e dans ses dogmes d&rsquo;antan. La grandeur d&rsquo;une foi, c&rsquo;est sa capacit\u00e9 \u00e0 se r\u00e9former, \u00e0 s&rsquo;adapter aux r\u00e9alit\u00e9s du si\u00e8cle.<\/p>\n<aside class=\"fig-embed fig-exergue fig-media-droite fig-exergue-droite\">\n<blockquote>\n<p style=\"text-align: center;\">Ce n&rsquo;est pas en disant \u00abblanc\u00bb quand Trump dit \u00abnoir\u00bb qu&rsquo;on aura raison.<\/p>\n<\/blockquote>\n<\/aside>\n<p><strong>Cette motion propos\u00e9e par la d\u00e9put\u00e9e n&rsquo;illustre-t-elle pas aussi une course \u00e0 la victimisation?<\/strong><\/p>\n<p>Chaque \u00e9poque dispose de sa victime f\u00e9tiche. Ce furent les Juifs, \u00e0 un certain moment, mais les Juifs, \u00ab\u00e7a commence \u00e0 bien faire\u00bb, les Chr\u00e9tiens, quant \u00e0 eux sont toujours consid\u00e9r\u00e9s comme les bourreaux de l&rsquo;histoire, les bouddhistes, les confucianistes, les hindous n&rsquo;entrent pas dans le bon casting de l&rsquo;antiracisme. Reste donc le musulman qui devient la victime absolue. Je pense qu&rsquo;Ottawa cherche, aussi, par ce projet, \u00e0 prendre Donald Trump \u00e0 contre-pied en faisant le contraire de ce qu&rsquo;il pr\u00e9conise. Mais le \u00abmuslim ban\u00bb d\u00e9cr\u00e9t\u00e9 par Trump (la limitation des entr\u00e9es de ressortissants de sept pays musulmans jug\u00e9s \u00e0 risque) n&rsquo;a pas effac\u00e9 par miracle le probl\u00e8me du djihadisme et de la radicalisation. Ce n&rsquo;est pas en disant \u00abblanc\u00bb quand Trump dit \u00abnoir\u00bb qu&rsquo;on aura raison.<\/p>\n<aside class=\"fig-embed fig-exergue fig-media-gauche fig-exergue-gauche\">\n<blockquote>\n<p style=\"text-align: center;\">Quel signal envoyons-nous ainsi aux chr\u00e9tiens d&rsquo;Orient\u00a0? Celui d&rsquo;une sup\u00e9riorit\u00e9 culturelle, politique et presque ontologique de l&rsquo;islam.<\/p>\n<\/blockquote>\n<\/aside>\n<p><strong>Le Canada est engag\u00e9 dans l&rsquo;accueil des r\u00e9fugi\u00e9s et dans la protection des minorit\u00e9s au Moyen-Orient. Mais n&rsquo;est-ce pas un tr\u00e8s mauvais signal envoy\u00e9 \u00e0 ces minorit\u00e9s du Levant que d&rsquo;accorder au Canada un statut sp\u00e9cifique \u00e0 l&rsquo;islam?<\/strong><\/p>\n<p>Il y a bel et bien un parall\u00e8le d\u00e9rangeant. Quel signal envoyons-nous ainsi aux chr\u00e9tiens d&rsquo;Orient? Celui d&rsquo;une sup\u00e9riorit\u00e9 culturelle, politique et presque ontologique de l&rsquo;islam. Les chr\u00e9tiens pers\u00e9cut\u00e9s du Moyen-Orient n&rsquo;ont qu&rsquo;\u00e0 se convertir, ils pourront ainsi acc\u00e9der au statut de victime et \u00eatre prot\u00e9g\u00e9s par l&rsquo;\u00e9tiquette d&rsquo;islamophobie! Que cela ait pu \u00eatre l&rsquo;\u0153uvre d&rsquo;une d\u00e9put\u00e9e lib\u00e9rale alors que cette initiative est absolument contraire \u00e0 toute id\u00e9e lib\u00e9rale classique est proprement hallucinant. Nous sommes dans une p\u00e9riode de grande confusion mentale et d&rsquo;inversion compl\u00e8te des valeurs. Je crains malheureusement qu&rsquo;en France, de nombreuses personnes se f\u00e9licitent de cette initiative canadienne. Je serais curieux de conna\u00eetre la r\u00e9action d&rsquo;Emmanuel Macron \u00e0 cet \u00e9gard.<\/p>\n<p><a href=\"http:\/\/www.lefigaro.fr\/vox\/monde\/2017\/02\/24\/31002-20170224ARTFIG00323-pascal-bruckner-l-affaire-du-bondy-blog-est-le-titanic-de-la-gauche-branchee.php?utm_medium=Social&amp;xtor=AL-155-[twitter]&amp;utm_campaign=Echobox&amp;utm_source=Twitter&amp;utm_term=Autofeed#link_time=1487961969\">LE FIGARO<\/a><\/p>\n<\/div>\n","protected":false},"excerpt":{"rendered":"<p>Par Alexis Feertchak FIGAROVOX\/GRAND ENTRETIEN &#8211; Le philosophe et essayiste r\u00e9agit \u00e0 la r\u00e9v\u00e9lation des tweets haineux du chroniqueur du Bondy Blog, Mehdi Meklat. L&rsquo;auteur d&rsquo;Un racisme imaginaire d\u00e9nonce \u00e9galement la motion d&rsquo;une d\u00e9put\u00e9e canadienne visant \u00e0 condamner l&rsquo;islamophobie. Pascal Bruckner est philosophe, essayiste et romancier. Il a derni\u00e8rement publi\u00e9 La Sagesse de l&rsquo;argent (\u00e9d.<\/p>\n","protected":false},"author":152,"featured_media":18077,"comment_status":"open","ping_status":"open","sticky":false,"template":"","format":"standard","meta":{"_uf_show_specific_survey":0,"_uf_disable_surveys":false,"footnotes":""},"categories":[37],"tags":[],"class_list":{"0":"post-18074","1":"post","2":"type-post","3":"status-publish","4":"format-standard","5":"has-post-thumbnail","7":"category-alaune-fr"},"aioseo_notices":[],"_links":{"self":[{"href":"https:\/\/middleeasttransparent.com\/fr\/wp-json\/wp\/v2\/posts\/18074","targetHints":{"allow":["GET"]}}],"collection":[{"href":"https:\/\/middleeasttransparent.com\/fr\/wp-json\/wp\/v2\/posts"}],"about":[{"href":"https:\/\/middleeasttransparent.com\/fr\/wp-json\/wp\/v2\/types\/post"}],"author":[{"embeddable":true,"href":"https:\/\/middleeasttransparent.com\/fr\/wp-json\/wp\/v2\/users\/152"}],"replies":[{"embeddable":true,"href":"https:\/\/middleeasttransparent.com\/fr\/wp-json\/wp\/v2\/comments?post=18074"}],"version-history":[{"count":0,"href":"https:\/\/middleeasttransparent.com\/fr\/wp-json\/wp\/v2\/posts\/18074\/revisions"}],"wp:featuredmedia":[{"embeddable":true,"href":"https:\/\/middleeasttransparent.com\/fr\/wp-json\/wp\/v2\/media\/18077"}],"wp:attachment":[{"href":"https:\/\/middleeasttransparent.com\/fr\/wp-json\/wp\/v2\/media?parent=18074"}],"wp:term":[{"taxonomy":"category","embeddable":true,"href":"https:\/\/middleeasttransparent.com\/fr\/wp-json\/wp\/v2\/categories?post=18074"},{"taxonomy":"post_tag","embeddable":true,"href":"https:\/\/middleeasttransparent.com\/fr\/wp-json\/wp\/v2\/tags?post=18074"}],"curies":[{"name":"wp","href":"https:\/\/api.w.org\/{rel}","templated":true}]}}