{"id":180485,"date":"2025-01-06T22:46:03","date_gmt":"2025-01-06T21:46:03","guid":{"rendered":"https:\/\/middleeasttransparent.com\/?p=180485"},"modified":"2025-01-06T22:46:03","modified_gmt":"2025-01-06T21:46:03","slug":"les-druzes-de-souweida-cherchent-leur-place-dans-la-syrie-post-al-assad","status":"publish","type":"post","link":"https:\/\/middleeasttransparent.com\/fr\/les-druzes-de-souweida-cherchent-leur-place-dans-la-syrie-post-al-assad\/","title":{"rendered":"Les Druzes de Souwe\u00efda cherchent leur place dans la Syrie post-Al-Assad"},"content":{"rendered":"<p>&nbsp;<\/p>\n<section class=\"article__cover\"><\/section>\n<section class=\"article__heading\">\n<div class=\"article__header-wrap\">\n<h1 class=\"article__title\"><\/h1>\n<p><strong><span class=\"meta__authors meta__authors--longform\"> Par\u00a0<a class=\"article__author-link\" href=\"\/signataires\/eliott-brachet\/\">Eliott Brachet<\/a>\u00a0<span class=\"author__desc author__desc--header\">(Souwe\u00efda (Syrie), envoy\u00e9 sp\u00e9cial)<\/span>\u00a0<\/span><\/strong><\/p>\n<\/div>\n<div class=\"article__header-wrap\">\n<section class=\"article__info\">\n<section class=\"article__stand-first\">\n<h3 class=\"article__desc\"><span style=\"color: #666699;\">La province, fief d\u2019une minorit\u00e9 qui compte pour 3 % de la population syrienne, a \u00e9t\u00e9 relativement pr\u00e9serv\u00e9e de la guerre qui a ravag\u00e9 le pays. Aujourd\u2019hui, les habitants attendent de se faire une id\u00e9e de la \u00ab v\u00e9ritable nature \u00bb du nouveau pouvoir de Damas, domin\u00e9 par les islamistes de HTC.<\/span><\/h3>\n<p>&nbsp;<\/p>\n<\/section>\n<p>&nbsp;<\/p>\n<\/section>\n<\/div>\n<\/section>\n<section class=\"article__content \">\n<p class=\"article__paragraph article__paragraph--lf\">Portant toge noire et toque blanche, des chefs religieux d\u00e9filent solennellement devant l\u2019imposante demeure de la plus haute autorit\u00e9 des Druzes de Syrie. Le cheikh Hikmat Al-Hijri habite une maison perch\u00e9e sur la colline de Qanaouat, \u00e0 quelques encablures de la ville de Souwe\u00efda, fief de cette minorit\u00e9 religieuse qui pratique un culte \u00e9sot\u00e9rique d\u00e9riv\u00e9 de l\u2019islam chiite et repr\u00e9sente pr\u00e8s de 3\u00a0% de la population syrienne. Trois semaines apr\u00e8s la chute de Bachar Al-Assad, c\u2019est un ballet ininterrompu de voitures aux vitres teint\u00e9es, de chefs de clan et de repr\u00e9sentants de faction arm\u00e9e, qui s\u2019\u00e9broue sous ses fen\u00eatres.<\/p>\n<p class=\"article__paragraph article__paragraph--lf\">Dans la cour, l\u2019heure est \u00e0 la c\u00e9l\u00e9bration. Des hommes dansent en ronde au rythme des <em>jawfiyya<\/em>, des chants guerriers, brandissant le drapeau des \u00ab\u00a0cinq fronti\u00e8res\u00a0\u00bb, \u00e9tendard de cette communaut\u00e9 qui s\u2019\u00e9tend sur la Syrie, le Liban, la Jordanie et Isra\u00ebl. A l\u2019int\u00e9rieur, les d\u00e9l\u00e9gations sont re\u00e7ues dans les <em>madafah<\/em> (salles de r\u00e9ception) du cheikh, devenues des salons tr\u00e8s politiques. A la suite de l\u2019effondrement du r\u00e9gime syrien et de ses institutions, accapar\u00e9es pendant des d\u00e9cennies par le puissant parti Baas, c\u2019est ici que se discute en partie l\u2019avenir de la r\u00e9gion de Souwe\u00efda.<\/p>\n<figure class=\"article__media article__media--wide\"><img fetchpriority=\"high\" class=\"loaded\" srcset=\" https:\/\/img.lemde.fr\/2025\/01\/05\/0\/0\/5462\/3641\/1920\/0\/75\/0\/5f435b5_1736093464432-dsc08530.jpg 1x, https:\/\/img.lemde.fr\/2025\/01\/05\/0\/0\/5462\/3641\/3840\/0\/45\/0\/5f435b5_1736093464432-dsc08530.jpg 2x, https:\/\/img.lemde.fr\/2025\/01\/05\/0\/0\/5462\/3641\/5760\/0\/45\/0\/5f435b5_1736093464432-dsc08530.jpg 3x, https:\/\/img.lemde.fr\/2025\/01\/05\/0\/0\/5462\/3641\/7680\/0\/45\/0\/5f435b5_1736093464432-dsc08530.jpg 4x\" alt=\"Le cheikh Hikmat Al-Hijri, l'une des figures de la communaut\u00e9 druze de Souwe\u00efda (Syrie), le 25\u00a0d\u00e9cembre\u00a02024.\" width=\"664\" height=\"443\" data-srcset=\" https:\/\/img.lemde.fr\/2025\/01\/05\/0\/0\/5462\/3641\/1920\/0\/75\/0\/5f435b5_1736093464432-dsc08530.jpg 1x, https:\/\/img.lemde.fr\/2025\/01\/05\/0\/0\/5462\/3641\/3840\/0\/45\/0\/5f435b5_1736093464432-dsc08530.jpg 2x, https:\/\/img.lemde.fr\/2025\/01\/05\/0\/0\/5462\/3641\/5760\/0\/45\/0\/5f435b5_1736093464432-dsc08530.jpg 3x, https:\/\/img.lemde.fr\/2025\/01\/05\/0\/0\/5462\/3641\/7680\/0\/45\/0\/5f435b5_1736093464432-dsc08530.jpg 4x\" data-was-processed=\"true\" \/><noscript><img decoding=\"async\" src=\"https:\/\/img.lemde.fr\/2025\/01\/05\/0\/0\/5462\/3641\/1920\/0\/75\/0\/5f435b5_1736093464432-dsc08530.jpg\" alt=\"Le cheikh Hikmat Al-Hijri, l&#039;une des figures de la communaut\u00e9 druze de Souwe\u00efda (Syrie), le 25\u00a0d\u00e9cembre\u00a02024.\"><\/noscript><figcaption class=\"article__legend\" aria-hidden=\"true\">Le cheikh Hikmat Al-Hijri, l&rsquo;une des figures de la communaut\u00e9 druze de Souwe\u00efda (Syrie), le 25\u00a0d\u00e9cembre\u00a02024. <span class=\"article__credit\" aria-hidden=\"true\">ABDULMONAM EASSA POUR \u00ab\u00a0LE MONDE\u00a0\u00bb<\/span><\/figcaption><\/figure>\n<section class=\"catcher catcher--favoris\">\n<div class=\"catcher__favorite\"><\/div>\n<\/section>\n<p class=\"article__paragraph article__paragraph--lf\"><em>\u00ab\u00a0Cette p\u00e9riode est cruciale. Elle doit r\u00e9unir tous les Syriens pour construire un Etat de toutes les couleurs, respectant toutes ses communaut\u00e9s\u00a0\u00bb<\/em>, d\u00e9clare le cheikh Hikmat Al-Hijri, \u00e2g\u00e9 de 69\u00a0ans, qui assure \u00eatre en relation quotidienne avec\u00a0tous les acteurs de la transition. <em>\u00ab\u00a0Maintenant que le r\u00e9gime est tomb\u00e9, il y a un vide, tout est \u00e0 repenser. <strong>Nous appartenons \u00e0 la Syrie et \u00e0 sa terre, mais nous souhaitons l\u2019av\u00e8nement d\u2019un Etat d\u00e9centralis\u00e9 et civil, c\u2019est la seule solution<\/strong>\u00a0\u00bb<\/em>, explique le chef religieux \u00e0 la longue barbe blanche. Sous la surveillance \u00e9troite de soldats encagoul\u00e9s, il a re\u00e7u, le 25\u00a0d\u00e9cembre\u00a02024, une d\u00e9l\u00e9gation venue de Damas, men\u00e9e par Machour Al-Masalmeh, conseiller politique de Hayat Tahrir Al-Cham (HTC, groupe islamiste dont le chef, Ahmed Al-Charaa, est le nouvel homme fort de la Syrie) pour les r\u00e9gions du Sud, afin d\u2019\u00e9voquer la gouvernance de la province.<\/p>\n<h2 class=\"article__sub-title\">Un statut particulier<\/h2>\n<p class=\"article__paragraph article__paragraph--lf\"><em>\u00ab\u00a0Nous avons ici des cadres tr\u00e8s bien form\u00e9s qui sont en mesure d\u2019administrer la r\u00e9gion\u00a0\u00bb<\/em>, assure le cheikh, soucieux que Souwe\u00efda conserve les coud\u00e9es franches face au pouvoir naissant. <em>\u00ab\u00a0Nous donnons leur chance aux nouvelles autorit\u00e9s.<strong> Leurs paroles sont bonnes, mais nous attendons les actes. Pour le moment, le gouvernement provisoire n\u2019a pas de l\u00e9gitimit\u00e9 populaire<\/strong>. Pendant ces trois mois, il doit assurer les affaires courantes, ensuite, nous devrons \u00eatre partie prenante pour la prochaine phase de transition et l\u2019adoption d\u2019une nouvelle Constitution\u00a0\u00bb<\/em>, avertit le cheikh Al-Hijri, qui appelle la communaut\u00e9 internationale \u00e0 se porter garante\u00a0d\u2019un <em>\u00ab\u00a0processus inclusif\u00a0\u00bb<\/em>.<\/p>\n<figure class=\"article__media article__media--default \"><img class=\"loaded\" srcset=\" https:\/\/img.lemde.fr\/2025\/01\/05\/0\/0\/7952\/5304\/630\/0\/75\/0\/694c4ee_1736093643814-abd00337.jpg 1x, https:\/\/img.lemde.fr\/2025\/01\/05\/0\/0\/7952\/5304\/1260\/0\/45\/0\/694c4ee_1736093643814-abd00337.jpg 2x\" alt=\"Des repr\u00e9sentants de Hayat Tahrir Al-Cham quittent une r\u00e9union tenue chez le cheikh Hikmat Al-Hijri, \u00e0 Souwe\u00efda (Syrie), le 25\u00a0d\u00e9cembre\u00a02024.\" width=\"664\" height=\"443\" data-srcset=\" https:\/\/img.lemde.fr\/2025\/01\/05\/0\/0\/7952\/5304\/630\/0\/75\/0\/694c4ee_1736093643814-abd00337.jpg 1x, https:\/\/img.lemde.fr\/2025\/01\/05\/0\/0\/7952\/5304\/1260\/0\/45\/0\/694c4ee_1736093643814-abd00337.jpg 2x\" data-was-processed=\"true\" \/><noscript><img decoding=\"async\" src=\"https:\/\/img.lemde.fr\/2025\/01\/05\/0\/0\/7952\/5304\/630\/0\/75\/0\/694c4ee_1736093643814-abd00337.jpg\" alt=\"Des repr\u00e9sentants de Hayat Tahrir Al-Cham quittent une r\u00e9union tenue chez le cheikh Hikmat Al-Hijri, \u00e0 Souwe\u00efda (Syrie), le 25\u00a0d\u00e9cembre\u00a02024.\"><\/noscript><figcaption class=\"article__legend\" aria-hidden=\"true\">Des repr\u00e9sentants de Hayat Tahrir Al-Cham quittent une r\u00e9union tenue chez le cheikh Hikmat Al-Hijri, \u00e0 Souwe\u00efda (Syrie), le 25\u00a0d\u00e9cembre\u00a02024. <span class=\"article__credit\" aria-hidden=\"true\"><span class=\"article__credit\" aria-hidden=\"true\">ABDULMONAM EASSA POUR \u00ab\u00a0LE MONDE\u00a0\u00bb<\/span><\/span>\u00a0<\/figcaption><\/figure>\n<p class=\"article__paragraph article__paragraph--lf\">A une centaine de kilom\u00e8tres au sud de Damas, nich\u00e9e dans des montagnes parsem\u00e9es de pommiers et de vignes, la province de Souwe\u00efda a \u00e9t\u00e9 relativement pr\u00e9serv\u00e9e de la guerre qui a ravag\u00e9 le reste du pays sous le r\u00e8gne de Bachar Al-Assad. Jouissant d\u2019un statut particulier, entre autonomie et marginalisation, la r\u00e9gion a v\u00e9cu presque referm\u00e9e sur elle-m\u00eame. D\u00e8s 2011, les premi\u00e8res manifestations qui y \u00e9clatent sont rapidement \u00e9touff\u00e9es par le r\u00e9gime qui s\u2019appuie sur certaines autorit\u00e9s locales loyalistes. A l\u2019instar de certains officiers qui ont \u00e9t\u00e9 parmi les premiers \u00e0 d\u00e9serter l\u2019arm\u00e9e du r\u00e9gime et d\u2019autres qui lui sont rest\u00e9s fid\u00e8les jusqu\u2019au bout, la communaut\u00e9 druze s\u2019est divis\u00e9e face \u00e0 la r\u00e9volution.<\/p>\n<section class=\"catcher catcher--favoris\">\n<div class=\"catcher__favorite\"><\/div>\n<\/section>\n<p class=\"article__paragraph article__paragraph--lf\">&#8230;&#8230;&#8230;&#8230;&#8230;&#8230;&#8230;&#8230;..<\/p>\n<p>&#8230;&#8230;&#8230;&#8230;&#8230;&#8230;&#8230;&#8230;&#8230;.<\/p>\n<h2 class=\"article__sub-title\">Des \u00ab\u00a0m\u00e9canismes de division sectaire\u00a0\u00bb<\/h2>\n<p class=\"article__paragraph article__paragraph--lf\"><strong>Fin 2024, alors que le pouvoir d\u2019Al-Assad faiblit, ces factions arm\u00e9es de Souwe\u00efda prennent langue avec une coalition de groupes rebelles du sud de la Syrie, se pr\u00e9parant \u00e0 un potentiel changement de r\u00e9gime \u00e0 Damas. <em>\u00ab\u00a0On s\u2019est coordonn\u00e9s en secret. Une fois la ville d\u2019Alep tomb\u00e9e, nous avons form\u00e9 la Chambre des op\u00e9rations du Sud, puis, le 7\u00a0d\u00e9cembre, nous avons lib\u00e9r\u00e9 notre r\u00e9gion pendant que nos alli\u00e9s marchaient sur la capitale\u00a0\u00bb<\/em>,<\/strong> d\u00e9taille <strong>Chakib Azzam, commandant en chef de Liwa Al-Jaba<\/strong>l, la \u00ab\u00a0brigade de la montagne\u00a0\u00bb, qui revendique <strong>7\u00a0000\u00a0combattants.<\/strong><\/p>\n<figure class=\"article__media article__media--default \"><img class=\"loaded\" srcset=\" https:\/\/img.lemde.fr\/2025\/01\/05\/0\/0\/7952\/5304\/630\/0\/75\/0\/c992015_1736093643849-abd00179.jpg 1x, https:\/\/img.lemde.fr\/2025\/01\/05\/0\/0\/7952\/5304\/1260\/0\/45\/0\/c992015_1736093643849-abd00179.jpg 2x\" alt=\"Des combattants de la ville gardent un b\u00e2timent administratif, \u00e0 Souwe\u00efda (Syrie), le 24\u00a0d\u00e9cembre\u00a02024.\" width=\"664\" height=\"443\" data-srcset=\" https:\/\/img.lemde.fr\/2025\/01\/05\/0\/0\/7952\/5304\/630\/0\/75\/0\/c992015_1736093643849-abd00179.jpg 1x, https:\/\/img.lemde.fr\/2025\/01\/05\/0\/0\/7952\/5304\/1260\/0\/45\/0\/c992015_1736093643849-abd00179.jpg 2x\" data-was-processed=\"true\" \/><noscript><img decoding=\"async\" src=\"https:\/\/img.lemde.fr\/2025\/01\/05\/0\/0\/7952\/5304\/630\/0\/75\/0\/c992015_1736093643849-abd00179.jpg\" alt=\"Des combattants de la ville gardent un b\u00e2timent administratif, \u00e0 Souwe\u00efda (Syrie), le 24\u00a0d\u00e9cembre\u00a02024.\"><\/noscript><figcaption class=\"article__legend\" aria-hidden=\"true\">Des combattants de la ville gardent un b\u00e2timent administratif, \u00e0 Souwe\u00efda (Syrie), le 24\u00a0d\u00e9cembre\u00a02024. <span class=\"article__credit\" aria-hidden=\"true\">ABDULMONAM EASSA POUR \u00ab\u00a0LE MONDE\u00a0\u00bb<\/span><\/figcaption><\/figure>\n<p class=\"article__paragraph article__paragraph--lf\">Dans leur quartier g\u00e9n\u00e9ral du centre-ville, gard\u00e9 par des pick-up surmont\u00e9s de mitrailleuses lourdes, ces combattants druzes, ainsi que d\u2019autres factions de la province, comme la puissante <strong>\u00ab\u00a0brigade des hommes de la dignit\u00e9\u00a0\u00bb<\/strong>, refusent pour le moment de plier le genou face aux nouvelles autorit\u00e9s. A Damas, Ahmed Al-Charaa avait pourtant annonc\u00e9, le 24\u00a0d\u00e9cembre\u00a02024, un accord en vue de l\u2019int\u00e9gration de tous les groupes arm\u00e9s sous un commandement unifi\u00e9 d\u00e9pendant du minist\u00e8re de la d\u00e9fense. Les Druzes de Souwe\u00efda, tout comme les Kurdes dans le nord-est du pays, font pour le moment exception.<\/p>\n<section class=\"catcher catcher--favoris\">\n<div class=\"catcher__favorite\"><\/div>\n<\/section>\n<p class=\"article__paragraph article__paragraph--lf\"><strong><em>\u00ab\u00a0On ne sait pas encore quelle est la v\u00e9ritable nature de ce nouveau pouvoir. On se m\u00e9fie. Ils ont une longue histoire de radicalit\u00e9\u00a0\u00bb<\/em><\/strong>, poursuit Chakib Azzam, qui rappelle que la r\u00e9gion a connu les coups de boutoir du Front Al-Nosra et, surtout, de l\u2019organisation Etat islamique, en\u00a02018. <em>\u00ab\u00a0En tant que minorit\u00e9, nous sommes un cas particulier. On ne d\u00e9posera pas les armes pour le moment. C\u2019est notre ligne rouge. On ne les rendra qu\u2019\u00e0 long terme, si on consid\u00e8re que l\u2019Etat est en mesure de bien gouverner les Syriens\u00a0\u00bb<\/em>, affirme le commandant. Premier signe de tension,<strong> le 1<sup>er<\/sup>\u00a0janvier, des factions druzes ont interdit l\u2019acc\u00e8s de la province \u00e0 un convoi de v\u00e9hicules de la police, envoy\u00e9 de Damas par le gouvernement.<\/strong> Si les autorit\u00e9s locales assurent que l\u2019incident est d\u00fb \u00e0 un <em>\u00ab\u00a0manque de coordination\u00a0\u00bb<\/em>, d\u2019autres y voient les pr\u00e9mices d\u2019une fronde.<\/p>\n<figure class=\"article__media article__media--default \"><img loading=\"lazy\" class=\"loaded\" srcset=\" https:\/\/img.lemde.fr\/2025\/01\/05\/0\/0\/6000\/4000\/630\/0\/75\/0\/38da0c5_1736093464431-dsc08559.jpg 1x, https:\/\/img.lemde.fr\/2025\/01\/05\/0\/0\/6000\/4000\/1260\/0\/45\/0\/38da0c5_1736093464431-dsc08559.jpg 2x\" alt=\"Bachar Soureiwy, un militant politique de Souwe\u00efda (Syrie), le 25\u00a0d\u00e9cembre\u00a02024.\" width=\"664\" height=\"443\" data-srcset=\" https:\/\/img.lemde.fr\/2025\/01\/05\/0\/0\/6000\/4000\/630\/0\/75\/0\/38da0c5_1736093464431-dsc08559.jpg 1x, https:\/\/img.lemde.fr\/2025\/01\/05\/0\/0\/6000\/4000\/1260\/0\/45\/0\/38da0c5_1736093464431-dsc08559.jpg 2x\" data-was-processed=\"true\" \/><noscript><img decoding=\"async\" src=\"https:\/\/img.lemde.fr\/2025\/01\/05\/0\/0\/6000\/4000\/630\/0\/75\/0\/38da0c5_1736093464431-dsc08559.jpg\" alt=\"Bachar Soureiwy, un militant politique de Souwe\u00efda (Syrie), le 25\u00a0d\u00e9cembre\u00a02024.\"><\/noscript><figcaption class=\"article__legend\" aria-hidden=\"true\">Bachar Soureiwy, un militant politique de Souwe\u00efda (Syrie), le 25\u00a0d\u00e9cembre\u00a02024. <span class=\"article__credit\" aria-hidden=\"true\">ABDULMONAM EASSA POUR \u00ab\u00a0LE MONDE\u00a0\u00bb<\/span><\/figcaption><\/figure>\n<p class=\"article__paragraph article__paragraph--lf\">A Souwe\u00efda, comme dans le reste du pays, les autorit\u00e9s de transition n\u2019ont pris contact qu\u2019avec les chefs traditionnels. <em>\u00ab<strong>\u00a0Il est n\u00e9cessaire qu\u2019elles s\u2019adressent aussi \u00e0 la soci\u00e9t\u00e9 civile, pas juste aux groupes arm\u00e9s et aux \u00e9lites religieuses\u00a0\u00bb<\/strong><\/em>, d\u00e9nonce Bachar Soureiwy, membre du Mouvement politique de la jeunesse \u00e0 Souwe\u00efda. <em>\u00ab\u00a0Ces m\u00e9canismes de division sectaires, instaur\u00e9s par le r\u00e9gime destitu\u00e9, doivent cesser d\u2019exister. Nous militons pour que toutes les factions rendent leurs armes. Il faut reconstruire une arm\u00e9e nationale. Nous refusons l\u2019id\u00e9e de f\u00e9d\u00e9ralisme, de division du pays. Nous devons poser les bases d\u2019un nouvel Etat, fond\u00e9 sur la citoyennet\u00e9, pas sur les communaut\u00e9s\u00a0\u00bb<\/em>, poursuit le trentenaire, doctorant en sciences sociales.<\/p>\n<h2 class=\"article__sub-title\">Pour une \u00ab\u00a0Syrie libre, unie, civile et d\u00e9mocratique\u00a0\u00bb<\/h2>\n<p class=\"article__paragraph article__paragraph--lf\">Dans les rues de la ville, la soci\u00e9t\u00e9 civile est en effervescence. Depuis ao\u00fbt\u00a02023, la place de la Dignit\u00e9, dans le centre-ville, \u00e9tait devenue un haut lieu de la contestation antir\u00e9gime. D\u2019abord motiv\u00e9es par la d\u00e9gradation des conditions \u00e9conomiques, les manifestations avaient rapidement pris une tournure politique, r\u00e9clamant la chute du r\u00e9gime. D\u00e9sormais, la jeune g\u00e9n\u00e9ration militante de la province entend bien continuer \u00e0 faire entendre sa voix, en se rassemblant chaque semaine sur la place.<\/p>\n<\/section>\n<p>&#8230;&#8230;&#8230;&#8230;&#8230;&#8230;.<\/p>\n<p>&#8230;&#8230;&#8230;&#8230;&#8230;&#8230;..<\/p>\n<section class=\"article__content \">\n<figure class=\"article__media article__media--default \"><\/figure>\n<\/section>\n<p><a href=\"https:\/\/www.lemonde.fr\/international\/article\/2025\/01\/06\/les-druzes-de-souweida-cherchent-leur-place-dans-la-syrie-post-al-assad_6483408_3210.html\"><strong>LE MONDE<\/strong><\/a><\/p>\n","protected":false},"excerpt":{"rendered":"<p>&nbsp; Par\u00a0Eliott Brachet\u00a0(Souwe\u00efda (Syrie), envoy\u00e9 sp\u00e9cial)\u00a0 La province, fief d\u2019une minorit\u00e9 qui compte pour 3 % de la population syrienne, a \u00e9t\u00e9 relativement pr\u00e9serv\u00e9e de la guerre qui a ravag\u00e9 le pays. Aujourd\u2019hui, les habitants attendent de se faire une id\u00e9e de la \u00ab v\u00e9ritable nature \u00bb du nouveau pouvoir de Damas, domin\u00e9 par les<\/p>\n","protected":false},"author":3316,"featured_media":180490,"comment_status":"open","ping_status":"open","sticky":false,"template":"","format":"standard","meta":{"_uf_show_specific_survey":0,"_uf_disable_surveys":false,"footnotes":""},"categories":[37],"tags":[],"class_list":{"0":"post-180485","1":"post","2":"type-post","3":"status-publish","4":"format-standard","5":"has-post-thumbnail","7":"category-alaune-fr"},"aioseo_notices":[],"_links":{"self":[{"href":"https:\/\/middleeasttransparent.com\/fr\/wp-json\/wp\/v2\/posts\/180485","targetHints":{"allow":["GET"]}}],"collection":[{"href":"https:\/\/middleeasttransparent.com\/fr\/wp-json\/wp\/v2\/posts"}],"about":[{"href":"https:\/\/middleeasttransparent.com\/fr\/wp-json\/wp\/v2\/types\/post"}],"author":[{"embeddable":true,"href":"https:\/\/middleeasttransparent.com\/fr\/wp-json\/wp\/v2\/users\/3316"}],"replies":[{"embeddable":true,"href":"https:\/\/middleeasttransparent.com\/fr\/wp-json\/wp\/v2\/comments?post=180485"}],"version-history":[{"count":0,"href":"https:\/\/middleeasttransparent.com\/fr\/wp-json\/wp\/v2\/posts\/180485\/revisions"}],"wp:featuredmedia":[{"embeddable":true,"href":"https:\/\/middleeasttransparent.com\/fr\/wp-json\/wp\/v2\/media\/180490"}],"wp:attachment":[{"href":"https:\/\/middleeasttransparent.com\/fr\/wp-json\/wp\/v2\/media?parent=180485"}],"wp:term":[{"taxonomy":"category","embeddable":true,"href":"https:\/\/middleeasttransparent.com\/fr\/wp-json\/wp\/v2\/categories?post=180485"},{"taxonomy":"post_tag","embeddable":true,"href":"https:\/\/middleeasttransparent.com\/fr\/wp-json\/wp\/v2\/tags?post=180485"}],"curies":[{"name":"wp","href":"https:\/\/api.w.org\/{rel}","templated":true}]}}