{"id":180427,"date":"2025-01-05T22:22:38","date_gmt":"2025-01-05T21:22:38","guid":{"rendered":"https:\/\/middleeasttransparent.com\/?p=180427"},"modified":"2025-01-05T22:23:36","modified_gmt":"2025-01-05T21:23:36","slug":"que-va-t-il-rester-du-soudan-en-2025","status":"publish","type":"post","link":"https:\/\/middleeasttransparent.com\/fr\/que-va-t-il-rester-du-soudan-en-2025\/","title":{"rendered":"Que va-t-il rester du Soudan en\u00a02025\u00a0?"},"content":{"rendered":"<header class=\"article__header article__header--opinion \">\n<section class=\"article__authors\">\n<section class=\"article__author-description \">\n<p class=\"article__author-job\">\n<\/section>\n<\/section>\n<h3 class=\"article__desc article__desc--opinion\"><span style=\"color: #666699;\">La catastrophe humanitaire qui ravage le pays ne pourra \u00eatre endigu\u00e9e que par un accord politique impliquant les forces civiles, au lieu d\u2019\u00eatre limit\u00e9 aux seigneurs de la guerre qui s\u2019entred\u00e9chirent depuis avril\u00a02023, estime Jean-Pierre Filiu dans sa chronique.<\/span><\/h3>\n<p>&nbsp;<\/p>\n<div class=\"share-btns meta meta__social meta__social--opinion meta__social--gift\">\n<div class=\"lmd-relative\"><\/div>\n<\/div>\n<p class=\"article__status article__status--opinion\">\n<\/header>\n<section class=\"article__wrapper article__wrapper--premium \">\n<article class=\"article__content old__article-content-single\">\n<figure class=\"article__media\"><noscript> <img decoding=\"async\" src=\"https:\/\/img.lemde.fr\/2024\/12\/29\/0\/0\/3200\/2133\/664\/0\/75\/0\/b41cb8c_5615671-01-06.jpg\" alt=\"Abdel Fattah Al-Bourhane, le chef des Forces arm\u00e9es soudanaises, \u00e0 Port-Soudan (Soudan), le 29\u00a0d\u00e9cembre 2024.\"> <\/noscript><figcaption class=\"article__legend\" aria-hidden=\"true\"><\/figcaption><\/figure>\n<p class=\"article__paragraph \"><span class=\"article__inner\">L<\/span>e peuple soudanais avait donn\u00e9 une le\u00e7on de d\u00e9mocratie au monde entier en renversant par un soul\u00e8vement pacifique, en avril\u00a02019, la dictature d\u2019Omar Al-Bachir, au pouvoir depuis trente ans (et accus\u00e9 par la Cour p\u00e9nale internationale d\u2019avoir commis \u00e0 partir de 2003 un \u00ab\u00a0<em>g\u00e9nocide<\/em>\u00a0\u00bb au Darfour). Une telle transition d\u00e9mocratique fut pourtant <a href=\"https:\/\/www.lemonde.fr\/un-si-proche-orient\/article\/2023\/04\/30\/au-soudan-le-mythe-arabe-de-la-stabilite-contre-revolutionnaire-a-vole-en-eclat_6171577_6116995.html\">interrompue, en octobre\u00a02021, par un putsch<\/a> perp\u00e9tr\u00e9 par les g\u00e9n\u00e9raux Abdel Fattah Al-Bourhane, \u00e0 la t\u00eate des Forces arm\u00e9es soudanaises (FAS), et Hamdan Daglo, dit \u00ab\u00a0Hemetti\u00a0\u00bb, chef des Forces de soutien rapide (FSR).<\/p>\n<p class=\"article__paragraph \">Mais les deux putschistes, incapables de concilier leurs ambitions d\u00e9vorantes, s\u2019affrontent depuis avril\u00a02023 dans une guerre d\u2019autant plus impitoyable que, <a href=\"https:\/\/www.lemonde.fr\/un-si-proche-orient\/article\/2023\/07\/30\/au-soudan-il-y-a-non-assistance-a-peuple-en-danger_6183879_6116995.html\">partie de la capitale, Khartoum<\/a>, elle s\u2019est progressivement \u00e9tendue dans le pays. Les victimes civiles se comptent d\u2019ores et d\u00e9j\u00e0 par dizaines de milliers, notamment au Darfour, o\u00f9 la progression des FSR, elles-m\u00eames issues des milices g\u00e9nocidaires de 2003, s\u2019accompagne de <a href=\"https:\/\/www.lemonde.fr\/un-si-proche-orient\/article\/2023\/05\/21\/la-nouvelle-tragedie-du-darfour_6174195_6116995.html\">carnages \u00e0 l\u2019encontre de la population non-arabe<\/a>.<\/p>\n<h2 class=\"article__sub-title\">Le prix de l\u2019internationalisation<\/h2>\n<p class=\"article__paragraph \">Le Soudan int\u00e9resse peu la communaut\u00e9 internationale, \u00e0 l\u2019exception, malheureusement, des puissances oppos\u00e9es \u00e0 l\u2019enracinement d\u2019une alternative d\u00e9mocratique \u00e0 Khartoum. C\u2019est ainsi que l\u2019Egypte, l\u2019Arabie saoudite et les Emirats arabes unis, dans la lign\u00e9e de leur engagement contre-r\u00e9volutionnaire \u00e0 la fois constant et implacable, avaient uni leurs forces pour soutenir le putsch de 2021. Mais la \u00ab\u00a0guerre des g\u00e9n\u00e9raux\u00a0\u00bb qui \u00e9clate un an et demi plus tard divise profond\u00e9ment le trio pro-putschiste.<\/p>\n<p class=\"article__paragraph \">Mohammed Ben Salman, le dirigeant de fait de l\u2019Arabie saoudite, se veut ostensiblement neutre entre les bellig\u00e9rants, ce qui lui permet de collaborer avec Joe Biden et son administration \u00e0 des efforts d\u2019apaisement tous rest\u00e9s sans effet (Riyad et Washington appr\u00e9cient d\u2019autant plus cette collaboration, m\u00eame inaboutie, que leur grand dossier bilat\u00e9ral, soit la normalisation entre le royaume saoudien et Isra\u00ebl, est bloqu\u00e9 par le conflit toujours en cours \u00e0 Gaza). Quant \u00e0 Abdel Fattah Al-Sissi, le pr\u00e9sident \u00e9gyptien, son soutien initial aux FAS s\u2019est temp\u00e9r\u00e9 du fait du retour de personnalit\u00e9s islamistes, \u00e9cart\u00e9es par la r\u00e9volution de 2019, dans l\u2019entourage d\u2019Al-Bourhane.<\/p>\n<p class=\"article__paragraph \">Seul Mohammed Ben Zayed, le pr\u00e9sident \u00e9mirati, continue d\u2019apporter un soutien aussi substantiel qu\u2019inconditionnel aux FSR, qui contr\u00f4lent d\u00e9sormais une bonne partie de la capitale et du Darfour (c\u2019est <a href=\"https:\/\/www.lemonde.fr\/afrique\/article\/2024\/10\/11\/clement-deshayes-anthropologue-le-conflit-au-soudan-constitue-la-plus-grave-crise-humanitaire-au-monde_6349399_3212.html\">sur le march\u00e9 de Duba\u00ef que les FSR \u00e9coulent<\/a> depuis longtemps l\u2019or extrait des mines du Darfour). Il pousse m\u00eame \u00ab\u00a0Hemetti\u00a0\u00bb \u00e0 essayer de s\u2019emparer d\u2019El-Fasher, la seule ville d\u2019importance qui \u00e9chappe encore aux FSR dans le Darfour, <a href=\"https:\/\/www.lemonde.fr\/afrique\/article\/2024\/09\/23\/guerre-au-soudan-au-darfour-la-ville-d-el-fasher-ravagee-par-les-combats_6329336_3212.html\">au prix d\u2019un si\u00e8ge aux cons\u00e9quences \u00e9pouvantables<\/a>.<\/p>\n<p class=\"article__paragraph \">Ce jusqu\u2019au-boutisme des Emirats arabes unis contraste avec la relative prudence de leur partenaire russe, qui conjugue ses relations officielles avec les FAS (dans la perspective de l\u2019octroi d\u2019une base navale \u00e0 Port-Soudan, sur la mer Rouge) \u00e0 la <a href=\"https:\/\/www.lemonde.fr\/un-si-proche-orient\/article\/2022\/05\/22\/le-soudan-laboratoire-de-l-expansion-russe-en-afrique_6127183_6116995.html\">coop\u00e9ration avec les FSR de mercenaires<\/a> issus de l\u2019ancien groupe Wagner. Une telle coop\u00e9ration avait conduit les services ukrainiens \u00e0 <a href=\"https:\/\/www.lemonde.fr\/videos\/video\/2023\/11\/19\/quand-les-forces-speciales-ukrainiennes-combattent-des-mercenaires-russes-de-wagner-au-soudan_6201120_1669088.html\">collaborer ponctuellement avec les FAS<\/a> contre les FSR, \u00e0 l\u2019automne 2023, une intervention demeur\u00e9e sans lendemain.<\/p>\n<h2 class=\"article__sub-title\">Une catastrophe humanitaire<\/h2>\n<p class=\"article__paragraph \">Ces diff\u00e9rentes ing\u00e9rences internationales ont \u00e9t\u00e9 incapables d\u2019endiguer la pouss\u00e9e aux extr\u00eames, voire ont contribu\u00e9, dans le cas des Emirats, \u00e0 l\u2019alimenter directement. La logique de guerre totale qui anime aussi bien les FAS que les FSR a entra\u00een\u00e9 une militarisation croissante de la soci\u00e9t\u00e9 soudanaise, dont les diff\u00e9rentes composantes sont somm\u00e9es de choisir leur camp dans un tel conflit. L\u2019essor de diverses milices, plus ou moins disciplin\u00e9es, permet en outre \u00e0 Al-Bourhane et \u00e0 \u00ab\u00a0Hemetti\u00a0\u00bb de se d\u00e9charger de leur responsabilit\u00e9 personnelle dans la multiplication des exactions.<\/p>\n<p class=\"article__paragraph \">C\u2019est pourtant avec l\u2019un ou l\u2019autre de ces seigneurs de la guerre qu\u2019est n\u00e9goci\u00e9 l\u2019acc\u00e8s humanitaire aux populations martyris\u00e9es, alors qu\u2019elles souffrent pr\u00e9cis\u00e9ment du joug que leur imposent les FAS ou les FSR. C\u2019est ainsi que l\u2019Organisation des Nations unies (ONU) consid\u00e8re qu\u2019Al-Bourhane, au pouvoir depuis le putsch de 2021, est bel et bien le dirigeant l\u00e9gitime du Soudan. Il est d\u2019ailleurs intervenu \u00e0 ce titre, en septembre\u00a02023 et 2024, devant l\u2019Assembl\u00e9e g\u00e9n\u00e9rale de l\u2019ONU (l\u2019Union africaine a, en revanche, <em>\u00ab\u00a0suspendu\u00a0\u00bb<\/em> la participation du Soudan depuis le coup d\u2019Etat de 2021).<\/p>\n<p class=\"article__paragraph \">L\u2019ONU peut de ce fait continuer d\u2019\u00eatre <a href=\"https:\/\/www.lemonde.fr\/afrique\/article\/2024\/11\/20\/guerre-au-soudan-port-soudan-capitale-malgre-elle-et-derniere-fenetre-sur-le-monde_6405445_3212.html\">pr\u00e9sente \u00e0 Port-Soudan<\/a>, le principal d\u00e9bouch\u00e9 maritime du pays, alors qu\u2019elle a d\u00fb \u00e9vacuer Khartoum depuis un an et demi. Elle achemine \u00e9galement de l\u2019aide humanitaire, \u00e0 partir du Tchad, par le passage de Tina, contr\u00f4l\u00e9 par les FAS, alors que beaucoup d\u2019organisations non gouvernementales pr\u00e9f\u00e8rent op\u00e9rer \u00e0 partir de la ville tchadienne d\u2019Adr\u00e9, plus au sud, avec un acc\u00e8s au Soudan tenu par les FSR. Mais ces diff\u00e9rents arrangements humanitaires n\u2019ont pas permis d\u2019enrayer la descente aux enfers du Soudan\u00a0: sur 44\u00a0millions d\u2019habitants, une douzaine de millions ont \u00e9t\u00e9 d\u00e9plac\u00e9s de force, dont pr\u00e8s de trois millions contraints \u00e0 se r\u00e9fugier \u00e0 l\u2019\u00e9tranger, avant tout au Tchad.<\/p>\n<p class=\"article__paragraph \"><a href=\"https:\/\/www.lemonde.fr\/afrique\/article\/2024\/11\/13\/au-soudan-le-front-invisible-de-la-faim-arme-de-guerre-qui-tue-a-petit-feu_6391924_3212.html\">Quant \u00e0 la famine<\/a>, elle menace des zones de plus en plus importantes, du fait de la combinaison d\u00e9vastatrice entre si\u00e8ges et bombardements. Il semble d\u00e8s lors imp\u00e9ratif de ne plus consid\u00e9rer l\u2019enjeu de l\u2019assistance humanitaire comme distinct d\u2019une forme d\u2019accord politique. Alors que les FAS et les FSR ont prouv\u00e9, depuis avril\u00a02023, leur incapacit\u00e9 \u00e0 remporter une victoire militaire, il est urgent de neutraliser la rivalit\u00e9 d\u00e9sastreuse des seigneurs de la guerre en retrouvant la seule perspective d\u2019avenir pour le Soudan\u00a0: celle d\u2019un accord politique laissant toute leur place \u00e0 des forces civiles.<\/p>\n<p class=\"article__paragraph \">Il en va tout simplement de la survie du Soudan en tant que nation en\u00a02025.<\/p>\n<p>&nbsp;<\/p>\n<\/article>\n<p><a href=\"https:\/\/www.lemonde.fr\/un-si-proche-orient\/article\/2025\/01\/05\/que-va-t-il-rester-du-soudan-en-2025_6482122_6116995.html\">LE MONDE<\/a><\/p>\n<\/section>\n","protected":false},"excerpt":{"rendered":"<p>La catastrophe humanitaire qui ravage le pays ne pourra \u00eatre endigu\u00e9e que par un accord politique impliquant les forces civiles, au lieu d\u2019\u00eatre limit\u00e9 aux seigneurs de la guerre qui s\u2019entred\u00e9chirent depuis avril\u00a02023, estime Jean-Pierre Filiu dans sa chronique. &nbsp; Le peuple soudanais avait donn\u00e9 une le\u00e7on de d\u00e9mocratie au monde entier en renversant par<\/p>\n","protected":false},"author":347,"featured_media":180429,"comment_status":"open","ping_status":"open","sticky":false,"template":"","format":"standard","meta":{"_uf_show_specific_survey":0,"_uf_disable_surveys":false,"footnotes":""},"categories":[37],"tags":[],"class_list":{"0":"post-180427","1":"post","2":"type-post","3":"status-publish","4":"format-standard","5":"has-post-thumbnail","7":"category-alaune-fr"},"aioseo_notices":[],"_links":{"self":[{"href":"https:\/\/middleeasttransparent.com\/fr\/wp-json\/wp\/v2\/posts\/180427","targetHints":{"allow":["GET"]}}],"collection":[{"href":"https:\/\/middleeasttransparent.com\/fr\/wp-json\/wp\/v2\/posts"}],"about":[{"href":"https:\/\/middleeasttransparent.com\/fr\/wp-json\/wp\/v2\/types\/post"}],"author":[{"embeddable":true,"href":"https:\/\/middleeasttransparent.com\/fr\/wp-json\/wp\/v2\/users\/347"}],"replies":[{"embeddable":true,"href":"https:\/\/middleeasttransparent.com\/fr\/wp-json\/wp\/v2\/comments?post=180427"}],"version-history":[{"count":0,"href":"https:\/\/middleeasttransparent.com\/fr\/wp-json\/wp\/v2\/posts\/180427\/revisions"}],"wp:featuredmedia":[{"embeddable":true,"href":"https:\/\/middleeasttransparent.com\/fr\/wp-json\/wp\/v2\/media\/180429"}],"wp:attachment":[{"href":"https:\/\/middleeasttransparent.com\/fr\/wp-json\/wp\/v2\/media?parent=180427"}],"wp:term":[{"taxonomy":"category","embeddable":true,"href":"https:\/\/middleeasttransparent.com\/fr\/wp-json\/wp\/v2\/categories?post=180427"},{"taxonomy":"post_tag","embeddable":true,"href":"https:\/\/middleeasttransparent.com\/fr\/wp-json\/wp\/v2\/tags?post=180427"}],"curies":[{"name":"wp","href":"https:\/\/api.w.org\/{rel}","templated":true}]}}