{"id":18016,"date":"2017-02-24T17:06:55","date_gmt":"2017-02-24T16:06:55","guid":{"rendered":"http:\/\/middleeasttransparent.com\/?p=18016"},"modified":"2017-04-14T22:00:15","modified_gmt":"2017-04-14T21:00:15","slug":"syrie-la-guerre-est-terminee-il-faut-revenir-a-la-lutte-politique","status":"publish","type":"post","link":"https:\/\/middleeasttransparent.com\/fr\/syrie-la-guerre-est-terminee-il-faut-revenir-a-la-lutte-politique\/","title":{"rendered":"Syrie\u00a0: \u00ab\u00a0La guerre est termin\u00e9e, il faut revenir \u00e0 la lutte politique\u00a0\u00bb"},"content":{"rendered":"<h3 class=\"tt2\">L\u2019opposant Louay Hussein appelle le camp anti-Assad, vaincu \u00e0 Alep, \u00e0 tourner la page de la lutte arm\u00e9e.<\/h3>\n<p>&nbsp;<\/p>\n<p class=\"bloc_signature\"><span id=\"publisher\" data-source=\"LE MONDE\">LE MONDE<\/span> \u00a0| <span class=\"signature_article\">Propos recueillis par <span class=\"auteur txt2_120\"><strong><a class=\"auteur\" href=\"http:\/\/www.lemonde.fr\/journaliste\/benjamin-barthe\/\" target=\"_blank\">Benjamin Barthe<\/a><\/strong> (Beyrouth, correspondant)<\/span><\/span><\/p>\n<div class=\"toolbar\"><\/div>\n<div id=\"articleBody\" class=\"contenu_article js_article_body\">\n<figure class=\"illustration_haut \"><figcaption class=\"legende\" data-caption=\"Louay Hussein \u00e0 Damas, en juillet 2012.\">Ag\u00e9 de 57 ans, incarc\u00e9r\u00e9 \u00e0 plusieurs reprises par le r\u00e9gime syrien, Louay Hussein a longtemps \u00e9t\u00e9 une figure de l\u2019opposition dite de l\u2019int\u00e9rieur \u2013 un courant critique du <a class=\"lien_interne conjug\" title=\"Conjugaison du verbe pouvoir\" href=\"http:\/\/conjugaison.lemonde.fr\/conjugaison\/troisieme-groupe\/pouvoir\/\" target=\"_blank\">pouvoir<\/a> mais hostile \u00e0 la militarisation du soul\u00e8vement anti-Assad, \u00e0 l\u2019\u00e9gard duquel les autorit\u00e9s usent alternativement de la carotte et du b\u00e2ton. En\u00a02015, apr\u00e8s un s\u00e9jour de quelques mois en prison pour un article d\u00e9non\u00e7ant l\u2019oppression, M.\u00a0Hussein s\u2019est exil\u00e9 en <a class=\"lien_interne rub\" title=\"Toute l\u2019actualit\u00e9 Espagne\" href=\"http:\/\/www.lemonde.fr\/espagne\/\">Espagne<\/a>.<\/figcaption><\/figure>\n<p><strong>De passage vendredi 10\u00a0f\u00e9vrier \u00e0 Beyrouth, pour le lancement d\u2019un nouveau mouvement, baptis\u00e9 le Bloc national<\/strong>, il a \u00e9voqu\u00e9 pour <em>Le <a class=\"lien_interne rub\" title=\"Toute l\u2019actualit\u00e9 Monde\" href=\"http:\/\/www.lemonde.fr\/afrique-monde\/\">Monde<\/a> <\/em>les perspectives de r\u00e8glement du conflit, et notamment les pourparlers de paix qui doivent <a class=\"lien_interne conjug\" title=\"Conjugaison du verbe rouvrir\" href=\"http:\/\/conjugaison.lemonde.fr\/conjugaison\/troisieme-groupe\/rouvrir\/\" target=\"_blank\">rouvrir<\/a> jeudi 23\u00a0f\u00e9vrier \u00e0 Gen\u00e8ve, sous l\u2019\u00e9gide de l\u2019ONU.<\/p>\n<p class=\"question\"><strong>Quelles sont les chances de succ\u00e8s de ce nouveau round de n\u00e9gociations\u00a0?<\/strong><\/p>\n<p>La guerre en <a class=\"lien_interne rub\" title=\"Toute l\u2019actualit\u00e9 Syrie\" href=\"http:\/\/www.lemonde.fr\/syrie\/\">Syrie<\/a> est termin\u00e9e. Les groupes <a class=\"lien_interne rub\" title=\"Toute l\u2019actualit\u00e9 arm\" href=\"http:\/\/www.lemonde.fr\/arm\/\">arm<\/a>\u00e9s ont \u00e9t\u00e9 vaincus. Les pays qui les armaient et les finan\u00e7aient ont cess\u00e9 de les <a class=\"lien_interne conjug\" title=\"Conjugaison du verbe soutenir\" href=\"http:\/\/conjugaison.lemonde.fr\/conjugaison\/troisieme-groupe\/soutenir\/\" target=\"_blank\">soutenir<\/a>. Une nouvelle phase s\u2019ouvre. C\u2019est le r\u00e9sultat de la bataille d\u2019Alep et de la conf\u00e9rence d\u2019Astana <em>[organis\u00e9e \u00e0 la mi-janvier, \u00e0 l\u2019issue de laquelle le cessez-le-feu proclam\u00e9 fin d\u00e9cembre\u00a02016 a \u00e9t\u00e9 r\u00e9affirm\u00e9]<\/em>. Ces deux \u00e9v\u00e9nements ont act\u00e9 l\u2019\u00e9chec de la guerre visant \u00e0 <a class=\"lien_interne conjug\" title=\"Conjugaison du verbe renverser\" href=\"http:\/\/conjugaison.lemonde.fr\/conjugaison\/premier-groupe\/renverser\/\" target=\"_blank\">renverser<\/a> le r\u00e9gime. C\u2019est la fin de la lutte militaire. Il nous faut <a class=\"lien_interne conjug\" title=\"Conjugaison du verbe revenir\" href=\"http:\/\/conjugaison.lemonde.fr\/conjugaison\/troisieme-groupe\/revenir\/\" target=\"_blank\">revenir<\/a> \u00e0 la lutte <a class=\"lien_interne rub\" title=\"Toute l\u2019actualit\u00e9 politique\" href=\"http:\/\/www.lemonde.fr\/politique\/\">politique<\/a> et cela passe par Gen\u00e8ve.<\/p>\n<p class=\"lire\">Lire aussi : \u00a0 <a href=\"http:\/\/www.lemonde.fr\/syrie\/article\/2017\/02\/22\/syrie-nouveaux-pourparlers-a-geneve-sous-influence-russe_5083483_1618247.html\">Nouveaux pourparlers \u00e0 Gen\u00e8ve sous influence russe<\/a><\/p>\n<p class=\"question\"><strong>Le r\u00e9gime Assad ne s\u2019est jamais senti aussi fort. Pourquoi ferait-il des compromis\u00a0?<\/strong><\/p>\n<p>Si le r\u00e9gime avait toutes les cartes en main, on pourrait effectivement <a class=\"lien_interne conjug\" title=\"Conjugaison du verbe dire\" href=\"http:\/\/conjugaison.lemonde.fr\/conjugaison\/troisieme-groupe\/dire\/\" target=\"_blank\">dire<\/a> qu\u2019il a gagn\u00e9. Mais ce n\u2019est pas le cas. C\u2019est la <a class=\"lien_interne rub\" title=\"Toute l\u2019actualit\u00e9 Russie\" href=\"http:\/\/www.lemonde.fr\/russie\/\">Russie<\/a> qui a gagn\u00e9 \u00e0 Alep et son approche du conflit est diff\u00e9rente de celle du r\u00e9gime.<\/p>\n<p class=\"question\"><strong>En quoi\u00a0?<\/strong><\/p>\n<p>La Russie dispose de nombreux leviers de contr\u00f4le sur le r\u00e9gime. On l\u2019a vu \u00e0 Astana. Les Russes ont oblig\u00e9 le r\u00e9gime \u00e0 <a class=\"lien_interne conjug\" title=\"Conjugaison du verbe rencontrer\" href=\"http:\/\/conjugaison.lemonde.fr\/conjugaison\/premier-groupe\/rencontrer\/\" target=\"_blank\">rencontrer<\/a> des repr\u00e9sentants de groupes arm\u00e9s, qu\u2019il consid\u00e8re comme terroristes. La Russie a aussi donn\u00e9 des garanties pour le cessez-le-feu, qui est un succ\u00e8s pour l\u2019instant.<\/p>\n<p class=\"question\"><strong>Mardi 7\u00a0f\u00e9vrier, des avions russes ou syriens ont bombard\u00e9 la ville d\u2019Idlib, faisant une trentaine de morts\u2026<\/strong><\/p>\n<p>Il y a des violations, mais en g\u00e9n\u00e9ral, le pays est en voie de stabilisation.<\/p>\n<p class=\"question\"><strong>A quoi pourrait <a class=\"lien_interne conjug\" title=\"Conjugaison du verbe ressembler\" href=\"http:\/\/conjugaison.lemonde.fr\/conjugaison\/premier-groupe\/ressembler\/\" target=\"_blank\">ressembler<\/a> la transition qui est cens\u00e9e <a class=\"lien_interne conjug\" title=\"Conjugaison du verbe \u00eatre\" href=\"http:\/\/conjugaison.lemonde.fr\/conjugaison\/auxiliaire\/%C3%AAtre\/\" target=\"_blank\">\u00eatre<\/a> discut\u00e9e \u00e0 Gen\u00e8ve\u00a0?<\/strong><\/p>\n<p>La chute d\u2019Alep a boulevers\u00e9 la donne. L\u2019ann\u00e9e derni\u00e8re <em>[lors des pr\u00e9c\u00e9dents pourparlers organis\u00e9s \u00e0 Gen\u00e8ve, en avril\u00a02016]<\/em>, il \u00e9tait encore possible de <a class=\"lien_interne conjug\" title=\"Conjugaison du verbe pousser\" href=\"http:\/\/conjugaison.lemonde.fr\/conjugaison\/premier-groupe\/pousser\/\" target=\"_blank\">pousser<\/a> pour une mise en \u0153uvre du communiqu\u00e9 de Gen\u00e8ve 1 <em>[\u00e9labor\u00e9 par les Etats-Unis et la Russie en\u00a02012, il pr\u00e9voyait la mise en place d\u2019un organe de gouvernement, dot\u00e9 des pleins pouvoirs, ce qui impliquait une forme de mise \u00e0 l\u2019\u00e9cart de Bachar Al-Assad].<\/em> Aujourd\u2019hui, il est \u00e9vident que le r\u00e9gime aura la plus grosse part dans la transition. Il n\u2019est plus possible de <a class=\"lien_interne conjug\" title=\"Conjugaison du verbe r\u00e9duire\" href=\"http:\/\/conjugaison.lemonde.fr\/conjugaison\/troisieme-groupe\/r%C3%A9duire\/\" target=\"_blank\">r\u00e9duire<\/a> les pouvoirs du pr\u00e9sident comme cela l\u2019\u00e9tait l\u2019an pass\u00e9.<\/p>\n<p class=\"question\"><strong>Un gouvernement d\u2019unit\u00e9 pourrait-il <a class=\"lien_interne conjug\" title=\"Conjugaison du verbe \u00e9merger\" href=\"http:\/\/conjugaison.lemonde.fr\/conjugaison\/premier-groupe\/%C3%A9merger\/\" target=\"_blank\">\u00e9merger<\/a> \u00e0 moyen terme\u00a0?<\/strong><\/p>\n<p>Oui, mais la plupart de ses membres seront choisis par la Russie, puis les Etats-Unis et enfin les autres pays. Il n\u2019y aura pas de force organis\u00e9e face au r\u00e9gime. L\u2019opposition devra se <a class=\"lien_interne conjug\" title=\"Conjugaison du verbe contenter\" href=\"http:\/\/conjugaison.lemonde.fr\/conjugaison\/premier-groupe\/contenter\/\" target=\"_blank\">contenter<\/a> de portefeuilles mineurs. Elle ne pourra pas <a class=\"lien_interne conjug\" title=\"Conjugaison du verbe pr\u00e9tendre\" href=\"http:\/\/conjugaison.lemonde.fr\/conjugaison\/troisieme-groupe\/pr%C3%A9tendre\/\" target=\"_blank\">pr\u00e9tendre<\/a>\u00a0 <a class=\"lien_interne conjug\" title=\"Conjugaison du verbe occuper\" href=\"http:\/\/conjugaison.lemonde.fr\/conjugaison\/premier-groupe\/occuper\/\" target=\"_blank\">occuper<\/a> les minist\u00e8res de la <a class=\"lien_interne rub\" title=\"Toute l\u2019actualit\u00e9 d\u00e9fense\" href=\"http:\/\/www.lemonde.fr\/defense\/\">d\u00e9fense<\/a>, de l\u2019int\u00e9rieur ou des <a class=\"lien_interne rub\" title=\"Toute l\u2019actualit\u00e9 affaires \u00e9trang\u00e8res\" href=\"http:\/\/www.lemonde.fr\/affaires-etrangeres\/\">affaires \u00e9trang\u00e8res<\/a>.<\/p>\n<p class=\"question\"><strong>Quid de Bachar Al-Assad\u00a0?<\/strong><\/p>\n<p>Il restera en place au moins jusqu\u2019\u00e0 la prochaine \u00e9lection pr\u00e9sidentielle <em>[cens\u00e9e se <a class=\"lien_interne conjug\" title=\"Conjugaison du verbe tenir\" href=\"http:\/\/conjugaison.lemonde.fr\/conjugaison\/troisieme-groupe\/tenir\/\" target=\"_blank\">tenir<\/a> en en\u00a02021]<\/em>. Mais on ne sait pas s\u2019il pourra se <a class=\"lien_interne conjug\" title=\"Conjugaison du verbe repr\u00e9senter\" href=\"http:\/\/conjugaison.lemonde.fr\/conjugaison\/premier-groupe\/repr%C3%A9senter\/\" target=\"_blank\">repr\u00e9senter<\/a>. Ce n\u2019est pas encore d\u00e9cid\u00e9. Cela d\u00e9pendra des Russes. Ils verront \u00e0 ce moment s\u2019il est dans leur int\u00e9r\u00eat ou non de le <a class=\"lien_interne conjug\" title=\"Conjugaison du verbe maintenir\" href=\"http:\/\/conjugaison.lemonde.fr\/conjugaison\/troisieme-groupe\/maintenir\/\" target=\"_blank\">maintenir<\/a> au pouvoir.<\/p>\n<p class=\"question\"><strong>Pour le Haut-Comit\u00e9 des n\u00e9gociations (HCN), qui sera confront\u00e9 aux \u00e9missaires du r\u00e9gime \u00e0 Gen\u00e8ve, le plan que <a class=\"lien_interne rub\" title=\"Toute l\u2019actualit\u00e9 vous\" href=\"http:\/\/www.lemonde.fr\/vous\/\">vous<\/a> esquissez para\u00eet difficile \u00e0 <a class=\"lien_interne conjug\" title=\"Conjugaison du verbe accepter\" href=\"http:\/\/conjugaison.lemonde.fr\/conjugaison\/premier-groupe\/accepter\/\" target=\"_blank\">accepter<\/a>. Surtout pour la Coalition nationale syrienne, la principale plateforme d\u2019opposition. Ses membres pourraient-ils se <a class=\"lien_interne conjug\" title=\"Conjugaison du verbe r\u00e9signer\" href=\"http:\/\/conjugaison.lemonde.fr\/conjugaison\/premier-groupe\/r%C3%A9signer\/\" target=\"_blank\">r\u00e9signer<\/a> \u00e0 un tel sc\u00e9nario en forme de reddition\u00a0?<\/strong><\/p>\n<p>Personne ne leur propose de se <a class=\"lien_interne conjug\" title=\"Conjugaison du verbe rendre\" href=\"http:\/\/conjugaison.lemonde.fr\/conjugaison\/troisieme-groupe\/rendre\/\" target=\"_blank\">rendre<\/a>. Ils sont vaincus, point \u00e0 la ligne. Leur pr\u00e9sence \u00e0 Gen\u00e8ve est d\u00e9corative. Elle sert juste \u00e0 <a class=\"lien_interne conjug\" title=\"Conjugaison du verbe faire\" href=\"http:\/\/conjugaison.lemonde.fr\/conjugaison\/troisieme-groupe\/faire\/\" target=\"_blank\">faire<\/a> plaisir \u00e0 leurs parrains. La lutte politique est la seule voie qui nous reste. Malheureusement, l\u2019opposition est une coquille vide sur le plan <a class=\"lien_interne rub\" title=\"Toute l\u2019actualit\u00e9 politique\" href=\"http:\/\/www.lemonde.fr\/afrique-politique\/\">politique<\/a>. Elle n\u2019existe que sur les \u00e9crans de t\u00e9l\u00e9vision. Elle ne sait pas se <a class=\"lien_interne conjug\" title=\"Conjugaison du verbe battre\" href=\"http:\/\/conjugaison.lemonde.fr\/conjugaison\/troisieme-groupe\/battre\/\" target=\"_blank\">battre<\/a>. C\u2019est pour cela que nous avons form\u00e9 \u00e0 Beyrouth ce Bloc national, qui rassemble plusieurs partis, organisations de la soci\u00e9t\u00e9 civile et <a class=\"lien_interne rub\" title=\"Toute l\u2019actualit\u00e9 personnalit\u00e9s\" href=\"http:\/\/www.lemonde.fr\/l-invite\/\">personnalit\u00e9s<\/a>. Nous voulons <a class=\"lien_interne conjug\" title=\"Conjugaison du verbe combler\" href=\"http:\/\/conjugaison.lemonde.fr\/conjugaison\/premier-groupe\/combler\/\" target=\"_blank\">combler<\/a> ce vide, nous <a class=\"lien_interne conjug\" title=\"Conjugaison du verbe doter\" href=\"http:\/\/conjugaison.lemonde.fr\/conjugaison\/premier-groupe\/doter\/\" target=\"_blank\">doter<\/a> d\u2019un nouvel outil, <a class=\"lien_interne conjug\" title=\"Conjugaison du verbe prouver\" href=\"http:\/\/conjugaison.lemonde.fr\/conjugaison\/premier-groupe\/prouver\/\" target=\"_blank\">prouver<\/a> que le combat n\u2019est pas termin\u00e9.<\/p>\n<p class=\"question\"><strong>Que comptez-vous faire\u00a0?<\/strong><\/p>\n<p>Il faut pousser le pouvoir \u00e0 <a class=\"lien_interne conjug\" title=\"Conjugaison du verbe accorder\" href=\"http:\/\/conjugaison.lemonde.fr\/conjugaison\/premier-groupe\/accorder\/\" target=\"_blank\">accorder<\/a> plus de libert\u00e9s. Plus personne ne renversera le r\u00e9gime. Si nous pouvions au moins <a class=\"lien_interne conjug\" title=\"Conjugaison du verbe ouvrir\" href=\"http:\/\/conjugaison.lemonde.fr\/conjugaison\/troisieme-groupe\/ouvrir\/\" target=\"_blank\">ouvrir<\/a> la voie \u00e0 des \u00e9lections transparentes et pluralistes, ce serait un succ\u00e8s.<\/p>\n<p class=\"question\"><strong>Vous avez des contacts avec les Russes, vous ont-ils fourni des garanties en ce sens\u00a0?<\/strong><\/p>\n<p>Non, mais il est dans leur int\u00e9r\u00eat d\u2019obtenir un bon accord en Syrie. De mani\u00e8re \u00e0 <a class=\"lien_interne conjug\" title=\"Conjugaison du verbe utiliser\" href=\"http:\/\/conjugaison.lemonde.fr\/conjugaison\/premier-groupe\/utiliser\/\" target=\"_blank\">utiliser<\/a> leur succ\u00e8s diplomatique sur d\u2019autres terrains, en <a class=\"lien_interne rub\" title=\"Toute l\u2019actualit\u00e9 Europe\" href=\"http:\/\/www.lemonde.fr\/europe\/\">Europe<\/a> principalement, o\u00f9 ils ont de vieux contentieux \u00e0 <a class=\"lien_interne conjug\" title=\"Conjugaison du verbe r\u00e9gler\" href=\"http:\/\/conjugaison.lemonde.fr\/conjugaison\/premier-groupe\/r%C3%A9gler\/\" target=\"_blank\">r\u00e9gler<\/a>.<\/p>\n<p class=\"question\"><strong>Autrement dit, nous sommes de retour \u00e0 la case d\u00e9part, en\u00a02011\u2026<\/strong><\/p>\n<p>Oui, avec des centaines de milliers de morts en plus. J\u2019avais pr\u00e9dit en\u00a02012 que c\u2019\u00e9tait ce qui arriverait si la militarisation du soul\u00e8vement continuait. Les puissances \u00e9trang\u00e8res se sont fait la guerre sur notre dos, en armant le r\u00e9gime et les groupes rebelles. Et maintenant que la poursuite de la guerre n\u2019est plus dans leur int\u00e9r\u00eat, elles viennent nous <a class=\"lien_interne conjug\" title=\"Conjugaison du verbe demander\" href=\"http:\/\/conjugaison.lemonde.fr\/conjugaison\/premier-groupe\/demander\/\" target=\"_blank\">demander<\/a>, sur un ton arrogant\u00a0: \u00ab\u00a0Quelle est la solution\u00a0?\u00a0\u00bb La guerre n\u2019a servi \u00e0 rien, sinon <a class=\"lien_interne conjug\" title=\"Conjugaison du verbe emp\u00eacher\" href=\"http:\/\/conjugaison.lemonde.fr\/conjugaison\/premier-groupe\/emp%C3%AAcher\/\" target=\"_blank\">emp\u00eacher<\/a> les Syriens de se <a class=\"lien_interne conjug\" title=\"Conjugaison du verbe lancer\" href=\"http:\/\/conjugaison.lemonde.fr\/conjugaison\/premier-groupe\/lancer\/\" target=\"_blank\">lancer<\/a> dans un combat politique.<\/p>\n<p class=\"question\"><strong>Vous \u00eates all\u00e9 en prison. Vous savez qu\u2019elles sont pleines d\u2019opposants qui n\u2019ont jamais touch\u00e9 une arme et qui sont malgr\u00e9 cela tortur\u00e9s, affam\u00e9s, ex\u00e9cut\u00e9s. Le r\u00e9cent rapport d\u2019Amnesty <a class=\"lien_interne rub\" title=\"Toute l\u2019actualit\u00e9 International\" href=\"http:\/\/www.lemonde.fr\/international\/\">International<\/a> sur le bagne de Saidnaya l\u2019a encore une fois rappel\u00e9. <a class=\"lien_interne conjug\" title=\"Conjugaison du verbe appeler\" href=\"http:\/\/conjugaison.lemonde.fr\/conjugaison\/premier-groupe\/appeler\/\" target=\"_blank\">Appeler<\/a> \u00e0 un retour \u00e0 la lutte politique, n\u2019est ce pas na\u00eff\u00a0?<\/strong><\/p>\n<p>Je suis au courant de ces pratiques. Je n\u2019ai pas attendu le rapport d\u2019Amnesty International pour <a class=\"lien_interne conjug\" title=\"Conjugaison du verbe savoir\" href=\"http:\/\/conjugaison.lemonde.fr\/conjugaison\/troisieme-groupe\/savoir\/\" target=\"_blank\">savoir<\/a> ce qui se passe. Je confirme qu\u2019il y a eu des ex\u00e9cutions \u00e0 Saidnaya, m\u00eame si je pense aussi que le rapport est loin d\u2019\u00eatre exact. Comment <a class=\"lien_interne conjug\" title=\"Conjugaison du verbe mettre\" href=\"http:\/\/conjugaison.lemonde.fr\/conjugaison\/troisieme-groupe\/mettre\/\" target=\"_blank\">mettre<\/a> un terme \u00e0 ces actes\u00a0? Est-ce qu\u2019en publiant de tels rapports on emp\u00eache les citoyens d\u2019\u00eatre tu\u00e9s \u00e0 Saidnaya, ou bien dans les <a class=\"lien_interne rub\" title=\"Toute l\u2019actualit\u00e9 prisons\" href=\"http:\/\/www.lemonde.fr\/prisons\/\">prisons<\/a> du Front Al-Nosra <em>[l\u2019ex-branche syrienne d\u2019<a class=\"lien_interne rub\" title=\"Toute l\u2019actualit\u00e9 Al-Qaida\" href=\"http:\/\/www.lemonde.fr\/al-qaida\/\">Al-Qaida<\/a>, aujourd\u2019hui int\u00e9gr\u00e9 dans le mouvement Tahrir Al-Cham]<\/em>, d\u2019Ahrar Al-Cham, de Jaich Al-<a class=\"lien_interne rub\" title=\"Toute l\u2019actualit\u00e9 Islam\" href=\"http:\/\/www.lemonde.fr\/islam\/\">Islam<\/a> <em>[groupes rebelles salafistes]<\/em> ou d\u2019autres formations arm\u00e9es\u00a0? Pour <a class=\"lien_interne conjug\" title=\"Conjugaison du verbe arr\u00eater\" href=\"http:\/\/conjugaison.lemonde.fr\/conjugaison\/premier-groupe\/arr%C3%AAter\/\" target=\"_blank\">arr\u00eater<\/a> ces pratiques, qui s\u2019acc\u00e9l\u00e9rent en temps de guerre, nous travaillons sur le plan politique.<\/p>\n<p class=\"question\"><strong>Si un gouvernement d\u2019unit\u00e9 voit le jour, serez-vous candidat \u00e0 un poste de ministre\u00a0?<\/strong><\/p>\n<p>Je ne veux pas \u00eatre ministre. Je n\u2019ai pas eu de contact avec le r\u00e9gime depuis que j\u2019ai quitt\u00e9 la Syrie. Je reviendrai \u00e0 Damas le jour o\u00f9 un compromis aura \u00e9t\u00e9 trouv\u00e9 et quand une autorit\u00e9 mixte sera en place. Ce jour approche. Les Russes et les Am\u00e9ricains ont besoin de mettre un point final \u00e0 ce conflit. La menace de Daech <em>[acronyme arabe de l\u2019organisation <a class=\"lien_interne rub\" title=\"Toute l\u2019actualit\u00e9 Etat islamique\" href=\"http:\/\/www.lemonde.fr\/etat-islamique\/\">Etat islamique<\/a>]<\/em> est trop forte.<\/p>\n<div class=\"btn_lecture_zen btn_offre_decouverte_zen\">\u00a0<a class=\"gras\" href=\"http:\/\/www.lemonde.fr\/journaliste\/benjamin-barthe\/\" target=\"_blank\">Benjamin Barthe<\/a> (Beyrouth, correspondant)<\/div>\n<div class=\"btn_lecture_zen btn_offre_decouverte_zen\"><\/div>\n<\/div>\n<p><a href=\"http:\/\/www.lemonde.fr\/syrie\/article\/2017\/02\/23\/syrie-la-guerre-est-terminee-il-faut-revenir-a-la-lutte-politique_5084330_1618247.html#zA1Z0VxbOTBW1Wkx.99\">LE MONDE \u00a0 \u00a0<\/a><\/p>\n","protected":false},"excerpt":{"rendered":"<p>L\u2019opposant Louay Hussein appelle le camp anti-Assad, vaincu \u00e0 Alep, \u00e0 tourner la page de la lutte arm\u00e9e. &nbsp; LE MONDE \u00a0| Propos recueillis par Benjamin Barthe (Beyrouth, correspondant) Ag\u00e9 de 57 ans, incarc\u00e9r\u00e9 \u00e0 plusieurs reprises par le r\u00e9gime syrien, Louay Hussein a longtemps \u00e9t\u00e9 une figure de l\u2019opposition dite de l\u2019int\u00e9rieur \u2013 un<\/p>\n","protected":false},"author":297,"featured_media":18019,"comment_status":"open","ping_status":"open","sticky":false,"template":"","format":"standard","meta":{"_uf_show_specific_survey":0,"_uf_disable_surveys":false,"footnotes":""},"categories":[22],"tags":[],"class_list":{"0":"post-18016","1":"post","2":"type-post","3":"status-publish","4":"format-standard","5":"has-post-thumbnail","7":"category-actualites-fr"},"aioseo_notices":[],"_links":{"self":[{"href":"https:\/\/middleeasttransparent.com\/fr\/wp-json\/wp\/v2\/posts\/18016","targetHints":{"allow":["GET"]}}],"collection":[{"href":"https:\/\/middleeasttransparent.com\/fr\/wp-json\/wp\/v2\/posts"}],"about":[{"href":"https:\/\/middleeasttransparent.com\/fr\/wp-json\/wp\/v2\/types\/post"}],"author":[{"embeddable":true,"href":"https:\/\/middleeasttransparent.com\/fr\/wp-json\/wp\/v2\/users\/297"}],"replies":[{"embeddable":true,"href":"https:\/\/middleeasttransparent.com\/fr\/wp-json\/wp\/v2\/comments?post=18016"}],"version-history":[{"count":0,"href":"https:\/\/middleeasttransparent.com\/fr\/wp-json\/wp\/v2\/posts\/18016\/revisions"}],"wp:featuredmedia":[{"embeddable":true,"href":"https:\/\/middleeasttransparent.com\/fr\/wp-json\/wp\/v2\/media\/18019"}],"wp:attachment":[{"href":"https:\/\/middleeasttransparent.com\/fr\/wp-json\/wp\/v2\/media?parent=18016"}],"wp:term":[{"taxonomy":"category","embeddable":true,"href":"https:\/\/middleeasttransparent.com\/fr\/wp-json\/wp\/v2\/categories?post=18016"},{"taxonomy":"post_tag","embeddable":true,"href":"https:\/\/middleeasttransparent.com\/fr\/wp-json\/wp\/v2\/tags?post=18016"}],"curies":[{"name":"wp","href":"https:\/\/api.w.org\/{rel}","templated":true}]}}