{"id":179621,"date":"2024-12-18T00:19:01","date_gmt":"2024-12-17T23:19:01","guid":{"rendered":"https:\/\/middleeasttransparent.com\/?p=179621"},"modified":"2024-12-18T00:22:34","modified_gmt":"2024-12-17T23:22:34","slug":"syrie-la-fin-dun-monde","status":"publish","type":"post","link":"https:\/\/middleeasttransparent.com\/fr\/syrie-la-fin-dun-monde\/","title":{"rendered":"SYRIE LA FIN D\u2019UN MONDE"},"content":{"rendered":"<h2 class=\"visually-hidden\">Feed post<\/h2>\n<div class=\"fie-impression-container\">\n<div class=\"relative\">\n<div class=\"ZOMmTxLACauyaQUMpWlaQNZKHAjZsEhovxc display-flex update-components-actor--with-control-menu \">\n<div class=\"update-components-actor__container pr4 display-flex flex-grow-1\">\n<div class=\"ivm-image-view-model update-components-actor__avatar\">\n<div class=\"ivm-view-attr__img-wrapper \"><img decoding=\"async\" id=\"ember481\" class=\"ivm-view-attr__img--centered EntityPhoto-circle-3 update-components-actor__avatar-image evi-image lazy-image ember-view\" src=\"https:\/\/media.licdn.com\/dms\/image\/v2\/D4E03AQFKNOq88GLBpg\/profile-displayphoto-shrink_100_100\/profile-displayphoto-shrink_100_100\/0\/1726029433546?e=1740009600&amp;v=beta&amp;t=4hNonMJWb6Iwr8MQgjPdQ4HEeyiWu6d4dlugEIyX9Ko\" alt=\"\" width=\"48\" height=\"48\" \/><\/div>\n<\/div>\n<div class=\"update-components-actor__meta relative \"><a class=\"etMnEnXDUNztOZYZrqrUIumAWTrgOknBiQmU update-components-actor__meta-link\" href=\"https:\/\/www.linkedin.com\/in\/francois-de-labarre-3a103650?miniProfileUrn=urn%3Ali%3Afsd_profile%3AACoAAAqu3akB6PRBCTtucMse0wXqXMSFrj6g0ew\" target=\"_self\" rel=\"noopener\" aria-label=\"View: Francois de Labarre \u2022 1st Journaliste, enqu\u00eates, reportages\" data-test-app-aware-link=\"\"><span class=\"update-components-actor__title \"><span class=\"LQqBvtwEExQjLPniRNjlyugiMeujaxloicmxfks hoverable-link-text t-14 t-bold t-black update-components-actor__single-line-truncate \"><span dir=\"ltr\"><span aria-hidden=\"true\">Francois de Labarre<\/span><span class=\"visually-hidden\">Francois de Labarre<\/span><\/span><\/span><span class=\"update-components-actor__supplementary-actor-info t-black--light t-14 t-normal flex-shrink-zero \"><span aria-hidden=\"true\"> \u2022 1st<\/span><span class=\"visually-hidden\"> \u2022 1st<\/span><\/span><\/span><span class=\"update-components-actor__description t-black--light t-12 t-normal \"><span aria-hidden=\"true\">Journaliste, enqu\u00eates, reportages<\/span><span class=\"visually-hidden\">Journaliste, enqu\u00eates, reportages<\/span><\/span><\/a><\/div>\n<\/div>\n<\/div>\n<div><\/div>\n<\/div>\n<div class=\"EUiqDYAdlfWfuFgGazwNFUDDyPGQZMzKw\" tabindex=\"-1\">\n<div class=\"feed-shared-inline-show-more-text feed-shared-update-v2__description feed-shared-inline-show-more-text--minimal-padding feed-shared-inline-show-more-text--3-lines feed-shared-inline-show-more-text--expanded \" tabindex=\"-1\">\n<div class=\"update-components-text relative update-components-update-v2__commentary \" dir=\"ltr\">\n<p><span class=\"break-words tvm-parent-container\"><span dir=\"ltr\">Je vous donne des nouvelles de <a class=\"etMnEnXDUNztOZYZrqrUIumAWTrgOknBiQmU \" href=\"https:\/\/www.linkedin.com\/feed\/hashtag\/?keywords=syrie&amp;highlightedUpdateUrns=urn%3Ali%3Aactivity%3A7274826093415612416\" data-test-app-aware-link=\"\"><span class=\"visually-hidden\">hashtag<\/span><span aria-hidden=\"true\">#<\/span>Syrie<\/a><\/span><\/span><\/p>\n<p>Dimanche soir, le commandant des Forces de D\u00e9fenses Syriennes (<a class=\"etMnEnXDUNztOZYZrqrUIumAWTrgOknBiQmU \" href=\"https:\/\/www.linkedin.com\/feed\/hashtag\/?keywords=fds&amp;highlightedUpdateUrns=urn%3Ali%3Aactivity%3A7274826093415612416\" data-test-app-aware-link=\"\"><span class=\"visually-hidden\">hashtag<\/span><span aria-hidden=\"true\">#<\/span>FDS<\/a>) &#8211; ce pays est plein d\u2019acronymes c\u2019est pire que le Liban &#8211; <a class=\"etMnEnXDUNztOZYZrqrUIumAWTrgOknBiQmU \" href=\"https:\/\/www.linkedin.com\/feed\/hashtag\/?keywords=mazloumabdi&amp;highlightedUpdateUrns=urn%3Ali%3Aactivity%3A7274826093415612416\" data-test-app-aware-link=\"\"><span class=\"visually-hidden\">hashtag<\/span><span aria-hidden=\"true\">#<\/span>MazloumAbdi<\/a> nous a re\u00e7us dans sa base et nous a parl\u00e9s des effets de la prise de <a class=\"etMnEnXDUNztOZYZrqrUIumAWTrgOknBiQmU \" href=\"https:\/\/www.linkedin.com\/feed\/hashtag\/?keywords=damas&amp;highlightedUpdateUrns=urn%3Ali%3Aactivity%3A7274826093415612416\" data-test-app-aware-link=\"\"><span class=\"visually-hidden\">hashtag<\/span><span aria-hidden=\"true\">#<\/span>Damas<\/a> par les Islamistes de Hayet Tahrir el-Cham (HTC).<\/p>\n<p>1- Bonne Nouvelle : Visiblement entre les Kurdes et le HTC \u00e7a communique plut\u00f4t pas mal. Ils n\u2019ont ni l\u2019envie, ni l\u2019intention de se tirer dessus.<\/p>\n<\/div>\n<div class=\"update-components-text relative update-components-update-v2__commentary \" dir=\"ltr\"><span class=\"break-words tvm-parent-container\"><span dir=\"ltr\"><br \/>\n2- J\u2019avais compris qu\u2019ils s\u2019\u00e9taient un peu tap\u00e9s dessus \u00e0 <a class=\"etMnEnXDUNztOZYZrqrUIumAWTrgOknBiQmU \" href=\"https:\/\/www.linkedin.com\/feed\/hashtag\/?keywords=deirezzor&amp;highlightedUpdateUrns=urn%3Ali%3Aactivity%3A7274826093415612416\" data-test-app-aware-link=\"\"><span class=\"visually-hidden\">hashtag<\/span><span aria-hidden=\"true\">#<\/span>DeirEzZor<\/a> &#8211; ville pr\u00e9c\u00e9demment tenue par le r\u00e9gime de <a class=\"etMnEnXDUNztOZYZrqrUIumAWTrgOknBiQmU \" href=\"https:\/\/www.linkedin.com\/feed\/hashtag\/?keywords=bachar&amp;highlightedUpdateUrns=urn%3Ali%3Aactivity%3A7274826093415612416\" data-test-app-aware-link=\"\"><span class=\"visually-hidden\">hashtag<\/span><span aria-hidden=\"true\">#<\/span>Bachar<\/a> &#8211; mais en fait non. Mazloum m\u2019a expliqu\u00e9 ce s\u2019il s\u2019est pass\u00e9 : les soldats de Bachar ont fui et, en partant, ont abandonn\u00e9 des stocks d\u2019armes. Or, il n\u2019y avait plus personne sur place (si, si ca arrive) donc gros coup de flip: les FDS et les <a class=\"etMnEnXDUNztOZYZrqrUIumAWTrgOknBiQmU \" href=\"https:\/\/www.linkedin.com\/feed\/hashtag\/?keywords=us&amp;highlightedUpdateUrns=urn%3Ali%3Aactivity%3A7274826093415612416\" data-test-app-aware-link=\"\"><span class=\"visually-hidden\">hashtag<\/span><span aria-hidden=\"true\">#<\/span>US<\/a> foncent occuper le terrain et r\u00e9cup\u00e9rer les missiles. Tout \u00e7a pour \u00e9viter que \u00e7a tombe entre de mauvaises mains &#8211; Rappelez-vous la chute de <a class=\"etMnEnXDUNztOZYZrqrUIumAWTrgOknBiQmU \" href=\"https:\/\/www.linkedin.com\/feed\/hashtag\/?keywords=kadhafi&amp;highlightedUpdateUrns=urn%3Ali%3Aactivity%3A7274826093415612416\" data-test-app-aware-link=\"\"><span class=\"visually-hidden\">hashtag<\/span><span aria-hidden=\"true\">#<\/span>Kadhafi<\/a>\u2026 les armes diss\u00e9min\u00e9es dans le d\u00e9sert et le d\u00e9but de la guerre au <a class=\"etMnEnXDUNztOZYZrqrUIumAWTrgOknBiQmU \" href=\"https:\/\/www.linkedin.com\/feed\/hashtag\/?keywords=mali&amp;highlightedUpdateUrns=urn%3Ali%3Aactivity%3A7274826093415612416\" data-test-app-aware-link=\"\"><span class=\"visually-hidden\">hashtag<\/span><span aria-hidden=\"true\">#<\/span>Mali<\/a>.<\/span><\/span><\/div>\n<div class=\"update-components-text relative update-components-update-v2__commentary \" dir=\"ltr\"><span class=\"break-words tvm-parent-container\"><span dir=\"ltr\"><br \/>\nBref, apr\u00e8s ce nettoyage salutaire, HTC est arriv\u00e9 pour prendre la ville ce qui est normal parce que c\u2019est leur territoire. <\/span><\/span><\/div>\n<div class=\"update-components-text relative update-components-update-v2__commentary \" dir=\"ltr\"><span class=\"break-words tvm-parent-container\"><span dir=\"ltr\"><br \/>\n3- Les <a class=\"etMnEnXDUNztOZYZrqrUIumAWTrgOknBiQmU \" href=\"https:\/\/www.linkedin.com\/feed\/hashtag\/?keywords=kurdes&amp;highlightedUpdateUrns=urn%3Ali%3Aactivity%3A7274826093415612416\" data-test-app-aware-link=\"\"><span class=\"visually-hidden\">hashtag<\/span><span aria-hidden=\"true\">#<\/span>Kurdes<\/a> appr\u00e9cient le discours du nouveau ma\u00eetre de <a class=\"etMnEnXDUNztOZYZrqrUIumAWTrgOknBiQmU \" href=\"https:\/\/www.linkedin.com\/feed\/hashtag\/?keywords=damas&amp;highlightedUpdateUrns=urn%3Ali%3Aactivity%3A7274826093415612416\" data-test-app-aware-link=\"\"><span class=\"visually-hidden\">hashtag<\/span><span aria-hidden=\"true\">#<\/span>Damas<\/a> qui s\u2019appelait <a class=\"etMnEnXDUNztOZYZrqrUIumAWTrgOknBiQmU \" href=\"https:\/\/www.linkedin.com\/feed\/hashtag\/?keywords=aboumohamedaljoulani&amp;highlightedUpdateUrns=urn%3Ali%3Aactivity%3A7274826093415612416\" data-test-app-aware-link=\"\"><span class=\"visually-hidden\">hashtag<\/span><span aria-hidden=\"true\">#<\/span>AbouMohamedAlJoulani<\/a> et maintenant <a class=\"etMnEnXDUNztOZYZrqrUIumAWTrgOknBiQmU \" href=\"https:\/\/www.linkedin.com\/feed\/hashtag\/?keywords=ahmedalcharaa&amp;highlightedUpdateUrns=urn%3Ali%3Aactivity%3A7274826093415612416\" data-test-app-aware-link=\"\"><span class=\"visually-hidden\">hashtag<\/span><span aria-hidden=\"true\">#<\/span>AhmedAlCharaa<\/a>. (Ils ne sont ps les seuls).<\/span><\/span><\/div>\n<div class=\"update-components-text relative update-components-update-v2__commentary \" dir=\"ltr\"><span class=\"break-words tvm-parent-container\"><span dir=\"ltr\"><br \/>\n4- Justement, le probl\u00e8me c\u2019est qu\u2019il a deux noms. Donc maybe 2 discours. Mazloum dont les forces tiennent le Nord-Est syrien (env. 1\/4 du pays) veut \u201cattendre de voir les actes\u201d. <\/span><\/span><\/div>\n<div class=\"update-components-text relative update-components-update-v2__commentary \" dir=\"ltr\"><span class=\"break-words tvm-parent-container\"><span class=\"break-words tvm-parent-container\"><span dir=\"ltr\"><br \/>\n5- La difficult\u00e9 pour les Kurdes qui sont \u00e0 la fois alli\u00e9s des <a class=\"etMnEnXDUNztOZYZrqrUIumAWTrgOknBiQmU \" href=\"https:\/\/www.linkedin.com\/feed\/hashtag\/?keywords=us&amp;highlightedUpdateUrns=urn%3Ali%3Aactivity%3A7274826093415612416\" data-test-app-aware-link=\"\"><span class=\"visually-hidden\">hashtag<\/span><span aria-hidden=\"true\">#<\/span>US<\/a> de la <a class=\"etMnEnXDUNztOZYZrqrUIumAWTrgOknBiQmU \" href=\"https:\/\/www.linkedin.com\/feed\/hashtag\/?keywords=france&amp;highlightedUpdateUrns=urn%3Ali%3Aactivity%3A7274826093415612416\" data-test-app-aware-link=\"\"><span class=\"visually-hidden\">hashtag<\/span><span aria-hidden=\"true\">#<\/span>France<\/a> , de <a class=\"etMnEnXDUNztOZYZrqrUIumAWTrgOknBiQmU \" href=\"https:\/\/www.linkedin.com\/feed\/hashtag\/?keywords=bhl&amp;highlightedUpdateUrns=urn%3Ali%3Aactivity%3A7274826093415612416\" data-test-app-aware-link=\"\"><span class=\"visually-hidden\">hashtag<\/span><span aria-hidden=\"true\">#<\/span>BHL<\/a> mais aussi, faut-il le rappeler de la <a class=\"etMnEnXDUNztOZYZrqrUIumAWTrgOknBiQmU \" href=\"https:\/\/www.linkedin.com\/feed\/hashtag\/?keywords=russie&amp;highlightedUpdateUrns=urn%3Ali%3Aactivity%3A7274826093415612416\" data-test-app-aware-link=\"\"><span class=\"visually-hidden\">hashtag<\/span><span aria-hidden=\"true\">#<\/span>Russie<\/a> de <a class=\"etMnEnXDUNztOZYZrqrUIumAWTrgOknBiQmU \" href=\"https:\/\/www.linkedin.com\/feed\/hashtag\/?keywords=israel&amp;highlightedUpdateUrns=urn%3Ali%3Aactivity%3A7274826093415612416\" data-test-app-aware-link=\"\"><span class=\"visually-hidden\">hashtag<\/span><span aria-hidden=\"true\">#<\/span>Israel<\/a> et de <a class=\"etMnEnXDUNztOZYZrqrUIumAWTrgOknBiQmU \" href=\"https:\/\/www.linkedin.com\/feed\/hashtag\/?keywords=iran&amp;highlightedUpdateUrns=urn%3Ali%3Aactivity%3A7274826093415612416\" data-test-app-aware-link=\"\"><span class=\"visually-hidden\">hashtag<\/span><span aria-hidden=\"true\">#<\/span>Iran<\/a> (si, si, c\u2019est possible) ; c\u2019est que la nouvelle donne g\u00e9opolitique ne tourne ps du tout \u00e0 leur avantage.<\/span><\/span><\/span>&lt;\u2014- Important \u00e0 comprendre \u2014&gt;6- En d\u00e9gageant de Syrie le <a class=\"etMnEnXDUNztOZYZrqrUIumAWTrgOknBiQmU \" href=\"https:\/\/www.linkedin.com\/feed\/hashtag\/?keywords=hezbollah&amp;highlightedUpdateUrns=urn%3Ali%3Aactivity%3A7274826093415612416\" data-test-app-aware-link=\"\"><span class=\"visually-hidden\">hashtag<\/span><span aria-hidden=\"true\">#<\/span>Hezbollah<\/a> <a class=\"etMnEnXDUNztOZYZrqrUIumAWTrgOknBiQmU \" href=\"https:\/\/www.linkedin.com\/feed\/hashtag\/?keywords=iran&amp;highlightedUpdateUrns=urn%3Ali%3Aactivity%3A7274826093415612416\" data-test-app-aware-link=\"\"><span class=\"visually-hidden\">hashtag<\/span><span aria-hidden=\"true\">#<\/span>Iran<\/a> et <a class=\"etMnEnXDUNztOZYZrqrUIumAWTrgOknBiQmU \" href=\"https:\/\/www.linkedin.com\/feed\/hashtag\/?keywords=russie&amp;highlightedUpdateUrns=urn%3Ali%3Aactivity%3A7274826093415612416\" data-test-app-aware-link=\"\"><span class=\"visually-hidden\">hashtag<\/span><span aria-hidden=\"true\">#<\/span>Russie<\/a>, <a class=\"etMnEnXDUNztOZYZrqrUIumAWTrgOknBiQmU \" href=\"https:\/\/www.linkedin.com\/feed\/hashtag\/?keywords=israel&amp;highlightedUpdateUrns=urn%3Ali%3Aactivity%3A7274826093415612416\" data-test-app-aware-link=\"\"><span class=\"visually-hidden\">hashtag<\/span><span aria-hidden=\"true\">#<\/span>Israel<\/a> offre un bel espace \u00e0 occuper pour la <a class=\"etMnEnXDUNztOZYZrqrUIumAWTrgOknBiQmU \" href=\"https:\/\/www.linkedin.com\/feed\/hashtag\/?keywords=turquie&amp;highlightedUpdateUrns=urn%3Ali%3Aactivity%3A7274826093415612416\" data-test-app-aware-link=\"\"><span class=\"visually-hidden\">hashtag<\/span><span aria-hidden=\"true\">#<\/span>Turquie<\/a><\/div>\n<div class=\"update-components-text relative update-components-update-v2__commentary \" dir=\"ltr\"><span class=\"break-words tvm-parent-container\"><span dir=\"ltr\"><br \/>\n7- (Dans mon dernier post je voulais \u00e9crire la m\u00eame chose que mais \u00e7a me paraissait un peu de la g\u00e9opolitique de salon.. L\u00e0 c\u2019est <a class=\"etMnEnXDUNztOZYZrqrUIumAWTrgOknBiQmU \" href=\"https:\/\/www.linkedin.com\/feed\/hashtag\/?keywords=mazloumabdi&amp;highlightedUpdateUrns=urn%3Ali%3Aactivity%3A7274826093415612416\" data-test-app-aware-link=\"\"><span class=\"visually-hidden\">hashtag<\/span><span aria-hidden=\"true\">#<\/span>MazloumAbdi<\/a> qui le dit, donc c\u2019est bcp mieux.)<\/span><\/span><\/div>\n<div class=\"update-components-text relative update-components-update-v2__commentary \" dir=\"ltr\"><span class=\"break-words tvm-parent-container\"><span class=\"break-words tvm-parent-container\"><span dir=\"ltr\"><br \/>\n8- L\u2019autre mauvaise nouvelle c\u2019est que <a class=\"etMnEnXDUNztOZYZrqrUIumAWTrgOknBiQmU \" href=\"https:\/\/www.linkedin.com\/feed\/hashtag\/?keywords=daech&amp;highlightedUpdateUrns=urn%3Ali%3Aactivity%3A7274826093415612416\" data-test-app-aware-link=\"\"><span class=\"visually-hidden\">hashtag<\/span><span aria-hidden=\"true\">#<\/span>Daech<\/a> n\u2019a pas l\u2019air m\u00e9content de ce qu\u2019il se passe. La encore attendons de voir.<\/span><\/span><\/span>Mazloum dit bcp d\u2019autres choses int\u00e9ressantes notamment sur la faiblesse des occidentaux face \u00e0 l\u2019h\u00e9g\u00e9monisme d\u00e9complex\u00e9 d\u2019<a class=\"etMnEnXDUNztOZYZrqrUIumAWTrgOknBiQmU \" href=\"https:\/\/www.linkedin.com\/feed\/hashtag\/?keywords=erdogan&amp;highlightedUpdateUrns=urn%3Ali%3Aactivity%3A7274826093415612416\" data-test-app-aware-link=\"\"><span class=\"visually-hidden\">hashtag<\/span><span aria-hidden=\"true\">#<\/span>Erdogan<\/a> &#8211; lequel ne cesse de reprocher aux autres ce qu\u2019il fait lui-m\u00eame.Pour info, <a class=\"etMnEnXDUNztOZYZrqrUIumAWTrgOknBiQmU \" href=\"https:\/\/www.linkedin.com\/feed\/hashtag\/?keywords=mazloum&amp;highlightedUpdateUrns=urn%3Ali%3Aactivity%3A7274826093415612416\" data-test-app-aware-link=\"\"><span class=\"visually-hidden\">hashtag<\/span><span aria-hidden=\"true\">#<\/span>Mazloum<\/a> ex du <a class=\"etMnEnXDUNztOZYZrqrUIumAWTrgOknBiQmU \" href=\"https:\/\/www.linkedin.com\/feed\/hashtag\/?keywords=pkk&amp;highlightedUpdateUrns=urn%3Ali%3Aactivity%3A7274826093415612416\" data-test-app-aware-link=\"\"><span class=\"visually-hidden\">hashtag<\/span><span aria-hidden=\"true\">#<\/span>PKK<\/a> est consid\u00e9r\u00e9 comme un terroriste pr la <a class=\"etMnEnXDUNztOZYZrqrUIumAWTrgOknBiQmU \" href=\"https:\/\/www.linkedin.com\/feed\/hashtag\/?keywords=turquie&amp;highlightedUpdateUrns=urn%3Ali%3Aactivity%3A7274826093415612416\" data-test-app-aware-link=\"\"><span class=\"visually-hidden\">hashtag<\/span><span aria-hidden=\"true\">#<\/span>Turquie<\/a> , de la m\u00eame mani\u00e8re que <a class=\"etMnEnXDUNztOZYZrqrUIumAWTrgOknBiQmU \" href=\"https:\/\/www.linkedin.com\/feed\/hashtag\/?keywords=joulani&amp;highlightedUpdateUrns=urn%3Ali%3Aactivity%3A7274826093415612416\" data-test-app-aware-link=\"\"><span class=\"visually-hidden\">hashtag<\/span><span aria-hidden=\"true\">#<\/span>Joulani<\/a> <a class=\"etMnEnXDUNztOZYZrqrUIumAWTrgOknBiQmU \" href=\"https:\/\/www.linkedin.com\/feed\/hashtag\/?keywords=cheraa&amp;highlightedUpdateUrns=urn%3Ali%3Aactivity%3A7274826093415612416\" data-test-app-aware-link=\"\"><span class=\"visually-hidden\">hashtag<\/span><span aria-hidden=\"true\">#<\/span>Cheraa<\/a> est consid\u00e9r\u00e9 comme un terroriste par les <a class=\"etMnEnXDUNztOZYZrqrUIumAWTrgOknBiQmU \" href=\"https:\/\/www.linkedin.com\/feed\/hashtag\/?keywords=us&amp;highlightedUpdateUrns=urn%3Ali%3Aactivity%3A7274826093415612416\" data-test-app-aware-link=\"\"><span class=\"visually-hidden\">hashtag<\/span><span aria-hidden=\"true\">#<\/span>US<\/a>. Mais en <a class=\"etMnEnXDUNztOZYZrqrUIumAWTrgOknBiQmU \" href=\"https:\/\/www.linkedin.com\/feed\/hashtag\/?keywords=syrie&amp;highlightedUpdateUrns=urn%3Ali%3Aactivity%3A7274826093415612416\" data-test-app-aware-link=\"\"><span class=\"visually-hidden\">hashtag<\/span><span aria-hidden=\"true\">#<\/span>Syrie<\/a> on est tous le terroriste de quelqu\u2019un d\u2019autre (ce qui nous \u00e9loigne definitement de Francois Bayrou)<strong>La suite sur le site web de <a class=\"etMnEnXDUNztOZYZrqrUIumAWTrgOknBiQmU \" href=\"https:\/\/www.linkedin.com\/company\/parismatch\/\" target=\"_self\" rel=\"noopener\" data-test-app-aware-link=\"\">Paris Match<\/a><\/strong><\/div>\n<\/div>\n<div>\n<div class=\"feed-shared-see-translation-button feed-shared-see-translation-button__loader-container display-flex flex-row\"><\/div>\n<\/div>\n<\/div>\n<\/div>\n","protected":false},"excerpt":{"rendered":"<p>Feed post Francois de LabarreFrancois de Labarre \u2022 1st \u2022 1stJournaliste, enqu\u00eates, reportagesJournaliste, enqu\u00eates, reportages Je vous donne des nouvelles de hashtag#Syrie Dimanche soir, le commandant des Forces de D\u00e9fenses Syriennes (hashtag#FDS) &#8211; ce pays est plein d\u2019acronymes c\u2019est pire que le Liban &#8211; hashtag#MazloumAbdi nous a re\u00e7us dans sa base et nous a parl\u00e9s<\/p>\n","protected":false},"author":112,"featured_media":179627,"comment_status":"open","ping_status":"open","sticky":false,"template":"","format":"standard","meta":{"_uf_show_specific_survey":0,"_uf_disable_surveys":false,"footnotes":""},"categories":[37],"tags":[],"class_list":{"0":"post-179621","1":"post","2":"type-post","3":"status-publish","4":"format-standard","5":"has-post-thumbnail","7":"category-alaune-fr"},"aioseo_notices":[],"_links":{"self":[{"href":"https:\/\/middleeasttransparent.com\/fr\/wp-json\/wp\/v2\/posts\/179621","targetHints":{"allow":["GET"]}}],"collection":[{"href":"https:\/\/middleeasttransparent.com\/fr\/wp-json\/wp\/v2\/posts"}],"about":[{"href":"https:\/\/middleeasttransparent.com\/fr\/wp-json\/wp\/v2\/types\/post"}],"author":[{"embeddable":true,"href":"https:\/\/middleeasttransparent.com\/fr\/wp-json\/wp\/v2\/users\/112"}],"replies":[{"embeddable":true,"href":"https:\/\/middleeasttransparent.com\/fr\/wp-json\/wp\/v2\/comments?post=179621"}],"version-history":[{"count":0,"href":"https:\/\/middleeasttransparent.com\/fr\/wp-json\/wp\/v2\/posts\/179621\/revisions"}],"wp:featuredmedia":[{"embeddable":true,"href":"https:\/\/middleeasttransparent.com\/fr\/wp-json\/wp\/v2\/media\/179627"}],"wp:attachment":[{"href":"https:\/\/middleeasttransparent.com\/fr\/wp-json\/wp\/v2\/media?parent=179621"}],"wp:term":[{"taxonomy":"category","embeddable":true,"href":"https:\/\/middleeasttransparent.com\/fr\/wp-json\/wp\/v2\/categories?post=179621"},{"taxonomy":"post_tag","embeddable":true,"href":"https:\/\/middleeasttransparent.com\/fr\/wp-json\/wp\/v2\/tags?post=179621"}],"curies":[{"name":"wp","href":"https:\/\/api.w.org\/{rel}","templated":true}]}}