{"id":179411,"date":"2024-12-15T19:09:59","date_gmt":"2024-12-15T18:09:59","guid":{"rendered":"https:\/\/middleeasttransparent.com\/?p=179411"},"modified":"2024-12-15T20:18:55","modified_gmt":"2024-12-15T19:18:55","slug":"appel-de-soutien-a-fares-souaid-comme-candidat-aux-presidentielles-libanaises","status":"publish","type":"post","link":"https:\/\/middleeasttransparent.com\/fr\/appel-de-soutien-a-fares-souaid-comme-candidat-aux-presidentielles-libanaises\/","title":{"rendered":"Appel de soutien \u00e0 Fares Souaid comme candidat aux pr\u00e9sidentielles libanaises"},"content":{"rendered":"<h3 class=\"s6\"><span style=\"color: #800080;\">La guerre civile libanaise (1975-1990) ainsi que la longue p\u00e9riode d\u2019occupation syrienne suivie de l\u2019occupation iranienne (1990-2024), ont permis de livrer le Liban \u00e0 la domination de groupes politico-miliciens qui ont d\u00e9truit toute la vie politique et l\u2019ont r\u00e9duite \u00e0 une lutte incessante d\u2019int\u00e9r\u00eats entre factions mafieuses de pompiers-pyromanes min\u00e9es par la corruption et l\u2019app\u00e9tit insatiable du pouvoir.<\/span><\/h3>\n<p>&nbsp;<\/p>\n<p class=\"s6\">Face \u00e0 un tel constat plusieurs questions se posent\u00a0:<\/p>\n<div class=\"s8\"><span class=\"s7\">\u2212 <\/span>Qui serait en mesure de briguer le poste de chef d\u2019Etat, c\u2019est-\u00e0-dire d\u2019\u00eatre la cl\u00e9 de vo\u00fbte constitutionnelle qui harmonise les rapports de la s\u00e9paration des pouvoirs ex\u00e9cutif, l\u00e9gislatif et judiciaire, en vue de garantir l\u2019Etat de droit ?<\/div>\n<div class=\"s8\"><span class=\"s7\">\u2212 <\/span>Le peuple libanais a plus que jamais besoin, \u00e0 l\u2019heure actuelle, d\u2019un homme d\u2019Etat capable de rompre avec le pass\u00e9 servile du Liban, r\u00e9duit \u00e0 \u00eatre un th\u00e9\u00e2tre d\u2019op\u00e9rations pour les int\u00e9r\u00eats des autres, notamment les puissances r\u00e9gionales du Proche et du Moyen Orient.<\/div>\n<div class=\"s8\"><span class=\"s7\">\u2212 <\/span>Nombreuses sont les personnalit\u00e9s dont les noms circulent \u00e0 l\u2019heure actuelle. Elles sont toutes estimables \u00e0 l\u2019image de Ziad Baroud, Neemat Frem, Georges Khoury, Nassif Hitti, Elias Baissari, Suleiman Frangieh, le G\u00e9n\u00e9ral Joseph Aoun et d\u2019autres qui ont exerc\u00e9 de hautes responsabilit\u00e9s. Mais, toutes ces figures ont, volontairement ou involontairement, directement ou indirectement, conclu certains compromis avec le Hezbollah et\/ou ont ferm\u00e9 les yeux sur des violations flagrantes de la souverainet\u00e9 libanaise.<\/div>\n<div class=\"s8\">Le Liban d\u2019aujourd\u2019hui a besoin plus que jamais d\u2019un homme dont la carri\u00e8re t\u00e9moigne pour lui. Un homme qui n\u2019a jamais fl\u00e9chi devant la terreur exerc\u00e9e par le r\u00e9gime syrien des Assad ainsi qu\u2019\u00e0 l\u2019Iran des Mollahs, ma\u00eetre de l\u2019axe dit de la \u00ab\u00a0R\u00e9sistance\u00a0\u00bb.<\/div>\n<p class=\"s6\">Le Liban a besoin d\u2019un chef d\u2019Etat fermement patriote, fid\u00e8le au mod\u00e8le libanais du vivre-ensemble, loyal envers l\u2019identit\u00e9 arabe de sa patrie, d\u00e9fenseur inconditionnel de l\u2019inviolabilit\u00e9 des fronti\u00e8res et de l\u2019unit\u00e9 territoriale du pays.<\/p>\n<p class=\"s6\">Le Liban a besoin d\u2019un homme instruit et ouvert, capable de parler au peuple libanais sans sectarisme factieux\u00a0; capable de dialoguer avec le monde ext\u00e9rieur\u00a0; adversaire du morcellement s\u00e9paratiste sous n\u2019importe quelle forme\u00a0; se distinguant par une loyaut\u00e9 ind\u00e9fectible \u00e0 la Constitution libanaise, aux Accords de Ta\u00ebf, \u00e0 la l\u00e9galit\u00e9 arabe et internationale.<\/p>\n<p class=\"s6\">Le Liban a besoin d\u2019un homme courageux se distinguant par une forte volont\u00e9 de conviction lui permettant de prendre les d\u00e9cisions n\u00e9cessaires dans l\u2019int\u00e9r\u00eat du bien commun et des valeurs morales que cela implique.<\/p>\n<p class=\"s6\">Le Docteur Fares Souaid incarne pleinement ces valeurs. Depuis 1989, il a d\u00e9ploy\u00e9 une activit\u00e9 politique enti\u00e8rement consacr\u00e9e \u00e0 un sens aigu de la chose publique. Son pass\u00e9 t\u00e9moigne pour sa probit\u00e9, son courage, son d\u00e9vouement, son amour ind\u00e9fectible de son pays.<br \/>\nComme citoyen, ce m\u00e9decin cardiologue a mis toutes ses ressources au service de sa patrie libanaise, comme mod\u00e8le d\u00e9mocratique d\u2019un Etat de droit, protecteur des libert\u00e9s \u00e0 l\u2019int\u00e9rieur de ses fronti\u00e8res souveraines.<\/p>\n<p class=\"s6\">Ce citoyen engag\u00e9 n\u2019a \u00e9pargn\u00e9 aucun effort pour mener \u00e0 bien un dialogue ouvert afin d\u2019aboutir au retrait de l\u2019arm\u00e9e syrienne du territoire libanais. Fares Souaid est une des grandes figures de la R\u00e9volution du C\u00e8dre de 2005 et de l\u2019action men\u00e9e par les mouvements engag\u00e9s au sein de la coalition du 14 Mars dont il a assur\u00e9 les fonctions de Secr\u00e9taire G\u00e9n\u00e9ral.<\/p>\n<p class=\"s6\">Nul ne peut accuser Fares Souaid de sectarisme confessionnel, encore moins de positions identitaires. Nul ne peut lui d\u00e9nier la justesse de sa vision politique ouverte. Nul ne peut nier son patriotisme libanais et sa loyaut\u00e9 au monde arabe. Nul ne peut lui d\u00e9nier son engagement sans merci en faveur de la dignit\u00e9 de l\u2019homme, du respect de ses droits et de la fraternit\u00e9 humaine.<\/p>\n<p class=\"s6\">Ce chr\u00e9tien maronite de la montagne refuse obstin\u00e9ment \u00e0 se laisser enfermer dans un ghetto identitaire. Son regard demeure inclusif, n\u2019excluant personne de l\u2019horizon universel de sa vision.<\/p>\n<p class=\"s6\"><strong>C\u2019est pour toutes ces raisons et pour bien d\u2019autres que je propose le nom du Docteur Fares Souaid comme candidat \u00e0 la fonction de Pr\u00e9sident de la R\u00e9publique libanaise.<\/strong><\/p>\n<h2><strong>A lire:<\/strong><\/h2>\n<h2 class=\"entry-title pt-0 mt-0\"><a href=\"https:\/\/icibeyrouth.com\/articles\/13972\/fares-souhaid-un-patriote-libanais\">Far\u00e8s Souhaid, un patriote libanais<\/a><\/h2>\n<h2><\/h2>\n","protected":false},"excerpt":{"rendered":"<p>La guerre civile libanaise (1975-1990) ainsi que la longue p\u00e9riode d\u2019occupation syrienne suivie de l\u2019occupation iranienne (1990-2024), ont permis de livrer le Liban \u00e0 la domination de groupes politico-miliciens qui ont d\u00e9truit toute la vie politique et l\u2019ont r\u00e9duite \u00e0 une lutte incessante d\u2019int\u00e9r\u00eats entre factions mafieuses de pompiers-pyromanes min\u00e9es par la corruption et l\u2019app\u00e9tit<\/p>\n","protected":false},"author":3304,"featured_media":179417,"comment_status":"open","ping_status":"open","sticky":false,"template":"","format":"standard","meta":{"_uf_show_specific_survey":0,"_uf_disable_surveys":false,"footnotes":""},"categories":[37],"tags":[],"class_list":{"0":"post-179411","1":"post","2":"type-post","3":"status-publish","4":"format-standard","5":"has-post-thumbnail","7":"category-alaune-fr"},"aioseo_notices":[],"_links":{"self":[{"href":"https:\/\/middleeasttransparent.com\/fr\/wp-json\/wp\/v2\/posts\/179411","targetHints":{"allow":["GET"]}}],"collection":[{"href":"https:\/\/middleeasttransparent.com\/fr\/wp-json\/wp\/v2\/posts"}],"about":[{"href":"https:\/\/middleeasttransparent.com\/fr\/wp-json\/wp\/v2\/types\/post"}],"author":[{"embeddable":true,"href":"https:\/\/middleeasttransparent.com\/fr\/wp-json\/wp\/v2\/users\/3304"}],"replies":[{"embeddable":true,"href":"https:\/\/middleeasttransparent.com\/fr\/wp-json\/wp\/v2\/comments?post=179411"}],"version-history":[{"count":0,"href":"https:\/\/middleeasttransparent.com\/fr\/wp-json\/wp\/v2\/posts\/179411\/revisions"}],"wp:featuredmedia":[{"embeddable":true,"href":"https:\/\/middleeasttransparent.com\/fr\/wp-json\/wp\/v2\/media\/179417"}],"wp:attachment":[{"href":"https:\/\/middleeasttransparent.com\/fr\/wp-json\/wp\/v2\/media?parent=179411"}],"wp:term":[{"taxonomy":"category","embeddable":true,"href":"https:\/\/middleeasttransparent.com\/fr\/wp-json\/wp\/v2\/categories?post=179411"},{"taxonomy":"post_tag","embeddable":true,"href":"https:\/\/middleeasttransparent.com\/fr\/wp-json\/wp\/v2\/tags?post=179411"}],"curies":[{"name":"wp","href":"https:\/\/api.w.org\/{rel}","templated":true}]}}