{"id":17864,"date":"2017-02-18T23:45:11","date_gmt":"2017-02-18T22:45:11","guid":{"rendered":"http:\/\/middleeasttransparent.com\/?p=17864"},"modified":"2017-02-18T23:45:11","modified_gmt":"2017-02-18T22:45:11","slug":"au-liban-marine-le-pen-se-cherche-une-stature","status":"publish","type":"post","link":"https:\/\/middleeasttransparent.com\/fr\/au-liban-marine-le-pen-se-cherche-une-stature\/","title":{"rendered":"Au Liban, Marine Le Pen se cherche une stature"},"content":{"rendered":"<h3 class=\"tt2\">Apr\u00e8s son p\u00e8re, \u00e9conduit en\u00a02002, la candidate d\u2019extr\u00eame droite, en visite \u00e0 Beyrouth, esp\u00e8re rencontrer les dirigeants du pays.<\/h3>\n<p>Enfin. Enfin, Marine Le Pen va rencontrer publiquement un chef d\u2019Etat \u00e9tranger en tant que pr\u00e9sidente du Front national (FN). Depuis qu\u2019elle a pris la t\u00eate du parti d\u2019extr\u00eame droite, en\u00a02011, la fille de Jean-Marie Le Pen a revivifi\u00e9 ses r\u00e9seaux au niveau europ\u00e9en, mais elle peine \u00e0 tisser sa toile en dehors du Vieux Continent, et \u00e0 \u00eatre re\u00e7ue par des responsables en exercice \u2013 passage oblig\u00e9 pour tout postulant \u00e0 l\u2019Elys\u00e9e.<\/p>\n<p>Un manque que la d\u00e9put\u00e9e europ\u00e9enne devrait pallier, lundi\u00a020 et mardi 21\u00a0f\u00e9vrier, \u00e0 l\u2019occasion d\u2019un d\u00e9placement au Liban au cours duquel elle devrait s\u2019entretenir avec le pr\u00e9sident, Michel Aoun, et le premier ministre, Saad Hariri. Des rencontres sont \u00e9galement pr\u00e9vues avec le grand mufti du Liban et le patriarche maronite.<\/p>\n<p>De source diplomatique libanaise, on explique recevoir M<sup>me<\/sup> Le Pen comme l\u2019ensemble des candidats qui en font la demande, \u00e0 l\u2019image d\u2019Emmanuel Macron, venu sur place fin janvier. Pour autant, il n\u2019est pas anodin que cette perc\u00e9e sur la sc\u00e8ne internationale se fasse au pays du C\u00e8dre. Le FN dispose de nombreux relais dans sa communaut\u00e9 chr\u00e9tienne, des contacts h\u00e9rit\u00e9s de la guerre civile (1975-1990). <em>\u00ab\u00a0Nous avons une tendresse particuli\u00e8re pour le Liban, et c\u2019est r\u00e9ciproque, je pense\u00a0\u00bb,<\/em> confie au <em>Monde<\/em> Jean-Marie Le Pen, qui \u00e9voque des <em>\u00ab\u00a0parall\u00e9lismes id\u00e9ologiques et politiques\u00a0\u00bb<\/em> avec les chr\u00e9tiens libanais.<\/p>\n<p>Engagement de jeunesse<\/p>\n<p>Plusieurs responsables actuels du FN se sont impliqu\u00e9s \u2013 armes \u00e0 la main ou pas \u2013 aux c\u00f4t\u00e9s des chr\u00e9tiens durant le conflit inter-libanais, persuad\u00e9s d\u2019y d\u00e9fendre les valeurs de l\u2019Occident contre <em>\u00ab\u00a0le terrorisme r\u00e9volutionnaire islamique\u00a0\u00bb<\/em>. L\u2019expression est de Thibault de la Tocnaye, conseiller r\u00e9gional de Provence-Alpes-C\u00f4te d\u2019Azur et membre de la direction de campagne de Marine Le Pen, qui a particip\u00e9 aux combats de la guerre du Chouf, contre les druzes, en\u00a01983-1984.<\/p>\n<p>Un engagement de jeunesse qu\u2019il compare sur son site officiel \u00e0 la lutte contre l\u2019organisation Etat islamique et qui lui vaut des contacts, aujourd\u2019hui, au sein des Kata\u00ebb, l\u2019une des formations de la droite chr\u00e9tienne. <em>\u00ab\u00a0Cela fait sourire parce que les adversaires des chr\u00e9tiens \u00e0 l\u2019\u00e9poque \u00e9taient des buveurs de whisky, partisans de l\u2019\u00e9mancipation f\u00e9minine\u00a0\u00bb,<\/em> s\u2019amuse le politologue franco-libanais Karim Emile Bitar.<\/p>\n<p>Du temps de son exil en France, dans les ann\u00e9es 1990, Michel Aoun, le champion de la cause chr\u00e9tienne et du camp anti-syrien,&#8230;<br \/>\n<a href=\"http:\/\/www.lemonde.fr\/election-presidentielle-2017\/article\/2017\/02\/18\/au-liban-marine-le-pen-se-cherche-une-stature_5081646_4854003.html#5KlAQVQDuSZU3Ffo.99\"><strong>LE MONDE\u00a0<\/strong><\/a><\/p>\n","protected":false},"excerpt":{"rendered":"<p>Apr\u00e8s son p\u00e8re, \u00e9conduit en\u00a02002, la candidate d\u2019extr\u00eame droite, en visite \u00e0 Beyrouth, esp\u00e8re rencontrer les dirigeants du pays. Enfin. Enfin, Marine Le Pen va rencontrer publiquement un chef d\u2019Etat \u00e9tranger en tant que pr\u00e9sidente du Front national (FN). Depuis qu\u2019elle a pris la t\u00eate du parti d\u2019extr\u00eame droite, en\u00a02011, la fille de Jean-Marie Le<\/p>\n","protected":false},"author":134,"featured_media":17866,"comment_status":"open","ping_status":"open","sticky":false,"template":"","format":"standard","meta":{"_uf_show_specific_survey":0,"_uf_disable_surveys":false,"footnotes":""},"categories":[37],"tags":[],"class_list":{"0":"post-17864","1":"post","2":"type-post","3":"status-publish","4":"format-standard","5":"has-post-thumbnail","7":"category-alaune-fr"},"aioseo_notices":[],"_links":{"self":[{"href":"https:\/\/middleeasttransparent.com\/fr\/wp-json\/wp\/v2\/posts\/17864","targetHints":{"allow":["GET"]}}],"collection":[{"href":"https:\/\/middleeasttransparent.com\/fr\/wp-json\/wp\/v2\/posts"}],"about":[{"href":"https:\/\/middleeasttransparent.com\/fr\/wp-json\/wp\/v2\/types\/post"}],"author":[{"embeddable":true,"href":"https:\/\/middleeasttransparent.com\/fr\/wp-json\/wp\/v2\/users\/134"}],"replies":[{"embeddable":true,"href":"https:\/\/middleeasttransparent.com\/fr\/wp-json\/wp\/v2\/comments?post=17864"}],"version-history":[{"count":0,"href":"https:\/\/middleeasttransparent.com\/fr\/wp-json\/wp\/v2\/posts\/17864\/revisions"}],"wp:featuredmedia":[{"embeddable":true,"href":"https:\/\/middleeasttransparent.com\/fr\/wp-json\/wp\/v2\/media\/17866"}],"wp:attachment":[{"href":"https:\/\/middleeasttransparent.com\/fr\/wp-json\/wp\/v2\/media?parent=17864"}],"wp:term":[{"taxonomy":"category","embeddable":true,"href":"https:\/\/middleeasttransparent.com\/fr\/wp-json\/wp\/v2\/categories?post=17864"},{"taxonomy":"post_tag","embeddable":true,"href":"https:\/\/middleeasttransparent.com\/fr\/wp-json\/wp\/v2\/tags?post=17864"}],"curies":[{"name":"wp","href":"https:\/\/api.w.org\/{rel}","templated":true}]}}