{"id":177015,"date":"2024-10-27T19:45:16","date_gmt":"2024-10-27T18:45:16","guid":{"rendered":"https:\/\/middleeasttransparent.com\/?p=177015"},"modified":"2024-10-27T20:38:31","modified_gmt":"2024-10-27T19:38:31","slug":"prenons-notre-destin-en-mains","status":"publish","type":"post","link":"https:\/\/middleeasttransparent.com\/fr\/prenons-notre-destin-en-mains\/","title":{"rendered":"Prenons notre destin en mains !\u00a0"},"content":{"rendered":"<h3><\/h3>\n<h3>Il appara\u00eet in fine que l\u2019accord de Doha (2008), obtenu sous la contrainte des armes apr\u00e8s les \u00e9v\u00e9nements sanglants des 7, 8 et 9 Mai 2008 \u00e0 Beyrouth et dans la Montagne, a \u00e9t\u00e9 une sorte de n\u00e9o-accord du Caire, une cession officielle de souverainet\u00e9 de la part de l\u2019ensemble des acteurs libanais au Hezbollah.<\/h3>\n<p>&nbsp;<\/p>\n<p>&nbsp;<\/p>\n<p>Cette cession s\u2019est traduite par la conqu\u00eate progressive des institutions libanaises par le Hezbollah, la cr\u00e9ation d\u2019h\u00e9r\u00e9sies constitutionnelles pour conforter sa domination au sein de ces derni\u00e8res, la mise au pas et l\u2019effondrement de ses adversaires politiques en profitent de leurs divisions internes et des enjeux de pouvoir, et, enfin, la consolidation de son arsenal militaire au milieu de la population civile, que ce soit dans les villes ou les campagnes.<span class=\"Apple-converted-space\">\u00a0<\/span><\/p>\n<p>L\u2019invasion isra\u00e9lienne avait mis fin, dans la pratique, \u00e0 l\u2019accord du Caire, avec la d\u00e9route de l\u2019OLP en 1982.<span class=\"Apple-converted-space\">\u00a0<\/span><\/p>\n<p>L\u2019invasion isra\u00e9lienne de 2024 a mis fin, dans la pratique, \u00e0 l\u2019accord de Doha (renforc\u00e9 par les effets de l\u2019accord sur le nucl\u00e9aire conclu par Barak Obama avec les mollahs de T\u00e9h\u00e9ran en 2015). La structure du Hezbollah qui a domin\u00e9 le pays entre 2006 et 2024 est consid\u00e9rablement affaiblie.<span class=\"Apple-converted-space\">\u00a0<\/span><\/p>\n<figure id=\"attachment_177026\" aria-describedby=\"caption-attachment-177026\" style=\"width: 600px\" class=\"wp-caption aligncenter\"><a href=\"https:\/\/middleeasttransparent.com\/fr\/prenons-notre-destin-en-mains\/accord-17-mai\/\" rel=\"attachment wp-att-177026\"><img fetchpriority=\"high\" decoding=\"async\" class=\"size-medium wp-image-177026\" src=\"https:\/\/middleeasttransparent.com\/wp-content\/uploads\/2024\/10\/ACCORD-17-MAI-1-1-600x329.png\" alt=\"\" width=\"600\" height=\"329\" srcset=\"https:\/\/middleeasttransparent.com\/wp-content\/uploads\/2024\/10\/ACCORD-17-MAI-1-1-600x329.png 600w, https:\/\/middleeasttransparent.com\/wp-content\/uploads\/2024\/10\/ACCORD-17-MAI-1-1-150x82.png 150w, https:\/\/middleeasttransparent.com\/wp-content\/uploads\/2024\/10\/ACCORD-17-MAI-1-1-450x247.png 450w, https:\/\/middleeasttransparent.com\/wp-content\/uploads\/2024\/10\/ACCORD-17-MAI-1-1.png 678w\" sizes=\"(max-width: 600px) 100vw, 600px\" \/><\/a><figcaption id=\"caption-attachment-177026\" class=\"wp-caption-text\">(Les n\u00e9gociateurs de l\u2019accord du 17 mai 1983, Antoine Fattal, David Kimche et Maurice Draper)<\/figcaption><\/figure>\n<p>L\u2019invasion isra\u00e9lienne s\u2019est termin\u00e9e par l\u2019accord du 17 Mai, son \u00e9chec subs\u00e9quent, l\u2019occupation du Liban-Sud jusqu\u2019en 2000, une succession sans fin de guerre intestines et la cession du Liban, avec l\u2019accord de la communaut\u00e9 internationale, aux forces d\u2019occupation syriennes entre 1990 et 2005.<span class=\"Apple-converted-space\">\u00a0 \u00a0<\/span><\/p>\n<p><strong>L\u2019invasion de 2024 se terminera-t-elle par :<span class=\"Apple-converted-space\">\u00a0<\/span><\/strong><\/p>\n<p>. un n\u00e9o 17 Mai permanent ?<\/p>\n<p>. la cr\u00e9ation d\u2019une zone-tampon, surveill\u00e9e par des moyens technologiques et non par une pr\u00e9sence militaire physique, de plusieurs kilom\u00e8tres par Tel-Aviv tout le long de la fronti\u00e8re libano-syrienne pour emp\u00eacher toute possibilit\u00e9 d\u2019atteindre le territoire isra\u00e9lien \u00e0 partir du Liban ?<\/p>\n<p>. partant, la condamnation quasi-permanente des villages d\u00e9truits du Liban-Sud jusqu\u2019\u00e0 nouvel ordre, avec le drame que cela induit au niveau des populations d\u00e9plac\u00e9es ?<span class=\"Apple-converted-space\">\u00a0<\/span><\/p>\n<p>. de nouvelles querelles intestines dues aux cons\u00e9quences sociales, \u00e9conomies et politiques de cette situation chaotique ?<span class=\"Apple-converted-space\">\u00a0<\/span><\/p>\n<p>. ou encore, \u00e9ventuellement, comme cela est propos\u00e9 dans certains cercles arabes et isra\u00e9liens, un retour \u00e9ventuel de l\u2019influence syrienne au Liban avec sa ribambelle de symboles politiques ?<span class=\"Apple-converted-space\">\u00a0<\/span><\/p>\n<p>\u2022<span class=\"Apple-converted-space\">\u00a0 <\/span>La grande majorit\u00e9 des Libanais ne veut plus de solutions bancales qui porteraient atteinte \u00e0 sa souverainet\u00e9, \u00e0 sa stabilit\u00e9, \u00e0 sa paix :<span class=\"Apple-converted-space\">\u00a0<\/span><\/p>\n<p>. elle ne veut pas d\u2019une nouvelle<span class=\"Apple-converted-space\">\u00a0 <\/span>occupation ou tutelle, qu\u2019elle soit isra\u00e9lienne, iranienne, syrienne ou autre.<\/p>\n<p>. elle ne veut pas d\u2019un retour \u00e0 l\u2019h\u00e9g\u00e9monie du Parti de T\u00e9h\u00e9ran, que certaines parties internationales essaient actuellement de remettre sur pied et de sauver pour leurs int\u00e9r\u00eats propres.<span class=\"Apple-converted-space\">\u00a0<\/span><\/p>\n<p>. elle ne veut plus d\u2019h\u00e9r\u00e9sies constitutionnelles justifiant toutes les avanies.<span class=\"Apple-converted-space\">\u00a0<\/span><\/p>\n<p>.<span class=\"Apple-converted-space\">\u00a0 <\/span>elle ne veut plus de guerres civiles et de nouveaux cycles de violence.<\/p>\n<p>. elle ne veut plus vivre dans la servitude,<span class=\"Apple-converted-space\">\u00a0 <\/span>l\u2019instabilit\u00e9, l\u2019impunit\u00e9, l\u2019injustice, l\u2019ins\u00e9curit\u00e9, la mis\u00e8re, la corruption que tout cela induit.<\/p>\n<p>. et, surtout, elle ne veut plus que son pays serve d\u2019ar\u00e8ne de luttes, de carte de n\u00e9gociation et de bo\u00eetes aux lettres pour les int\u00e9r\u00eats des autres. Encore moins de chair \u00e0 canon ou de \u00ab victime collat\u00e9rale \u00bb.<span class=\"Apple-converted-space\">\u00a0<\/span><\/p>\n<p>. elle aspire \u00e0 un pays souverain, ind\u00e9pendant, libre, neutre, d\u00e9mocratique, juste, stable, paisible, prosp\u00e8re, respectueux de ses engagements internationaux et de sa Constitution, dirig\u00e9 par des gens int\u00e8gres et transparents, capable de g\u00e9rer convenablement son pluralisme en d\u00e9veloppant ses m\u00e9canismes de vivre-ensemble, de rayonner de nouveau \u00e0 tous les niveaux, surtout sur le plan culturel, \u00e9conomique et financier, et de refonder le pays sur de nouvelles valeurs morales.<span class=\"Apple-converted-space\">\u00a0<\/span><\/p>\n<p>Elle veut vivre normalement, en somme.<span class=\"Apple-converted-space\">\u00a0<\/span><\/p>\n<p><strong>Cela est-il possible ?<span class=\"Apple-converted-space\">\u00a0<\/span><\/strong><\/p>\n<p>Oui.<span class=\"Apple-converted-space\">\u00a0<\/span><\/p>\n<p>Mais<span class=\"Apple-converted-space\">\u00a0 <\/span>pour pouvoir influer sur la situation, il faut commencer par prendre la d\u00e9cision d\u2019exister.<span class=\"Apple-converted-space\">\u00a0<\/span><\/p>\n<p>Cela n\u2019est possible qu\u2019\u00e0 travers une prise de conscience manifeste et la mise en place d\u2019une opposition plurielle, transversale, unie, cr\u00e9dible, capable de s\u2019\u00e9lever au-dessus des tentations du pouvoir et des \u00e9gos surdimensionn\u00e9s, et de prendre en mains son destin.<span class=\"Apple-converted-space\">\u00a0<\/span><\/p>\n<p>Tout reste possible, pour aller vers le meilleur &#8211; et, surtout, \u00e9viter le pire.<span class=\"Apple-converted-space\">\u00a0<\/span><\/p>\n<p>Il va falloir enfin m\u00fbrir, devenir autonomes et responsables &#8211; et prendre notre destin en mains.<\/p>\n","protected":false},"excerpt":{"rendered":"<p>Il appara\u00eet in fine que l\u2019accord de Doha (2008), obtenu sous la contrainte des armes apr\u00e8s les \u00e9v\u00e9nements sanglants des 7, 8 et 9 Mai 2008 \u00e0 Beyrouth et dans la Montagne, a \u00e9t\u00e9 une sorte de n\u00e9o-accord du Caire, une cession officielle de souverainet\u00e9 de la part de l\u2019ensemble des acteurs libanais au Hezbollah.<\/p>\n","protected":false},"author":3251,"featured_media":177023,"comment_status":"open","ping_status":"open","sticky":false,"template":"","format":"standard","meta":{"_uf_show_specific_survey":0,"_uf_disable_surveys":false,"footnotes":""},"categories":[37],"tags":[],"class_list":{"0":"post-177015","1":"post","2":"type-post","3":"status-publish","4":"format-standard","5":"has-post-thumbnail","7":"category-alaune-fr"},"aioseo_notices":[],"_links":{"self":[{"href":"https:\/\/middleeasttransparent.com\/fr\/wp-json\/wp\/v2\/posts\/177015","targetHints":{"allow":["GET"]}}],"collection":[{"href":"https:\/\/middleeasttransparent.com\/fr\/wp-json\/wp\/v2\/posts"}],"about":[{"href":"https:\/\/middleeasttransparent.com\/fr\/wp-json\/wp\/v2\/types\/post"}],"author":[{"embeddable":true,"href":"https:\/\/middleeasttransparent.com\/fr\/wp-json\/wp\/v2\/users\/3251"}],"replies":[{"embeddable":true,"href":"https:\/\/middleeasttransparent.com\/fr\/wp-json\/wp\/v2\/comments?post=177015"}],"version-history":[{"count":0,"href":"https:\/\/middleeasttransparent.com\/fr\/wp-json\/wp\/v2\/posts\/177015\/revisions"}],"wp:featuredmedia":[{"embeddable":true,"href":"https:\/\/middleeasttransparent.com\/fr\/wp-json\/wp\/v2\/media\/177023"}],"wp:attachment":[{"href":"https:\/\/middleeasttransparent.com\/fr\/wp-json\/wp\/v2\/media?parent=177015"}],"wp:term":[{"taxonomy":"category","embeddable":true,"href":"https:\/\/middleeasttransparent.com\/fr\/wp-json\/wp\/v2\/categories?post=177015"},{"taxonomy":"post_tag","embeddable":true,"href":"https:\/\/middleeasttransparent.com\/fr\/wp-json\/wp\/v2\/tags?post=177015"}],"curies":[{"name":"wp","href":"https:\/\/api.w.org\/{rel}","templated":true}]}}