{"id":176752,"date":"2024-10-21T20:36:14","date_gmt":"2024-10-21T19:36:14","guid":{"rendered":"https:\/\/middleeasttransparent.com\/?p=176752"},"modified":"2024-10-22T01:17:11","modified_gmt":"2024-10-22T00:17:11","slug":"cma-cgm-hezbollah-de-lutilite-de-parler-au-hezbollah","status":"publish","type":"post","link":"https:\/\/middleeasttransparent.com\/fr\/cma-cgm-hezbollah-de-lutilite-de-parler-au-hezbollah\/","title":{"rendered":"CMA CGM-Hezbollah. De l&rsquo;utilit\u00e9 de parler au Hezbollah."},"content":{"rendered":"<div class=\"css-175oi2r r-18u37iz\">\n<div class=\"css-175oi2r r-1iusvr4 r-16y2uox r-1777fci\">\n<div class=\"css-175oi2r r-zl2h9q\">\n<div class=\"css-175oi2r r-k4xj1c r-18u37iz r-1wtj0ep\">\n<div class=\"css-175oi2r r-1d09ksm r-18u37iz r-1wbh5a2\">\n<div class=\"css-175oi2r r-1wbh5a2 r-dnmrzs r-1ny4l3l\">\n<div id=\"id__b7x0pw92ne\" class=\"css-175oi2r r-1wbh5a2 r-dnmrzs r-1ny4l3l\" data-testid=\"User-Name\">\n<div class=\"css-175oi2r r-1awozwy r-18u37iz r-1wbh5a2 r-dnmrzs\">\n<div class=\"css-175oi2r r-1wbh5a2 r-dnmrzs\">\n<div class=\"css-175oi2r r-1awozwy r-18u37iz r-1wbh5a2 r-dnmrzs\">\n<div class=\"css-146c3p1 r-bcqeeo r-1ttztb7 r-qvutc0 r-37j5jr r-a023e6 r-rjixqe r-b88u0q r-1awozwy r-6koalj r-1udh08x r-3s2u2q\" dir=\"ltr\"><\/div>\n<div class=\"css-146c3p1 r-bcqeeo r-1ttztb7 r-qvutc0 r-37j5jr r-a023e6 r-rjixqe r-16dba41 r-xoduu5 r-18u37iz r-1q142lx\" dir=\"ltr\"><\/div>\n<\/div>\n<\/div>\n<\/div>\n<div class=\"css-175oi2r r-18u37iz r-1wbh5a2\">\n<div class=\"css-175oi2r r-1d09ksm r-18u37iz r-1wbh5a2\">\n<div class=\"css-175oi2r r-1wbh5a2 r-dnmrzs\">\n<div class=\"css-146c3p1 r-dnmrzs r-1udh08x r-3s2u2q r-bcqeeo r-1ttztb7 r-qvutc0 r-37j5jr r-a023e6 r-rjixqe r-16dba41 r-18u37iz r-1wvb978\" dir=\"ltr\"><\/div>\n<\/div>\n<\/div>\n<\/div>\n<\/div>\n<\/div>\n<\/div>\n<div class=\"css-175oi2r r-1kkk96v\">\n<div class=\"css-175oi2r r-1awozwy r-18u37iz r-1cmwbt1 r-1wtj0ep\">\n<div class=\"css-175oi2r r-1awozwy r-6koalj r-18u37iz\">\n<div class=\"css-175oi2r\">\n<div class=\"css-175oi2r r-18u37iz r-1h0z5md\"><\/div>\n<\/div>\n<\/div>\n<\/div>\n<\/div>\n<\/div>\n<\/div>\n<\/div>\n<\/div>\n<div class=\"css-175oi2r\">\n<div class=\"css-175oi2r\">\n<div class=\"css-175oi2r r-1s2bzr4\">\n<h3 id=\"id__y4e6a4ikmya\" class=\"css-146c3p1 r-bcqeeo r-1ttztb7 r-qvutc0 r-37j5jr r-1inkyih r-16dba41 r-bnwqim r-135wba7\" dir=\"auto\" lang=\"fr\" data-testid=\"tweetText\"><span class=\"css-1jxf684 r-bcqeeo r-1ttztb7 r-qvutc0 r-poiln3\"><span style=\"color: #666699;\">CMA CGM-Hezbollah. De l&rsquo;utilit\u00e9 de parler au Hezbollah.<\/span><\/span><\/h3>\n<div dir=\"auto\" lang=\"fr\" data-testid=\"tweetText\"><\/div>\n<div class=\"css-146c3p1 r-bcqeeo r-1ttztb7 r-qvutc0 r-37j5jr r-1inkyih r-16dba41 r-bnwqim r-135wba7\" dir=\"auto\" lang=\"fr\" data-testid=\"tweetText\"><span class=\"css-1jxf684 r-bcqeeo r-1ttztb7 r-qvutc0 r-poiln3\">L&rsquo;\u00e9t\u00e9 2020, peu apr\u00e8s l&rsquo;explosion du port de Beyrouth, un deal avait \u00e9t\u00e9 discr\u00e8tement pass\u00e9 entre la France et le Hezbollah au terme duquel Emmanuel Macron ne parlerait pas lors de ses d\u00e9placements au Liban des armes du Hezbollah en \u00e9change de quoi le Parti de Dieu laisserait CMA-CGM, propri\u00e9t\u00e9 de Rodolphe Saade qui accompagnait le pr\u00e9sident de la R\u00e9publique, remporter le march\u00e9 des porte-conteneurs au port de Beyrouth. <\/span><\/div>\n<div dir=\"auto\" lang=\"fr\" data-testid=\"tweetText\"><\/div>\n<div class=\"css-146c3p1 r-bcqeeo r-1ttztb7 r-qvutc0 r-37j5jr r-1inkyih r-16dba41 r-bnwqim r-135wba7\" dir=\"auto\" lang=\"fr\" data-testid=\"tweetText\"><span class=\"css-1jxf684 r-bcqeeo r-1ttztb7 r-qvutc0 r-poiln3\">(Voir ci-dessous notre livre Le d\u00e9classement fran\u00e7ais).<\/span><\/div>\n<div dir=\"auto\" lang=\"fr\" data-testid=\"tweetText\"><a href=\"https:\/\/middleeasttransparent.com\/fr\/cma-cgm-hezbollah-de-lutilite-de-parler-au-hezbollah\/malbrunot-livre-1\/\" rel=\"attachment wp-att-176755\"><img fetchpriority=\"high\" decoding=\"async\" class=\"aligncenter size-medium wp-image-176755\" src=\"https:\/\/middleeasttransparent.com\/wp-content\/uploads\/2024\/10\/MALBRUNOT-LIVRE-1-431x600.png\" alt=\"\" width=\"431\" height=\"600\" srcset=\"https:\/\/middleeasttransparent.com\/wp-content\/uploads\/2024\/10\/MALBRUNOT-LIVRE-1-431x600.png 431w, https:\/\/middleeasttransparent.com\/wp-content\/uploads\/2024\/10\/MALBRUNOT-LIVRE-1-736x1024.png 736w, https:\/\/middleeasttransparent.com\/wp-content\/uploads\/2024\/10\/MALBRUNOT-LIVRE-1-768x1069.png 768w, https:\/\/middleeasttransparent.com\/wp-content\/uploads\/2024\/10\/MALBRUNOT-LIVRE-1-1104x1536.png 1104w, https:\/\/middleeasttransparent.com\/wp-content\/uploads\/2024\/10\/MALBRUNOT-LIVRE-1-1472x2048.png 1472w, https:\/\/middleeasttransparent.com\/wp-content\/uploads\/2024\/10\/MALBRUNOT-LIVRE-1-150x209.png 150w, https:\/\/middleeasttransparent.com\/wp-content\/uploads\/2024\/10\/MALBRUNOT-LIVRE-1-450x626.png 450w, https:\/\/middleeasttransparent.com\/wp-content\/uploads\/2024\/10\/MALBRUNOT-LIVRE-1-1200x1670.png 1200w, https:\/\/middleeasttransparent.com\/wp-content\/uploads\/2024\/10\/MALBRUNOT-LIVRE-1.png 1865w\" sizes=\"(max-width: 431px) 100vw, 431px\" \/><\/a><\/div>\n<div dir=\"auto\" lang=\"fr\" data-testid=\"tweetText\"><\/div>\n<div class=\"css-146c3p1 r-bcqeeo r-1ttztb7 r-qvutc0 r-37j5jr r-1inkyih r-16dba41 r-bnwqim r-135wba7\" dir=\"auto\" lang=\"fr\" data-testid=\"tweetText\"><span class=\"css-1jxf684 r-bcqeeo r-1ttztb7 r-qvutc0 r-poiln3\"> Une source libanaise pr\u00e9cise aujourd&rsquo;hui qu&rsquo;en vue de la conclusion du contrat entre le ministre des Transports du Liban, proche du Hezbollah, Ali Hamieh, et<strong> M. Saad\u00e9, qui poss\u00e8de \u00e9galement BFM TV<\/strong>, celui-ci proposa au ministre de lui envoyer son avion priv\u00e9 \u00e0 Marseille.<\/span><\/div>\n<\/div>\n<div dir=\"auto\" lang=\"fr\" data-testid=\"tweetText\">\n<figure id=\"attachment_176764\" aria-describedby=\"caption-attachment-176764\" style=\"width: 600px\" class=\"wp-caption aligncenter\"><a href=\"https:\/\/middleeasttransparent.com\/fr\/cma-cgm-hezbollah-de-lutilite-de-parler-au-hezbollah\/patrick-durel-raad\/\" rel=\"attachment wp-att-176764\"><img decoding=\"async\" class=\"size-medium wp-image-176764\" src=\"https:\/\/middleeasttransparent.com\/wp-content\/uploads\/2024\/10\/Patrick-durel-raad-600x354.png\" alt=\"\" width=\"600\" height=\"354\" srcset=\"https:\/\/middleeasttransparent.com\/wp-content\/uploads\/2024\/10\/Patrick-durel-raad-600x354.png 600w, https:\/\/middleeasttransparent.com\/wp-content\/uploads\/2024\/10\/Patrick-durel-raad-150x88.png 150w, https:\/\/middleeasttransparent.com\/wp-content\/uploads\/2024\/10\/Patrick-durel-raad-450x265.png 450w, https:\/\/middleeasttransparent.com\/wp-content\/uploads\/2024\/10\/Patrick-durel-raad.png 670w\" sizes=\"(max-width: 600px) 100vw, 600px\" \/><\/a><figcaption id=\"caption-attachment-176764\" class=\"wp-caption-text\">Patrick Durel (\u00e0 droite), un conseiller du pr\u00e9sident fran\u00e7ais Emmanuel Macron, rencontre le repr\u00e9sentant du Hezbollah libanais, le d\u00e9put\u00e9 Mohammed Raad, \u00e0 Beyrouth, le 12 novembre 2020. (Anwar Amro \/ AFP)<\/figcaption><\/figure>\n<\/div>\n<div class=\"css-175oi2r r-1s2bzr4\">\n<div dir=\"auto\" lang=\"fr\" data-testid=\"tweetText\"><\/div>\n<div class=\"css-146c3p1 r-bcqeeo r-1ttztb7 r-qvutc0 r-37j5jr r-1inkyih r-16dba41 r-bnwqim r-135wba7\" dir=\"auto\" lang=\"fr\" data-testid=\"tweetText\"><strong><span class=\"css-1jxf684 r-bcqeeo r-1ttztb7 r-qvutc0 r-poiln3\">CMA-CGM remporta finalement ce contrat, gr\u00e2ce \u00e0 la bienveillance du Hezbollah. Comme quoi la diplomatie et les affaires c&rsquo;est plus compliqu\u00e9 que ce qu&rsquo;on nous d\u00e9clare \u00e0 la t\u00e9l\u00e9.<\/span><\/strong><\/div>\n<div dir=\"auto\" lang=\"fr\" data-testid=\"tweetText\"><\/div>\n<\/div>\n<div dir=\"auto\" lang=\"fr\" data-testid=\"tweetText\"><\/div>\n<div dir=\"auto\" lang=\"fr\" data-testid=\"tweetText\"><span class=\"css-1jxf684 r-bcqeeo r-1ttztb7 r-qvutc0 r-poiln3\">@Malbrunot<\/span><\/div>\n<div dir=\"auto\" lang=\"fr\" data-testid=\"tweetText\"><\/div>\n<\/div>\n<h1 dir=\"auto\" lang=\"fr\" style=\"text-align: center;\" data-testid=\"tweetText\">*<\/h1>\n<h3 style=\"text-align: center;\"><strong>DOCUMENT LCI\/TF1 &#8211; \u00ab\u00a0Ce que vous avez fait est grave\u00a0\u00bb : au Liban, la col\u00e8re d&rsquo;Emmanuel Macron contre un journaliste fran\u00e7ais<\/strong><\/h3>\n<\/div>\n<section class=\"jsx-4257760860 jsx-4214802851 jsx-1179431334 jsx-2995139511 jsx-3149071298 LeftSidebar flex items-end justify-end\" data-module=\"main.leftSidebar\">\n<div class=\"jsx-4257760860 jsx-4214802851 jsx-1179431334 jsx-2995139511 jsx-3149071298 LeftSidebar__container\"><\/div>\n<\/section>\n<section class=\"jsx-4257760860 jsx-4214802851 jsx-1179431334 jsx-2995139511 jsx-3149071298 Main__Body\" data-module=\"main.body\" data-type=\"content\">\n<article>\n<div class=\"jsx-1139627130 ArticleChapo__Bullet\"><\/div>\n<h3 class=\"jsx-1139627130 ArticleChapo__List_Item flex\"><span class=\"jsx-1139627130 ArticleChapo__Point ArticleChapo__Point__0\">VIDEO &#8211; Emmanuel Macron s&rsquo;en est pris vivement, mardi soir lors d&rsquo;une r\u00e9ception au Liban, au journaliste du Figaro Georges Malbrunot, au sujet d&rsquo;un article relatant les n\u00e9gociations que le pr\u00e9sident m\u00e8ne en coulisses pour refonder le syst\u00e8me politique libanais. Le journaliste s&rsquo;est dit \u00ab\u00a0surpris par la virulence de cette attaque\u00a0\u00bb.<\/span><\/h3>\n<\/article>\n<p><a href=\"https:\/\/www.facebook.com\/watch\/?v=1234338890280589\">https:\/\/www.facebook.com\/watch\/?v=1234338890280589<\/a><\/p>\n<div><\/div>\n<div>\n<p class=\"jsx-4036478464 Paragraph\" data-module=\"article-paragraph\">Une prise \u00e0 partie peu courante de la part d&rsquo;un pr\u00e9sident envers un journaliste lors d&rsquo;une visite diplomatique. Dans une s\u00e9quence film\u00e9e mardi soir par notre journaliste lors d&rsquo;une r\u00e9ception \u00e0 Beyrouth, on voit Emmanuel Macron interpeller brutalement le journaliste du\u00a0<em>Figaro\u00a0<\/em>Georges Malbrunot, qui suit pour le quotidien le d\u00e9placement du chef de l&rsquo;Etat au Liban.<\/p>\n<p class=\"jsx-4036478464 Paragraph\" data-module=\"article-paragraph\">\u00ab\u00a0<em>Ce que vous avez fait l\u00e0, compte tenu de la sensibilit\u00e9 du sujet, compte tenu de ce que vous savez de l&rsquo;histoire de ce pays, est irresponsable<\/em>\u00ab\u00a0, a lanc\u00e9 Emmanuel Macron au grand reporter, sp\u00e9cialiste du Moyen-Orient, au milieu de la r\u00e9ception.<\/p>\n<p class=\"jsx-4036478464 Paragraph Paragraph__End\" data-module=\"article-paragraph\">\u00ab\u00a0<em>Irresponsable pour la France, irresponsable pour les int\u00e9ress\u00e9s ici, et grave d&rsquo;un point de vue d\u00e9ontologique<\/em>\u00ab\u00a0, poursuit le chef de l&rsquo;Etat, tr\u00e8s en col\u00e8re. \u00ab\u00a0<em>Vous m&rsquo;avez toujours entendu d\u00e9fendre les journalistes. Je le ferai toujours. Mais je vous parle avec franchise. Ce que vous avez fait est grave, non professionnel et mesquin.<\/em>\u00ab\u00a0<\/p>\n<h2 class=\"jsx-187601811 InterTitle\" data-module=\"article-extract\">Deux articles incrimin\u00e9s<\/h2>\n<p class=\"jsx-4036478464 Paragraph\" data-module=\"article-paragraph\">Quelle information publi\u00e9e par le journaliste a-t-elle pu ainsi mettre en col\u00e8re le pr\u00e9sident de la R\u00e9publique ? Il s&rsquo;agit de plusieurs \u00e9l\u00e9ments parus dans\u00a0<a href=\"https:\/\/www.lefigaro.fr\/international\/macron-revient-au-liban-face-aux-chefs-de-clan-20200830\" target=\"_blank\" rel=\"nofollow noopener\"><em>Le Figaro<\/em>\u00a0<small class=\"sr-only\">(nouvelle fen\u00eatre)<\/small><\/a><em>le 31 ao\u00fbt et le 1er septembre.\u00a0<\/em>\u00a0Des articles relatifs \u00e0 l&rsquo;action du pr\u00e9sident fran\u00e7ais au Liban depuis l&rsquo;explosion \u00e0 Beyrouth.<\/p>\n<p class=\"jsx-4036478464 Paragraph Paragraph__End\" data-module=\"article-paragraph\">Georges Malbrunot y \u00e9voque la premi\u00e8re visite du chef de l&rsquo;Etat, le 6 ao\u00fbt, au Liban, qui a pr\u00e9c\u00e9d\u00e9 le d\u00e9placement actuel visant \u00e0 accompagner le pays dans sa reconstruction. Le journaliste mentionne une\u00a0<em>\u00ab\u00a0indiscr\u00e9tion au Figaro\u00a0\u00bb<\/em>\u00a0que le pr\u00e9sident lui-m\u00eame aurait faite, brandissant\u00a0<em>\u00ab\u00a0la menace d&rsquo;imposer des sanctions aux leaders politiques r\u00e9fractaires aux r\u00e9formes\u00a0\u00bb. \u00a0<\/em><\/p>\n<p class=\"jsx-4036478464 Paragraph\" data-module=\"article-paragraph\">Les d\u00e9tails de ces \u00e9changes et notamment la mention d&rsquo;un entretien avec Donald Trump &#8211; qui, selon l&rsquo;Elys\u00e9e, n&rsquo;a jamais eu lieu &#8211; ont fait sortir le pr\u00e9sident de ses gonds. D\u00e9j\u00e0 la veille, le journaliste d\u00e9voilait la teneur d&rsquo;un \u00e9change entre Emmanuel Macron et un leader du parti Hezbollah au parlement, en citant, sans la nommer, \u00ab\u00a0une source fran\u00e7aise \u00e0 Beyrouth\u00a0\u00bb.<\/p>\n<p class=\"jsx-4036478464 Paragraph Paragraph__End\" data-module=\"article-paragraph\"><em>\u00ab\u00a0Je veux travailler avec vous pour changer le Liban. Mais prouvez-moi que vous \u00eates Libanais\u00a0\u00bb<\/em>, aurait lanc\u00e9 Emmanuel Macron \u00e0 Mohammed Raad, selon le journaliste citant cette source fran\u00e7aise.\u00a0<em>\u00ab\u00a0Tout le monde sait que vous avez un agenda iranien [&#8230;] Vous voulez aider les Libanais, oui ou non ? Donc rentrez \u00e0 la maison, quittez la Syrie et le Y\u00e9men et faites le boulot ici pour construire un Etat parce que ce nouvel Etat va aussi b\u00e9n\u00e9ficier \u00e0 vos familles\u00a0\u00bb<\/em>, aurait plaid\u00e9 le chef de l&rsquo;Etat.\u00a0Un proche de la mouvance cit\u00e9 par le m\u00eame article aurait consid\u00e9r\u00e9 cette entrevue comme\u00a0<em>\u00ab\u00a0une reconnaissance internationale\u00a0\u00bb<\/em>.\u00a0 L&rsquo;article indique que cet entretien aurait dur\u00e9 8 minutes. L&rsquo;entourage du chef de l&rsquo;Etat \u00e9voque au contraire une rencontre furtive de quelques secondes dans un couloir.<\/p>\n<h2 class=\"jsx-187601811 InterTitle\" data-module=\"article-extract\">Sujet hautement sensible<\/h2>\n<p class=\"jsx-4036478464 Paragraph Paragraph__End\" data-module=\"article-paragraph\">Ce sujet est hautement sensible pour la diplomatie fran\u00e7aise. \u00a0Ainsi en ao\u00fbt,\u00a0<a href=\"https:\/\/www.lemonde.fr\/international\/article\/2020\/08\/17\/au-liban-le-hezbollah-est-sur-la-defensive-depuis-l-explosion_6049100_3210.html\" target=\"_blank\" rel=\"nofollow noopener\"><em>Le Monde<\/em>\u00a0<small class=\"sr-only\">(nouvelle fen\u00eatre)<\/small><\/a>avait d\u00e9j\u00e0 mentionn\u00e9 cette entrevue. L&rsquo;entourage d&rsquo;Emmanuel Macron avait alors contest\u00e9 tout \u00e9change bilat\u00e9ral avec Mohammed Raad, parlant alors d&rsquo;une rencontre avec un parterre de chefs politiques, toutes sensibilit\u00e9s confondues. \u00a0Dans un article de\u00a0<a href=\"https:\/\/www.lorientlejour.com\/article\/1231103\/raad-nie-les-propos-rapportes-par-le-figaro-sur-son-entretien-avec-macron-le-6-aout-dernier.html\" target=\"_blank\" rel=\"nofollow noopener\"><em>L&rsquo;Orient Le Jour<\/em>\u00a0<small class=\"sr-only\">(nouvelle fen\u00eatre)<\/small><\/a>, Mohammed Raad lui-m\u00eame a d&rsquo;ailleurs d\u00e9menti les propos rapport\u00e9s par\u00a0<em>Le Figaro<\/em>\u00a0sur cette rencontre.<\/p>\n<div id=\"article-display-2-webmobile\" class=\"jsx-2303328152 DisplayCoffee \"><\/div>\n<h2 class=\"jsx-187601811 InterTitle\" data-module=\"article-extract\">Le journaliste se dit \u00ab\u00a0surpris\u00a0\u00bb<\/h2>\n<p class=\"jsx-4036478464 Paragraph\" data-module=\"article-paragraph\">Georges Malbrunot a r\u00e9agi aupr\u00e8s de l&rsquo;AFP mercredi apr\u00e8s-midi. Selon le journaliste, ex-otage de l&rsquo;Arm\u00e9e islamique en Irak, la discussion avec le pr\u00e9sident de la R\u00e9publique a dur\u00e9 plusieurs minutes. \u00ab\u00a0<em>Je suis tr\u00e8s surpris de la virulence de cette attaque, qui est inacceptable et \u00e0 laquelle j&rsquo;ai r\u00e9pondu<\/em>\u00ab\u00a0, a-t-il indiqu\u00e9. \u00ab\u00a0<em>Je me suis expliqu\u00e9 avec l\u2019\u00c9lys\u00e9e, pour moi l&rsquo;incident est clos.<\/em>\u00ab\u00a0<\/p>\n<p class=\"jsx-4036478464 Paragraph Paragraph__End\" data-module=\"article-paragraph\">\u00ab\u00a0<em>Ce que le pr\u00e9sident lui a reproch\u00e9, c&rsquo;est de ne pas avoir donn\u00e9 \u00e0 l&rsquo;Elys\u00e9e la possibilit\u00e9 de r\u00e9agir \u00e0 des informations qui le mettaient en cause<\/em>\u00ab\u00a0, a r\u00e9agi de son c\u00f4t\u00e9 l&rsquo;Elys\u00e9e. \u00ab\u00a0<em>Nous avons \u00e9chang\u00e9 avec Georges Malbrunot et\u00a0<\/em>Le Figaro<em>. L&rsquo;incident est clos<\/em>\u00ab\u00a0.<\/p>\n<\/div>\n<\/section>\n<div class=\"css-175oi2r\">\n<p>&nbsp;<\/p>\n<\/div>\n","protected":false},"excerpt":{"rendered":"<p>CMA CGM-Hezbollah. De l&rsquo;utilit\u00e9 de parler au Hezbollah. L&rsquo;\u00e9t\u00e9 2020, peu apr\u00e8s l&rsquo;explosion du port de Beyrouth, un deal avait \u00e9t\u00e9 discr\u00e8tement pass\u00e9 entre la France et le Hezbollah au terme duquel Emmanuel Macron ne parlerait pas lors de ses d\u00e9placements au Liban des armes du Hezbollah en \u00e9change de quoi le Parti de Dieu<\/p>\n","protected":false},"author":34,"featured_media":176761,"comment_status":"open","ping_status":"open","sticky":false,"template":"","format":"standard","meta":{"_uf_show_specific_survey":0,"_uf_disable_surveys":false,"footnotes":""},"categories":[37],"tags":[],"class_list":{"0":"post-176752","1":"post","2":"type-post","3":"status-publish","4":"format-standard","5":"has-post-thumbnail","7":"category-alaune-fr"},"aioseo_notices":[],"_links":{"self":[{"href":"https:\/\/middleeasttransparent.com\/fr\/wp-json\/wp\/v2\/posts\/176752","targetHints":{"allow":["GET"]}}],"collection":[{"href":"https:\/\/middleeasttransparent.com\/fr\/wp-json\/wp\/v2\/posts"}],"about":[{"href":"https:\/\/middleeasttransparent.com\/fr\/wp-json\/wp\/v2\/types\/post"}],"author":[{"embeddable":true,"href":"https:\/\/middleeasttransparent.com\/fr\/wp-json\/wp\/v2\/users\/34"}],"replies":[{"embeddable":true,"href":"https:\/\/middleeasttransparent.com\/fr\/wp-json\/wp\/v2\/comments?post=176752"}],"version-history":[{"count":0,"href":"https:\/\/middleeasttransparent.com\/fr\/wp-json\/wp\/v2\/posts\/176752\/revisions"}],"wp:featuredmedia":[{"embeddable":true,"href":"https:\/\/middleeasttransparent.com\/fr\/wp-json\/wp\/v2\/media\/176761"}],"wp:attachment":[{"href":"https:\/\/middleeasttransparent.com\/fr\/wp-json\/wp\/v2\/media?parent=176752"}],"wp:term":[{"taxonomy":"category","embeddable":true,"href":"https:\/\/middleeasttransparent.com\/fr\/wp-json\/wp\/v2\/categories?post=176752"},{"taxonomy":"post_tag","embeddable":true,"href":"https:\/\/middleeasttransparent.com\/fr\/wp-json\/wp\/v2\/tags?post=176752"}],"curies":[{"name":"wp","href":"https:\/\/api.w.org\/{rel}","templated":true}]}}