{"id":17511,"date":"2017-02-03T00:11:54","date_gmt":"2017-02-02T23:11:54","guid":{"rendered":"http:\/\/middleeasttransparent.com\/?p=17511"},"modified":"2017-02-03T00:11:54","modified_gmt":"2017-02-02T23:11:54","slug":"pour-lhonneur-de-lhumain","status":"publish","type":"post","link":"https:\/\/middleeasttransparent.com\/fr\/pour-lhonneur-de-lhumain\/","title":{"rendered":"Pour l\u2019honneur de l\u2019humain"},"content":{"rendered":"<h3 class=\"p1\"><b><\/b><span class=\"s1\">Les digues de la haine sont rompues. Plus rien ne retient le d\u00e9luge de la fange putride des couches les plus profondes, les plus sombres et les plus f\u00e9tides du psychisme humain. On a l\u2019impression que des si\u00e8cles de civilisation partent en fum\u00e9e \u00e0 travers les mailles des r\u00e9seaux du cyberespace. Les t\u00e9n\u00e8bres de l\u2019\u00e2me humaine sont bien r\u00e9elles et elles s\u2019\u00e9talent devant nos yeux incr\u00e9dules avec une insolence arrogante jamais atteinte.<\/span><\/h3>\n<p class=\"p3\"><span class=\"s1\">Le discours politique n\u2019est plus un discours\u00a0; c\u2019est tout au plus un monologue pour ne pas dire un babillage d\u2019enfant qui n\u2019a pas encore compris qu\u2019il existe quelque chose en dehors de lui qu\u2019on appelle\u00a0: le monde, les autres. Promenez-vous sur les r\u00e9seaux sociaux et essayez de contr\u00f4ler votre \u00e9tonnement. <strong>Facebook et Tweeter seraient-ils devenus un substitut virtuel de l\u2019inconscient humain global\u00a0?<\/strong> A-t-on encore besoin du divan du psychanalyste lorsque les pulsions les moins avouables, parce que les plus haineuses, sont ouvertement exprim\u00e9es avec une telle transparence psychotique de l\u2019inconscient\u00a0? <\/span><\/p>\n<p class=\"p3\"><span class=\"s1\">Nous avons la d\u00e9sagr\u00e9able impression de vivre dans une sorte de r\u00e9alit\u00e9 invers\u00e9e, un peu \u00e0 l\u2019image de cet univers \u00e9trange de la \u00ab\u00a0double-pens\u00e9e\u00a0\u00bb que d\u00e9crit George Orwell dans son roman \u00ab\u00a01984\u00a0\u00bb. Il suffit d\u2019\u00e9couter le bavardage, ou \u00ab\u00a0chat\u00a0\u00bb, politique des grands et des moins grands de ce monde. Il n\u2019est plus le temps des grands orateurs, des tribuns de qualit\u00e9 qui parvenaient \u00e0 convaincre leurs auditoires. Aujourd\u2019hui, nous avons tout juste droit \u00e0 quelques pantins narcissiques, \u00e0 l\u2019ego surdimensionn\u00e9, qui ne se pr\u00e9occupent pas de tenir un discours coh\u00e9rent \u00e0 l\u2019\u00e9loquence \u00e9l\u00e9mentaire.<\/span><\/p>\n<p class=\"p3\"><span class=\"s1\">Leur verbiage, car c\u2019est du verbiage, est fait d\u2019une s\u00e9quence de phrases affirmatives, lin\u00e9aires, \u00e9l\u00e9mentaires, d\u00e9pourvues de tout relief dialectique. Que ce soit sur les r\u00e9seaux sociaux ou du haut d\u2019une tribune, on a l\u2019impression que le processus mental se d\u00e9ploie, ind\u00e9pendamment de tout contenu, selon une incessante r\u00e9p\u00e9tition des m\u00eames clich\u00e9s haineux m\u00eame si parfois ils semblent se rev\u00eatir des oripeaux d\u2019une certaine rationalit\u00e9 querelleuse et sophistique dont la raison d\u2019\u00eatre est de justifier ce qui est moralement injustifiable. Un tel processus mental semble jaillir de l\u2019ab\u00eeme de l\u2019\u00eatre. Il fuse comme un trait sans traverser le filtre des images de la psych\u00e9, porteuses de sens, ou des cat\u00e9gories rationnelles de la pens\u00e9e. Il est simplement l\u00e0. La haine qu\u2019il charrie n\u2019a pas besoin de dialoguer. Elle s\u2019\u00e9tale, elle s\u2019affirme, inconsistante, malodorante. Face \u00e0 cela, on demeure pantois devant ce qui ressemble \u00e0 une r\u00e9alit\u00e9 virtuelle de l\u2019entendement, \u00e0 savoir le vide mental, celui de la pens\u00e9e unique.<\/span><\/p>\n<p class=\"p3\"><span class=\"s1\"><strong>Verrons-nous \u00e9merger, \u00e7\u00e0 ou l\u00e0, un Minist\u00e8re de la V\u00e9rit\u00e9 comme dans le monde de Big Brother d\u2019Orwell\u00a0?<\/strong> Dans 1984, une telle institution est charg\u00e9e de produire le mensonge en \u00e9laborant le <i>Dictionnaire de la Novlangue<\/i>, la langue du pouvoir. Au moment d\u2019achever la onzi\u00e8me \u00e9dition, le fonctionnaire Syme dit \u00e0 son coll\u00e8gue Winston : \u00ab Vous croyez, n\u2019est-ce pas, que notre travail principal est d\u2019inventer des mots nouveaux ? Pas du tout ! Nous d\u00e9truisons chaque jour des mots, des vingtaines de mots, des centaines de mots. Nous taillons le langage jusqu\u2019\u00e0 l\u2019os \u00bb. Point n\u2019est besoin de poss\u00e9der de tels minist\u00e8res, nous avons d\u00e9j\u00e0 les codes de communication des r\u00e9seaux de l\u2019espace virtuel.<\/span><\/p>\n<p class=\"p3\"><span class=\"s1\">Mais nous demeurons des personnes humaines. Chacun de nous est conscient qu\u2019il porte en lui quelque chose d\u2019ineffable qu\u2019on appelle dignit\u00e9 et honneur et que ces valeurs sont partag\u00e9es par tous. C\u2019est au nom de cette dignit\u00e9 \u00e9minente de l\u2019homme et de l\u2019honneur de notre nature qu\u2019il ne faut pas d\u00e9sesp\u00e9rer. Le mal ne pourra pas triompher. Il faut le laisser passer, l\u2019esprit corrigera apr\u00e8s. Nous finirons par remonter la pente parce que nous sommes des hommes libres.<\/span><\/p>\n<p class=\"p3\"><span class=\"s1\">A celui qui veut porter atteinte \u00e0 notre dignit\u00e9, il faut dire Non. A celui qui veut nous discriminer en valeurs, il faut dire Non. A celui qui veut nous imposer des lois non faites par les hommes, il faut aussi dire Non. Dire non \u00e0 la haine n\u00e9cessite beaucoup de courage parce qu\u2019une telle attitude va \u00e0 l\u2019encontre du climat ambiant. Certains diront que l\u2019id\u00e9al chr\u00e9tien du Bon Samaritain ou du Sermon sur la Montagne fait sourire tant il est inapplicable en ce monde.<\/span><\/p>\n<p class=\"p3\"><span class=\"s1\">Et pourtant, face \u00e0 la haine, face au mal, que pouvons-nous faire\u00a0? Certes, nous pouvons et nous devons faire la guerre pour prot\u00e9ger nos pays, nos familles, nos soci\u00e9t\u00e9s si agression il y a. Mais nous ne pouvons pas faire la guerre au nom du bien car le bien n\u2019utilise pas les m\u00eames moyens que le mal. A supposer que le bien puisse gagner un tel combat, il dispara\u00eetrait forc\u00e9ment avec le mal qu\u2019il serait devenu.<\/span><\/p>\n<p class=\"p3\"><span class=\"s1\">Quelle serait l\u2019attitude la mieux adapt\u00e9e et la plus conforme \u00e0 l\u2019honneur de notre nature humaine.\u00a0? <strong>Je l\u2019ai trouv\u00e9e dans une r\u00e9flexion de Tania Hadjithomas Mehanna<\/strong>, sur les r\u00e9seaux sociaux. Je la reproduis avec son autorisation\u00a0:<\/span><\/p>\n<p class=\"p3\"><span class=\"s1\">\u00ab\u00a0C\u2019est quand m\u00eame terrible de constater que sur les r\u00e9seaux sociaux, il y en a qui d\u00e9fendent ceux qui construisent des murs, ceux qui bombardent des enfants, ceux qui refusent des r\u00e9fugi\u00e9s et ceux qui s\u00e8ment la haine. [\u2026] Je ne peux pas r\u00e9pondre parce que je ne comprends pas. On est dans une \u00e8re o\u00f9 pour excuser des actes terribles, on accuse l\u2019autre de faire pire. Alors d\u00e9sol\u00e9e, mais non. [Untel] est un raciste. Il ne d\u00e9fend pas sa terre, il la d\u00e9truit en l\u2019enfon\u00e7ant dans l\u2019obscurantisme. Ceux qui pr\u00f4nent la haine sont les ennemis du bien. Et aucune raison politique ne me fera changer d\u2019avis. On n\u2019excuse pas la haine et le crime en montrant du doigt d\u2019autres haines et d\u2019autres crimes. On d\u00e9nonce la haine et le crime en montrant du doigt l\u2019amour et la compassion. On ne construit pas de murs en montrant du doigt d\u2019autres murs. On d\u00e9nonce les murs en pr\u00f4nant l\u2019ouverture et la tol\u00e9rance. On ne laisse pas passer les aberrations en montrant du doigt d\u2019autres aberrations. On d\u00e9nonce les contresens en montrant le bon exemple. Je ne suis pas dans la morale. Je suis dans la [coh\u00e9rence] logique. Et ce qui fait le plus de mal aujourd\u2019hui est l\u2019arrogance supr\u00eame de ceux qui pr\u00f4nent le mal pour soi-disant exterminer le mal\u00a0\u00bb.<\/span><\/p>\n<p class=\"p3\">acourban@gmail.com<\/p>\n<p class=\"p3\">*Beyrouth<\/p>\n","protected":false},"excerpt":{"rendered":"<p>Les digues de la haine sont rompues. Plus rien ne retient le d\u00e9luge de la fange putride des couches les plus profondes, les plus sombres et les plus f\u00e9tides du psychisme humain. On a l\u2019impression que des si\u00e8cles de civilisation partent en fum\u00e9e \u00e0 travers les mailles des r\u00e9seaux du cyberespace. Les t\u00e9n\u00e8bres de l\u2019\u00e2me<\/p>\n","protected":false},"author":33,"featured_media":17515,"comment_status":"open","ping_status":"open","sticky":false,"template":"","format":"standard","meta":{"_uf_show_specific_survey":0,"_uf_disable_surveys":false,"footnotes":""},"categories":[25],"tags":[],"class_list":{"0":"post-17511","1":"post","2":"type-post","3":"status-publish","4":"format-standard","5":"has-post-thumbnail","7":"category-decryptages"},"aioseo_notices":[],"_links":{"self":[{"href":"https:\/\/middleeasttransparent.com\/fr\/wp-json\/wp\/v2\/posts\/17511","targetHints":{"allow":["GET"]}}],"collection":[{"href":"https:\/\/middleeasttransparent.com\/fr\/wp-json\/wp\/v2\/posts"}],"about":[{"href":"https:\/\/middleeasttransparent.com\/fr\/wp-json\/wp\/v2\/types\/post"}],"author":[{"embeddable":true,"href":"https:\/\/middleeasttransparent.com\/fr\/wp-json\/wp\/v2\/users\/33"}],"replies":[{"embeddable":true,"href":"https:\/\/middleeasttransparent.com\/fr\/wp-json\/wp\/v2\/comments?post=17511"}],"version-history":[{"count":0,"href":"https:\/\/middleeasttransparent.com\/fr\/wp-json\/wp\/v2\/posts\/17511\/revisions"}],"wp:featuredmedia":[{"embeddable":true,"href":"https:\/\/middleeasttransparent.com\/fr\/wp-json\/wp\/v2\/media\/17515"}],"wp:attachment":[{"href":"https:\/\/middleeasttransparent.com\/fr\/wp-json\/wp\/v2\/media?parent=17511"}],"wp:term":[{"taxonomy":"category","embeddable":true,"href":"https:\/\/middleeasttransparent.com\/fr\/wp-json\/wp\/v2\/categories?post=17511"},{"taxonomy":"post_tag","embeddable":true,"href":"https:\/\/middleeasttransparent.com\/fr\/wp-json\/wp\/v2\/tags?post=17511"}],"curies":[{"name":"wp","href":"https:\/\/api.w.org\/{rel}","templated":true}]}}