{"id":17369,"date":"2017-01-26T22:16:56","date_gmt":"2017-01-26T21:16:56","guid":{"rendered":"http:\/\/middleeasttransparent.com\/?p=17369"},"modified":"2017-01-26T22:16:56","modified_gmt":"2017-01-26T21:16:56","slug":"loccident-dans-les-steppes-de-lasie-centrale","status":"publish","type":"post","link":"https:\/\/middleeasttransparent.com\/fr\/loccident-dans-les-steppes-de-lasie-centrale\/","title":{"rendered":"L&rsquo;Occident dans les steppes de l&rsquo;Asie Centrale"},"content":{"rendered":"<p class=\"p1\"><b><\/b><span class=\"s1\">Le 10 septembre 2013, le pr\u00e9sident Barack Obama avait publiquement renonc\u00e9 \u00e0 utiliser sa puissante armada contre le r\u00e9gime syrien coupable d\u2019avoir franchi une ligne rouge en utilisant des armes chimiques contre sa propre population. Vladimir Poutine avait parfaitement compris l\u2019importance du vide strat\u00e9gique ainsi cr\u00e9\u00e9. D\u00e8s le lendemain, le pr\u00e9sident russe signait un article en premi\u00e8re page du New York Times, comme s\u2019il s\u2019adressait symboliquement \u00e0 la nation am\u00e9ricaine \u00ab\u00a0\u00e0 partir des rivages atlantiques de l\u2019Europe Occidentale, car l\u2019enjeu de tous ces bouleversements demeure l\u2019Europe ou, plut\u00f4t l\u2019Euro-\u00a0M\u00e9diterran\u00e9e\u00a0\u00bb. C\u2019est ce que nous \u00e9crivions, dans cette m\u00eame chronique, le 27\/09\/2013 sous le titre \u00ab\u00a0Damas ou le tombeau de l\u2019Europe\u00a0\u00bb.<\/span><\/p>\n<p class=\"p3\"><span class=\"s1\">La r\u00e9cente investiture de Donald Trump \u00e0 la pr\u00e9sidence des Etats-Unis vient confirmer cette impression. L\u2019isolationnisme de la nouvelle administration am\u00e9ricaine ne fait que d\u00e9voiler la nudit\u00e9 politique de l\u2019Europe Occidentale qui pourrait bien, si elle ne se ressaisit pas, \u00eatre r\u00e9duite \u00e0 ce que la g\u00e9ographie a voulu qu\u2019elle soit\u00a0: une presqu\u2019\u00eele de l\u2019Eurasie. Le discours pusillanime d\u2019Obama du 10\/09\/2013 pr\u00e9figure celui, fortement isolationniste, de Trump le 20\/01\/2017. Un constat doit, par cons\u00e9quent, \u00eatre fait\u00a0: l\u2019ordre mondial n\u00e9 \u00e0 Yalta en 1945 est mort et enterr\u00e9\u00a0; la guerre froide est bel et bien termin\u00e9e\u00a0; l\u2019ancien \u00e9quilibre international n\u2019est plus.<\/span><\/p>\n<p class=\"p3\"><span class=\"s1\">Apr\u00e8s la chute du mur de Berlin en 1989, et l\u2019effondrement de l\u2019URSS qui s\u2019en suivit, l\u2019union militaire du Trait\u00e9 de Varsovie cessa d\u2019exister. L\u2019OTAN, par contre, persista dans sa politique d\u2019extension \u00e0 l\u2019Est. La strat\u00e9gie de <i>\u00ab\u00a0containment\u00a0\u00bb<\/i> de la Russie en fut m\u00eame renforc\u00e9e. On pensait, sans doute, que la guerre froide s\u2019\u00e9tait sold\u00e9e par un triomphe d\u00e9finitif de l\u2019Occident. Ce dernier, se lan\u00e7a dans la mise en place d\u2019un Nouvel Ordre Mondial r\u00e9gi par la loi du march\u00e9 et les r\u00e9seaux de la globalisation, rel\u00e9guant ainsi au second plan la politique. Nous savons ce que cette vision a co\u00fbt\u00e9 au monde. L\u2019acc\u00e8s de Donald Trump \u00e0 la pr\u00e9sidence am\u00e9ricaine est en quelque sorte la signature des cons\u00e9quences n\u00e9fastes d\u2019une telle utopie.<\/span><\/p>\n<p class=\"p3\"><span class=\"s1\">Vingt-cinq ans apr\u00e8s la chute de l\u2019URSS, l\u2019Occident pourrait-il se r\u00e9veiller\u00a0? Plus d\u2019un observateur se pose la question de savoir si le concept \u00ab\u00a0occident\u00a0\u00bb a toujours un sens politique. A quoi sert encore l\u2019OTAN\u00a0? La mondialisation effr\u00e9n\u00e9e a fini par engendrer un monstre sous la forme de ce repoussant populisme identitaire. Le repli isolationniste et protectionniste am\u00e9ricain risquerait, s\u2019il se confirme, de fragiliser la s\u00e9curit\u00e9 de l\u2019Europe et de la M\u00e9diterran\u00e9e. <\/span><\/p>\n<p class=\"p3\"><span class=\"s1\">C\u2019est dans ce contexte de recul de l\u2019Occident qu\u2019il faut tenter de comprendre g\u00e9opolitiquement le concept d\u2019Eurasie apparemment en faveur chez les th\u00e9oriciens et les strat\u00e8ges de la nouvelle Russie. La crise syrienne a permis \u00e0 Vladimir Poutine de s\u2019implanter militairement en M\u00e9diterran\u00e9e orientale mais, \u00e9galement, de contr\u00f4ler la zone hautement strat\u00e9gique entre l\u2019Euphrate et l\u2019Oronte. Arnold Toynbee, l\u2019historien, insiste sur l\u2019importance vitale de cet \u00e9picentre de tous les conflits ainsi que sur celui qui commande toutes les routes en Asie Centrale, entre l\u2019Oxus (Amou-Daria) et l\u2019Iaxarte (Syr-Daria). Toute l\u2019histoire de l\u2019immense continent eurasiatique tourne autour de ces voies incontournables des migrations, des conqu\u00eates, des \u00e9changes commerciaux, ethniques, religieux, culturels, ainsi que de ces nouvelles routes de la soie que constituent les projets pharaoniques (ol\u00e9oducs, gazoducs, chemins de fer etc \u2026) qui relieront bient\u00f4t les rivages du Pacifique et de la Mer de Chine \u00e0 ceux de l\u2019Atlantique, de la Mer Noire, de la Baltique et de la Mer de Barents. Au milieu de ce gigantesque r\u00e9seau se dresse un carrefour, Astana la nouvelle capitale du Kazakhstan. On comprend mieux la valeur symbolique du choix d\u2019Astana, et non Gen\u00e8ve, Istanbul, Vienne ou New-York, pour la tenue de la r\u00e9cente conf\u00e9rence sur l\u2019avenir de la Syrie. Rempla\u00e7ant Almaty (Alma-Ata), Astana est une ville charg\u00e9e de symboles, une ville de demain, une sorte de Duba\u00ef des steppes asiatiques. Ses promoteurs l\u2019ont voulue comme ville de pacification religieuse, ce qui n\u2019est pas sans rappeler la phras\u00e9ologie en usage \u00e0 Damas. Son monumentale pyramide appel\u00e9e \u00ab\u00a0Palais de la Paix et de la R\u00e9conciliation\u00a0\u00bb, lieu de la conf\u00e9rence pour la Syrie, \u00e9voque le gigantisme de l\u2019architecture sovi\u00e9tique ainsi que la rh\u00e9torique \u00ab\u00a0humaniste\u00a0\u00bb en usage sous le r\u00e8gne de Staline, surnomm\u00e9 le petit p\u00e8re des peuples.<\/span><\/p>\n<p class=\"p3\"><span class=\"s1\">Le concept d\u2019Eurasie a \u00e9t\u00e9 souvent repris et d\u00e9velopp\u00e9 par Poutine dans le cadre d\u2019un projet d\u2019union douani\u00e8re et de zone de libre-\u00e9change eurasiatique entre l\u2019UE, la Russie et des pays d\u2019Asie Centrale dont le Kazakhstan. Depuis 1992, un tel projet est \u00ab\u00a0syst\u00e9matiquement \u00e9cart\u00e9 par Bruxelles pour des motivations plut\u00f4t politiques\u00a0\u00bb (P. Marchand). Aujourd\u2019hui, Poutine contr\u00f4le trois verrous principaux de cet immense espace\u00a0: l\u2019Ukraine orientale, le Levant et l\u2019Asie Centrale. Si Donald Trump r\u00e9ussit dans sa politique isolationniste, l\u2019Europe Occidentale devra, pour combler le vide, aller se frayer un chemin sous les steppes de l\u2019Asie Centrale. Une Eurasie, ou plut\u00f4t, une Euro-Russie de Brest \u00e0 Vladivostok ne semble plus une hypoth\u00e8se chim\u00e9rique. A l\u2019heure actuelle, une telle vision se r\u00e9sume \u00e0 une politique de puissance, dans un style obsol\u00e8te du XIX\u00b0 si\u00e8cle, que m\u00e8ne Vladimir Poutine qui, en pratique, n\u2019a personne en face de lui car nul en Europe Occidentale n\u2019a su prendre \u00e0 temps la mesure de la m\u00e9tamorphose du monde.<\/span><\/p>\n<p class=\"p3\"><span class=\"s1\">Le crise syrienne n\u2019est qu\u2019un pr\u00e9texte pour Vladimir Poutine, pour les besoins de sa politique de puissance aux dimensions de l\u2019Eurasie. Dans un monde qui, aujourd\u2019hui, a cess\u00e9 d\u2019\u00eatre binaire, se v\u00e9rifie plus que jamais la r\u00e9flexion que le penseur espagnol Jos\u00e9 Ortega y Gasset reprend, en 1930, dans <i>La R\u00e9volution des Masses<\/i>\u00a0: \u00ab\u00a0\u00catre de gauche ou de droite, c\u2019est choisir une des innombrables mani\u00e8res qui s\u2019offrent \u00e0 l\u2019homme d\u2019\u00eatre un imb\u00e9cile\u00a0; toutes deux, en effet, sont des formes d\u2019h\u00e9mipl\u00e9gie morale\u00a0\u00bb.<\/span><\/p>\n<p class=\"p3\">acourban@gmail.com<\/p>\n<p class=\"p3\">Beyrouth<\/p>\n","protected":false},"excerpt":{"rendered":"<p>Le 10 septembre 2013, le pr\u00e9sident Barack Obama avait publiquement renonc\u00e9 \u00e0 utiliser sa puissante armada contre le r\u00e9gime syrien coupable d\u2019avoir franchi une ligne rouge en utilisant des armes chimiques contre sa propre population. Vladimir Poutine avait parfaitement compris l\u2019importance du vide strat\u00e9gique ainsi cr\u00e9\u00e9. D\u00e8s le lendemain, le pr\u00e9sident russe signait un article<\/p>\n","protected":false},"author":33,"featured_media":17370,"comment_status":"open","ping_status":"open","sticky":false,"template":"","format":"standard","meta":{"_uf_show_specific_survey":0,"_uf_disable_surveys":false,"footnotes":""},"categories":[25],"tags":[],"class_list":{"0":"post-17369","1":"post","2":"type-post","3":"status-publish","4":"format-standard","5":"has-post-thumbnail","7":"category-decryptages"},"aioseo_notices":[],"_links":{"self":[{"href":"https:\/\/middleeasttransparent.com\/fr\/wp-json\/wp\/v2\/posts\/17369","targetHints":{"allow":["GET"]}}],"collection":[{"href":"https:\/\/middleeasttransparent.com\/fr\/wp-json\/wp\/v2\/posts"}],"about":[{"href":"https:\/\/middleeasttransparent.com\/fr\/wp-json\/wp\/v2\/types\/post"}],"author":[{"embeddable":true,"href":"https:\/\/middleeasttransparent.com\/fr\/wp-json\/wp\/v2\/users\/33"}],"replies":[{"embeddable":true,"href":"https:\/\/middleeasttransparent.com\/fr\/wp-json\/wp\/v2\/comments?post=17369"}],"version-history":[{"count":0,"href":"https:\/\/middleeasttransparent.com\/fr\/wp-json\/wp\/v2\/posts\/17369\/revisions"}],"wp:featuredmedia":[{"embeddable":true,"href":"https:\/\/middleeasttransparent.com\/fr\/wp-json\/wp\/v2\/media\/17370"}],"wp:attachment":[{"href":"https:\/\/middleeasttransparent.com\/fr\/wp-json\/wp\/v2\/media?parent=17369"}],"wp:term":[{"taxonomy":"category","embeddable":true,"href":"https:\/\/middleeasttransparent.com\/fr\/wp-json\/wp\/v2\/categories?post=17369"},{"taxonomy":"post_tag","embeddable":true,"href":"https:\/\/middleeasttransparent.com\/fr\/wp-json\/wp\/v2\/tags?post=17369"}],"curies":[{"name":"wp","href":"https:\/\/api.w.org\/{rel}","templated":true}]}}