{"id":172875,"date":"2024-08-23T22:36:38","date_gmt":"2024-08-23T21:36:38","guid":{"rendered":"https:\/\/middleeasttransparent.com\/?p=172875"},"modified":"2024-08-23T22:51:22","modified_gmt":"2024-08-23T21:51:22","slug":"trois-questions-au-general-maroun-hitti-on-fait-la-guerre-quand-on-veut-on-la","status":"publish","type":"post","link":"https:\/\/middleeasttransparent.com\/fr\/trois-questions-au-general-maroun-hitti-on-fait-la-guerre-quand-on-veut-on-la\/","title":{"rendered":"Trois questions au g\u00e9n\u00e9ral Maroun Hitti: On fait la guerre quand on veut, on la termine quand on peut"},"content":{"rendered":"<div class=\"single-headeris-center\">\n<header class=\"entry-header single-title post-title is-big-title \">\n<h1 class=\"entry-title\"><a style=\"font-size: 14px;\" title=\"Post by Yara Germany\" href=\"https:\/\/icibeyrouth.com\/author\/yara-germany\" rel=\"author\">\u00a0<\/a><\/h1>\n<\/header>\n<div class=\"single-meta-info-bar clearfix\">\n<div class=\"post-meta-info\">\n<div class=\"pp-multiple-authors-boxes-wrapper pp-multiple-authors-wrapper pp-multiple-authors-layout-inline multiple-authors-target-action box-post-id-151236 box-instance-id-1 ppma_boxes_151236\" data-post_id=\"151236\" data-instance_id=\"1\" data-additional_class=\"pp-multiple-authors-layout-inline.multiple-authors-target-action\" data-original_class=\"pp-multiple-authors-boxes-wrapper pp-multiple-authors-wrapper box-post-id-151236 box-instance-id-1\">\n<div class=\"pp-author-boxes-avatar-details\">\n<div class=\"pp-author-boxes-name multiple-authors-name\"><strong><a class=\"author url fn\" title=\"Yara Germany\" href=\"https:\/\/icibeyrouth.com\/author\/yara-germany\" rel=\"author\">Yara Germany<\/a><\/strong><\/div>\n<\/div>\n<\/div>\n<\/div>\n<\/div>\n<\/div>\n<div class=\"entry post-content entry-content single-entry iframe-loaded\">\n<p><strong><span dir=\"ltr\" lang=\"FR\">Depuis le d\u00e9but des affrontements entre le Hezbollah et Isra\u00ebl au Liban-Sud, les frappes isra\u00e9liennes\u00a0<\/span>visent de plus en plus en profondeur le territoire libanais<span dir=\"ltr\" lang=\"FR\">, atteignant la banlieue sud de Beyrouth et m\u00eame la B\u00e9kaa. Face aux interrogations que suscite cette \u00e9volution et \u00e0 la possibilit\u00e9 que ces attaques marquent une nouvelle phase de la guerre, Ici Beyrouth s\u2019est entretenu avec le g\u00e9n\u00e9ral Maroun Hitti.<\/span><\/strong><\/p>\n<p>&nbsp;<\/p>\n<p><strong>Pourquoi, selon vous, les frappes isra\u00e9liennes ne se limitent-elles plus au Liban-Sud?<\/strong><\/p>\n<p>Tout simplement parce que le Hezbollah est pr\u00e9sent sur l\u2019ensemble du territoire libanais et pas seulement au sud.<\/p>\n<p>Ce ciblage en profondeur marque une nouvelle \u00e9volution au niveau du cours des op\u00e9rations, puisqu\u2019Isra\u00ebl est en train de transgresser toutes les lignes rouges implicitement coordonn\u00e9es avec le Hezbollah et d\u2019approfondir le th\u00e9\u00e2tre de ses op\u00e9rations au Liban.<\/p>\n<p>Ce n\u2019est plus seulement le Liban-Sud qui est concern\u00e9, c\u2019est d\u00e9sormais l\u2019ensemble du territoire libanais qui est dor\u00e9navant impliqu\u00e9 dans le d\u00e9roulement des op\u00e9rations.<\/p>\n<p>D\u2019ailleurs, le ministre isra\u00e9lien de la D\u00e9fense, Yoav Gallant, a d\u00e9clar\u00e9 que le centre de gravit\u00e9 des op\u00e9rations des forces arm\u00e9es isra\u00e9liennes migre du sud d\u2019Isra\u00ebl, le Hamas \u00e0 Gaza, vers le nord, le Hezbollah au Liban.<\/p>\n<p>Isra\u00ebl concentre donc d\u00e9sormais ses efforts sur sa fronti\u00e8re nord, puisque la guerre qui \u00e9tait existentielle au d\u00e9but avec Gaza ne l\u2019est plus en ce moment. En effet, nous pouvons dire que le Hamas est aujourd\u2019hui \u00ab\u00a0virtuellement\u00a0\u00bb d\u00e9truit en tant que structure militaire. C\u2019est la guerre au nord qui devient la priorit\u00e9 pour Isra\u00ebl, sa nouvelle guerre existentielle. Par cons\u00e9quent, Isra\u00ebl ne se limitera pas \u00e0 un cadre tacitement \u00e9tabli.<\/p>\n<p>\u00c0 ce stade, ce qui motive Isra\u00ebl et les \u00c9tats-Unis \u00e0 intensifier leurs efforts au Liban n\u2019est pas tant de gagner du terrain, d\u2019abattre d\u2019\u00e9minentes figures ou de frapper en profondeur, mais bien de d\u00e9nier au Hezbollah et au Hamas toute vell\u00e9it\u00e9 de pr\u00e9tendre avoir remport\u00e9 n\u2019importe quelle manche de la guerre, point essentiel dans la communication strat\u00e9gique du Hezbollah.<\/p>\n<p>Les deux erreurs commises par le Hamas et le Hezbollah sont, d\u2019une part, de croire que la strat\u00e9gie du bouclier humain fonctionnerait toujours et, d\u2019autre part, de penser que leur ennemi ne ma\u00eetrise pas les cl\u00e9s de la communication strat\u00e9gique.<\/p>\n<p>&nbsp;<\/p>\n<p><strong>Les attaques du Hezbollah dictent-elles les ripostes isra\u00e9liennes, ou est-ce l\u2019inverse? Qui m\u00e8ne les affrontements aujourd\u2019hui?<\/strong><\/p>\n<p>\u00c0 l\u2019origine, c\u2019est le Hezbollah qui a d\u00e9clench\u00e9 les affrontements en attaquant Isra\u00ebl le 8 octobre. Les hostilit\u00e9s se limitaient alors \u00e0 des frappes restreintes de part et d\u2019autre, mais elles se sont intensifi\u00e9es depuis.<\/p>\n<p>\u00ab\u00a0On fait la guerre quand on veut, on la termine quand on peut\u00a0\u00bb, dit Machiavel. C\u2019est pr\u00e9cis\u00e9ment le cas du Hezbollah, qui a initi\u00e9 les affrontements, mais n\u2019a plus aujourd\u2019hui la capacit\u00e9 d\u2019y mettre un terme.<\/p>\n<p>D\u00e9sormais, c\u2019est Isra\u00ebl qui m\u00e8ne les affrontements, autrement dit, il a la capacit\u00e9 de prendre l\u2019initiative et la force n\u00e9cessaire pour la conserver.<\/p>\n<p>Le Hezbollah r\u00e9pond aujourd\u2019hui, mais il est bien embarrass\u00e9. Je suis convaincu que le Hezbollah s\u2019attendait initialement \u00e0 ce que la guerre entre Isra\u00ebl et le Hamas ne dure pas plus de trois mois. En effet, il misait sur la strat\u00e9gie des boucliers humains adopt\u00e9e par le Hamas. Une strat\u00e9gie consistant \u00e0 attaquer Isra\u00ebl, puis \u00e0 attendre que celui-ci riposte en tuant des civils. Ce qui provoquerait un toll\u00e9 g\u00e9n\u00e9ral et pousserait la communaut\u00e9 internationale \u00e0 intervenir pour instaurer un cessez-le-feu et ramener les bellig\u00e9rants \u00e0 la table des n\u00e9gociations. C\u2019est l\u00e0 que le Hamas pr\u00e9voyait de crier victoire. Or ce m\u00e9canisme n\u2019a pas fonctionn\u00e9, puisque l\u2019op\u00e9ration du Hamas a d\u00e9bord\u00e9.<\/p>\n<p>Le Hezbollah a donc perdu le contr\u00f4le. Et m\u00eame s\u2019il cessait d\u2019attaquer Isra\u00ebl aujourd\u2019hui, je ne pense pas qu\u2019Isra\u00ebl s\u2019arr\u00eaterait. Pour le gouvernement isra\u00e9lien, un retour au statu quo qui pr\u00e9valait avant le 7 octobre \u00e0 sa fronti\u00e8re nord n\u2019est plus envisageable. Le gouvernement isra\u00e9lien ne cessera ses actions que lorsque la situation \u00e0 cette fronti\u00e8re aura chang\u00e9 drastiquement, permettant le retour permanent et en toute s\u00e9curit\u00e9 des habitants du nord du pays qui ont quitt\u00e9 la r\u00e9gion depuis le d\u00e9but des affrontements.<\/p>\n<p>L\u2019issue de sortie: l\u2019application stricte, en premier lieu, de la 1701, qui stipule entre autres un d\u00e9sarmement du Hezbollah, avec la responsabilisation de la Finul et du gouvernement libanais, qui ne s\u2019est d\u2019ailleurs jamais r\u00e9ellement positionn\u00e9 sur le sujet. En second lieu, la r\u00e9solution 1559, qui pr\u00e9voit la dissolution des milices au Liban, y compris le Hezbollah, devra \u00eatre mise en \u0153uvre par le gouvernement libanais.<\/p>\n<p>Aucune autre issue n\u2019est envisageable, si ce n\u2019est la continuation ind\u00e9finie des combats jusqu\u2019\u00e0 ce que le Hezbollah se heurte \u00e0 une \u00ab\u00a0bitter end\u00a0\u00bb (fin am\u00e8re), soit jusqu\u2019\u00e0 la neutralisation de ses capacit\u00e9s offensives.<\/p>\n<p><strong>Cet approfondissement est-il une simple d\u00e9monstration de force ou bien le d\u00e9but d\u2019une nouvelle phase de la guerre?<\/strong><\/p>\n<p>Ni l\u2019un, ni l\u2019autre.<\/p>\n<p>Les Isra\u00e9liens n\u2019ont pas besoin de d\u00e9montrer leur force; c\u2019est plut\u00f4t une d\u00e9monstration de la capacit\u00e9 des services de renseignement isra\u00e9liens \u00e0 infiltrer les rangs du Hezbollah.<\/p>\n<p>L\u2019approfondissement des frappes vient dans le sillage des frappes qualitatives dans la banlieue sud de Beyrouth, soit l\u2019assassinat du responsable militaire du Hezbollah Fouad Chokr et avant lui du num\u00e9ro 2 du Hamas Saleh el-Arouri, ainsi que dans la B\u00e9kaa, soit \u00e0 80 km au nord de la fronti\u00e8re, sur des sites que peu de gens soup\u00e7onnaient d\u2019appartenir au Hezbollah, tels que des d\u00e9p\u00f4ts de munitions et d\u2019armement. Ce qui ne fait qu\u2019alimenter les rumeurs faisant lieu de d\u00e9fection au sein des rangs de hauts grad\u00e9s du Hezbollah. Si cela \u00e9tait vrai, la situation du Hezbollah serait critique, car cela signifierait qu\u2019Isra\u00ebl aurait gagn\u00e9 une guerre qui \u00e9tait essentiellement aujourd\u2019hui comme une guerre de renseignement.<\/p>\n<p>Par ailleurs, l\u2019approfondissement des op\u00e9rations d\u2019Isra\u00ebl au Liban n\u2019est pas non plus une nouvelle phase de la guerre, puisqu\u2019il \u00e9tait pr\u00e9visible et faisait donc partie de l\u2019\u00e9volution logique de la situation. Cet approfondissement n\u2019a pas l\u2019effet d\u2019une \u00ab\u00a0surprise\u00a0\u00bb, car il s\u2019inscrit dans une trajectoire d\u2019\u00e9v\u00e9nements pr\u00e9visibles allant vers une escalade de la violence et l\u2019\u00e9largissement du th\u00e9\u00e2tre des op\u00e9rations et de la confrontation.<\/p>\n<p>Ce qui se passe aujourd\u2019hui \u00e9tait pr\u00e9visible d\u00e8s que le Hezbollah a commenc\u00e9 ses attaques contre Isra\u00ebl apr\u00e8s le 7 octobre. Depuis, il \u00e9tait ind\u00e9niable qu\u2019Isra\u00ebl frapperait d\u00e8s qu\u2019il d\u00e9tecterait des opportunit\u00e9s qui lui sont favorables, m\u00eame en dehors des zones implicitement coordonn\u00e9es avec le Hezbollah, comme pour l\u2019assassinat de Fouad Chokr dans la banlieue sud de Beyrouth.<\/p>\n<div class=\"clearfix\"><a href=\"https:\/\/icibeyrouth.com\/liban\/377194\">ICI BEYROUTH<\/a><\/div>\n<footer class=\"article-footer hiba\"><\/footer>\n<\/div>\n","protected":false},"excerpt":{"rendered":"<p>\u00a0 Yara Germany Depuis le d\u00e9but des affrontements entre le Hezbollah et Isra\u00ebl au Liban-Sud, les frappes isra\u00e9liennes\u00a0visent de plus en plus en profondeur le territoire libanais, atteignant la banlieue sud de Beyrouth et m\u00eame la B\u00e9kaa. Face aux interrogations que suscite cette \u00e9volution et \u00e0 la possibilit\u00e9 que ces attaques marquent une nouvelle phase<\/p>\n","protected":false},"author":924,"featured_media":164224,"comment_status":"open","ping_status":"open","sticky":false,"template":"","format":"standard","meta":{"_uf_show_specific_survey":0,"_uf_disable_surveys":false,"footnotes":""},"categories":[37],"tags":[],"class_list":{"0":"post-172875","1":"post","2":"type-post","3":"status-publish","4":"format-standard","5":"has-post-thumbnail","7":"category-alaune-fr"},"aioseo_notices":[],"_links":{"self":[{"href":"https:\/\/middleeasttransparent.com\/fr\/wp-json\/wp\/v2\/posts\/172875","targetHints":{"allow":["GET"]}}],"collection":[{"href":"https:\/\/middleeasttransparent.com\/fr\/wp-json\/wp\/v2\/posts"}],"about":[{"href":"https:\/\/middleeasttransparent.com\/fr\/wp-json\/wp\/v2\/types\/post"}],"author":[{"embeddable":true,"href":"https:\/\/middleeasttransparent.com\/fr\/wp-json\/wp\/v2\/users\/924"}],"replies":[{"embeddable":true,"href":"https:\/\/middleeasttransparent.com\/fr\/wp-json\/wp\/v2\/comments?post=172875"}],"version-history":[{"count":0,"href":"https:\/\/middleeasttransparent.com\/fr\/wp-json\/wp\/v2\/posts\/172875\/revisions"}],"wp:featuredmedia":[{"embeddable":true,"href":"https:\/\/middleeasttransparent.com\/fr\/wp-json\/wp\/v2\/media\/164224"}],"wp:attachment":[{"href":"https:\/\/middleeasttransparent.com\/fr\/wp-json\/wp\/v2\/media?parent=172875"}],"wp:term":[{"taxonomy":"category","embeddable":true,"href":"https:\/\/middleeasttransparent.com\/fr\/wp-json\/wp\/v2\/categories?post=172875"},{"taxonomy":"post_tag","embeddable":true,"href":"https:\/\/middleeasttransparent.com\/fr\/wp-json\/wp\/v2\/tags?post=172875"}],"curies":[{"name":"wp","href":"https:\/\/api.w.org\/{rel}","templated":true}]}}