{"id":1678,"date":"2015-06-25T23:00:13","date_gmt":"2015-06-25T22:00:13","guid":{"rendered":"http:\/\/middleeasttransparent.com\/news\/?p=1678"},"modified":"2015-06-26T16:15:47","modified_gmt":"2015-06-26T15:15:47","slug":"conseil-national-14-mars-pourquoi-faire","status":"publish","type":"post","link":"https:\/\/middleeasttransparent.com\/fr\/conseil-national-14-mars-pourquoi-faire\/","title":{"rendered":"Conseil National 14-Mars: Pourquoi Faire ?"},"content":{"rendered":"<p><strong>La grossesse aura dur\u00e9 longtemps, presque dix ans. L\u2019accouchement aura \u00e9t\u00e9 particuli\u00e8rement laborieux mais n\u2019a pas impos\u00e9 une c\u00e9sarienne. On voit d\u00e9j\u00e0 poindre la t\u00eate de l\u2019enfant qui, en principe, est attendu de sortir \u00e0 l\u2019air libre dimanche prochain 28 juin lors de la premi\u00e8re assembl\u00e9e constituante de ce rassemblement des ind\u00e9pendants du 14-Mars qui proc\u00e8dera, selon les normes d\u00e9mocratiques, \u00e0 l\u2019\u00e9lection d\u2019un comit\u00e9 ex\u00e9cutif et de son pr\u00e9sident ainsi que de la mise en place, progressive, de commissions et de leurs membres.<\/strong><\/p>\n<p>Beaucoup d\u2019encre coulera pour critiquer cette nouvelle entit\u00e9 ou encore pour d\u00e9construire le discours qui la fonde ou, tout simplement, se poser des questions l\u00e9gitimes quant \u00e0 sa nature, son identit\u00e9, sa finalit\u00e9 ainsi que son r\u00f4le dans la vie publique libanaise et sa fonction symbolique au Liban et hors de ses fronti\u00e8res.<\/p>\n<p>Certains disent qu\u2019il s\u2019agit d\u2019un rassemblement d\u2019\u00e9lectrons libres, c\u2019est-\u00e0-dire de citoyens non li\u00e9s par une discipline de parti. Les partis politiques de la coalition du 14 Mars seront pr\u00e9sents \u00e0 cette assembl\u00e9e constituante mais \u00e0 titre d\u2019observateurs. Ils ne d\u00e9lib\u00e8rent pas, ils ne participent pas au vote. C\u2019est le Secr\u00e9tariat G\u00e9n\u00e9ral de la coalition du 14 Mars qui assure la logistique. A partir du dimanche 28 juin, le Conseil National sera une entit\u00e9 tout \u00e0 fait ind\u00e9pendante du secr\u00e9tariat, sauf en mati\u00e8re de coordination avec les autres composantes de la coalition. Le Conseil National ne sera donc pas un super-secr\u00e9tariat g\u00e9n\u00e9ral qui se substituerait \u00e0 lui dans les t\u00e2ches qui sont les siennes.<\/p>\n<p>Si on consid\u00e8re les composantes actuelles du 14Mars, on r\u00e9alise ais\u00e9ment qu\u2019il s\u2019agit d\u2019une mosa\u00efque ou d\u2019une f\u00e9d\u00e9ration de partis et de mouvements dont la plupart ont une identit\u00e9 confessionnelle bien pr\u00e9cise, ce qui est contraire \u00e0 l\u2019esprit du mouvement 14-Mars. Le Conseil National des Ind\u00e9pendants, quant \u00e0 lui, ne sera pas hypoth\u00e9qu\u00e9 par l\u2019appartenance confessionnelle. Il est, par nature, le reflet de ces citoyens libanais qui, depuis 2005, se sont r\u00e9guli\u00e8rement retrouv\u00e9s, par centaines de milliers, et ont renouvel\u00e9, \u00e0 chaque fois, la grande r\u00e9conciliation du peuple libanais avec lui-m\u00eame. On oublie souvent que la r\u00e9conciliation a d\u00e9j\u00e0 eu lieu. L\u2019\u00e9mergence du Conseil National dans le paysage politique est l\u00e0 pour le rappeler.<\/p>\n<p>Est-ce que les subtils \u00e9quilibres communautaires seront-ils respect\u00e9s au sein de cette structure. En principe non, car il s\u2019agit, par d\u00e9finition, d\u2019un mouvement transcommunautaire. L\u2019image symbolique est forte car elle montre au monde entier la r\u00e9silience du peuple libanais en mati\u00e8re de coexistence mais, surtout, en mati\u00e8re de vivre-ensemble dans les turbulences de l\u2019Orient. Si la coexistence suppose la juxtaposition de groupes divers, le vivre-ensemble implique une vision centr\u00e9e sur l\u2019individu-citoyen, ses libert\u00e9s et ses droits fondamentaux. Au sein d\u2019un monde arabe emport\u00e9 par les violences des conflits sectaires et des dictatures, le Liban donne ainsi l\u2019image de sa capacit\u00e9 \u00e0 r\u00e9pondre pacifiquement aux d\u00e9fis actuels en mettant en place une plateforme commune o\u00f9 la valeur premi\u00e8re est celle de chacun \u00e0 titre personnel. Cependant, il serait faux de croire qu\u2019un tel rassemblement est une sorte de f\u00e9d\u00e9ration d\u2019individus unis. La vision qui pr\u00e9vaut est celle d\u2019une pens\u00e9e moderne \u00e9voluant vers une forme d\u2019\u00e9tat s\u00e9culier (<em>al-dawla al-madaniyya<\/em>) qui prot\u00e8ge les droits de tout un chacun tout en donnant des garanties \u00e0 tous les groupes qui, \u00e0 travers l\u2019histoire, ont contribu\u00e9 \u00e0 construire le patrimoine spirituel et culturel libanais.<\/p>\n<p>La meilleure d\u00e9finition qu\u2019on pourrait trouver \u00e0 ce mouvement, c\u2019est qu\u2019il s\u2019agit l\u00e0 d\u2019une initiative citoyenne qui ne pr\u00e9tend pas \u00eatre incolore inodore et sans saveur m\u00eame si, \u00e0 moyen terme, la neutralit\u00e9 du Liban puisse \u00eatre un objectif. Aujourd\u2019hui, tout le monde est dans l\u2019impasse. Un camp s\u2019effondre, l\u2019autre camp ne parvient pas \u00e0 marquer une victoire. L\u2019ensemble du Moyen Orient semble \u00eatre la proie des flammes. Les sc\u00e9narios les plus fantaisistes et les plus catastrophistes sont quotidiennement jet\u00e9s en p\u00e2ture \u00e0 une opinion publique d\u00e9sempar\u00e9e et en plein d\u00e9sarroi.<\/p>\n<p>Et pourtant, en d\u00e9pit de son \u00e9tat d\u2019extr\u00eame affaiblissement, l\u2019Etat libanais n\u2019est pas encore mort et la soci\u00e9t\u00e9 libanaise poss\u00e8de encore des atouts majeurs. Elle demeure en mesure d\u2019\u00e9laborer un mod\u00e8le de vivre-ensemble tout en prot\u00e9geant les libert\u00e9s de tout un chacun.<\/p>\n<p>L\u2019image qui pourrait se cristalliser d\u00e8s dimanche prochain, 28 juin, serait celle d\u2019un Liban-oasis au milieu des d\u00e9serts br\u00fblants de l\u2019Orient. L\u2019oasis est source de vie, d\u2019eaux fra\u00eeches et d\u2019\u00e9changes. L\u2019oasis est un havre de culture, de cr\u00e9ativit\u00e9 et de dialogue. Tel est le d\u00e9fi que ces citoyens ont d\u00e9cid\u00e9 de relever. Tel est le d\u00e9nominateur commun de ces ind\u00e9pendants qui ont d\u00e9cid\u00e9 de s\u2019engager dans l\u2019aventure du vivre-en-paix et du vivre-en-libert\u00e9, c\u2019est-\u00e0-dire \u00ab\u00a0tous ensemble\u00a0\u00bb.<\/p>\n<p><em>R\u00e9dig\u00e9 en ce jeudi 25 juin 2015<\/em><\/p>\n<p><em>Publi\u00e9 dans L\u2019Orient-Le Jour le vendredi 26 juin 2015<\/em><\/p>\n","protected":false},"excerpt":{"rendered":"<p>La grossesse aura dur\u00e9 longtemps, presque dix ans. L\u2019accouchement aura \u00e9t\u00e9 particuli\u00e8rement laborieux mais n\u2019a pas impos\u00e9 une c\u00e9sarienne. On voit d\u00e9j\u00e0 poindre la t\u00eate de l\u2019enfant qui, en principe, est attendu de sortir \u00e0 l\u2019air libre dimanche prochain 28 juin lors de la premi\u00e8re assembl\u00e9e constituante de ce rassemblement des ind\u00e9pendants du 14-Mars qui<\/p>\n","protected":false},"author":33,"featured_media":1683,"comment_status":"open","ping_status":"open","sticky":false,"template":"","format":"standard","meta":{"_uf_show_specific_survey":0,"_uf_disable_surveys":false,"footnotes":""},"categories":[25],"tags":[],"class_list":{"0":"post-1678","1":"post","2":"type-post","3":"status-publish","4":"format-standard","5":"has-post-thumbnail","7":"category-decryptages"},"aioseo_notices":[],"_links":{"self":[{"href":"https:\/\/middleeasttransparent.com\/fr\/wp-json\/wp\/v2\/posts\/1678","targetHints":{"allow":["GET"]}}],"collection":[{"href":"https:\/\/middleeasttransparent.com\/fr\/wp-json\/wp\/v2\/posts"}],"about":[{"href":"https:\/\/middleeasttransparent.com\/fr\/wp-json\/wp\/v2\/types\/post"}],"author":[{"embeddable":true,"href":"https:\/\/middleeasttransparent.com\/fr\/wp-json\/wp\/v2\/users\/33"}],"replies":[{"embeddable":true,"href":"https:\/\/middleeasttransparent.com\/fr\/wp-json\/wp\/v2\/comments?post=1678"}],"version-history":[{"count":0,"href":"https:\/\/middleeasttransparent.com\/fr\/wp-json\/wp\/v2\/posts\/1678\/revisions"}],"wp:featuredmedia":[{"embeddable":true,"href":"https:\/\/middleeasttransparent.com\/fr\/wp-json\/wp\/v2\/media\/1683"}],"wp:attachment":[{"href":"https:\/\/middleeasttransparent.com\/fr\/wp-json\/wp\/v2\/media?parent=1678"}],"wp:term":[{"taxonomy":"category","embeddable":true,"href":"https:\/\/middleeasttransparent.com\/fr\/wp-json\/wp\/v2\/categories?post=1678"},{"taxonomy":"post_tag","embeddable":true,"href":"https:\/\/middleeasttransparent.com\/fr\/wp-json\/wp\/v2\/tags?post=1678"}],"curies":[{"name":"wp","href":"https:\/\/api.w.org\/{rel}","templated":true}]}}