{"id":16469,"date":"2016-12-10T22:37:46","date_gmt":"2016-12-10T21:37:46","guid":{"rendered":"http:\/\/middleeasttransparent.com\/?p=16469"},"modified":"2016-12-10T22:44:46","modified_gmt":"2016-12-10T21:44:46","slug":"sepp-blatter-je-nai-pas-triche","status":"publish","type":"post","link":"https:\/\/middleeasttransparent.com\/fr\/sepp-blatter-je-nai-pas-triche\/","title":{"rendered":"Sepp Blatter\u00a0: \u00ab\u00a0Je n\u2019ai pas trich\u00e9\u00a0\u00bb"},"content":{"rendered":"<h2 class=\"tt2\">L\u2019ex-pr\u00e9sident de la FIFA, Joseph Blatter, se confie en exclusivit\u00e9 au \u00ab\u00a0Monde\u00a0\u00bb apr\u00e8s la confirmation de sa suspension de six ans.<\/h2>\n<p>&nbsp;<\/p>\n<p class=\"bloc_signature\"><span id=\"publisher\" data-source=\"LE MONDE\"><\/span><em>A 80 ans, le <a class=\"lien_interne rub\" title=\"Toute l\u2019actualit\u00e9 Suisse\" href=\"http:\/\/www.lemonde.fr\/suisse\/\">Suisse<\/a> Joseph \u00ab\u00a0Sepp\u00a0\u00bb Blatter est r\u00e9solu \u00e0 <a class=\"lien_interne conjug\" title=\"Conjugaison du verbe d\u00e9fendre\" href=\"http:\/\/conjugaison.lemonde.fr\/conjugaison\/troisieme-groupe\/d%C3%A9fendre\/\" target=\"_blank\">d\u00e9fendre<\/a> son image et ce qu\u2019il a \u00ab\u00a0b\u00e2ti\u00a0\u00bb comme pr\u00e9sident de la F\u00e9d\u00e9ration internationale de <a class=\"lien_interne rub\" title=\"Toute l\u2019actualit\u00e9 football\" href=\"http:\/\/www.lemonde.fr\/football\/\">football<\/a> (<a class=\"lien_interne rub\" title=\"Toute l\u2019actualit\u00e9 FIFA\" href=\"http:\/\/www.lemonde.fr\/corruption-a-la-fifa\/\">FIFA<\/a>), de\u00a01998 \u00e0\u00a02015. Alors que le Tribunal arbitral du <a class=\"lien_interne rub\" title=\"Toute l\u2019actualit\u00e9 sport\" href=\"http:\/\/www.lemonde.fr\/sport\/\">sport<\/a> (TAS) a confirm\u00e9, lundi\u00a05\u00a0d\u00e9cembre, sa suspension de six ans, l\u2019ex-patron du foot mondial \u00e9change \u00e0 b\u00e2tons rompus avec <\/em>Le <a class=\"lien_interne rub\" title=\"Toute l\u2019actualit\u00e9 Monde\" href=\"http:\/\/www.lemonde.fr\/afrique-monde\/\">Monde<\/a>.<\/p>\n<div id=\"articleBody\" class=\"contenu_article js_article_body\" style=\"text-align: center;\">\n<p class=\"lire\">Lire aussi : \u00a0 <a href=\"http:\/\/www.lemonde.fr\/football\/article\/2016\/12\/05\/fifa-sepp-blatter-va-etre-fixe-sur-son-sort_5043285_1616938.html\">FIFA\u00a0: Sepp Blatter (enfin) fix\u00e9 sur son sort<\/a><\/p>\n<p class=\"question\" style=\"text-align: left;\"><strong>Le TAS a confirm\u00e9 votre suspension de six ans d\u00e9cid\u00e9e par la FIFA. Pourquoi avez-<a class=\"lien_interne rub\" title=\"Toute l\u2019actualit\u00e9 vous\" href=\"http:\/\/www.lemonde.fr\/vous\/\">vous<\/a> choisi de <a class=\"lien_interne conjug\" title=\"Conjugaison du verbe jeter\" href=\"http:\/\/conjugaison.lemonde.fr\/conjugaison\/premier-groupe\/jeter\/\" target=\"_blank\">jeter<\/a> l\u2019\u00e9ponge, en ne saisissant par le Tribunal f\u00e9d\u00e9ral suisse, comme Michel Platini\u00a0?<\/strong><\/p>\n<p style=\"text-align: left;\">C\u2019est mon dernier combat sur le plan du droit sportif. Je ne veux pas <a class=\"lien_interne conjug\" title=\"Conjugaison du verbe m\u00e9langer\" href=\"http:\/\/conjugaison.lemonde.fr\/conjugaison\/premier-groupe\/m%C3%A9langer\/\" target=\"_blank\">m\u00e9langer<\/a> les lois sportives avec le droit commun. J\u2019avais demand\u00e9 l\u2019acquittement total. Sur ce dossier-l\u00e0, j\u2019ai jet\u00e9 l\u2019\u00e9ponge. Dans le foot, tu apprends aussi \u00e0 <a class=\"lien_interne conjug\" title=\"Conjugaison du verbe perdre\" href=\"http:\/\/conjugaison.lemonde.fr\/conjugaison\/troisieme-groupe\/perdre\/\" target=\"_blank\">perdre<\/a>. Mais le congr\u00e8s de la FIFA peut encore <a class=\"lien_interne conjug\" title=\"Conjugaison du verbe d\u00e9cider\" href=\"http:\/\/conjugaison.lemonde.fr\/conjugaison\/premier-groupe\/d%C3%A9cider\/\" target=\"_blank\">d\u00e9cider<\/a> de <a class=\"lien_interne conjug\" title=\"Conjugaison du verbe diminuer\" href=\"http:\/\/conjugaison.lemonde.fr\/conjugaison\/premier-groupe\/diminuer\/\" target=\"_blank\">diminuer<\/a>, <a class=\"lien_interne conjug\" title=\"Conjugaison du verbe lever\" href=\"http:\/\/conjugaison.lemonde.fr\/conjugaison\/premier-groupe\/lever\/\" target=\"_blank\">lever<\/a> cette suspension.<\/p>\n<p class=\"question\" style=\"text-align: left;\"><strong>Avez-vous reparl\u00e9 \u00e0 Michel Platini\u00a0?<\/strong><\/p>\n<p style=\"text-align: left;\">Non. J\u2019aurais eu envie que lui et ses avocats se mettent d\u2019accord pour qu\u2019on d\u00e9fende notre cas ensemble. Mais lui voulait <a class=\"lien_interne conjug\" title=\"Conjugaison du verbe aller\" href=\"http:\/\/conjugaison.lemonde.fr\/conjugaison\/troisieme-groupe\/aller\/\" target=\"_blank\">aller<\/a> vite pour <a class=\"lien_interne conjug\" title=\"Conjugaison du verbe sauver\" href=\"http:\/\/conjugaison.lemonde.fr\/conjugaison\/premier-groupe\/sauver\/\" target=\"_blank\">sauver<\/a> sa candidature \u00e0 la pr\u00e9sidence de la FIFA.<\/p>\n<p class=\"question\" style=\"text-align: left;\"><strong>Michel Platini a souvent \u00e9voqu\u00e9 un \u00ab\u00a0complot <a class=\"lien_interne rub\" title=\"Toute l\u2019actualit\u00e9 politique\" href=\"http:\/\/www.lemonde.fr\/politique\/\">politique<\/a>\u00a0\u00bb pour l\u2019emp\u00eacher de <a class=\"lien_interne conjug\" title=\"Conjugaison du verbe devenir\" href=\"http:\/\/conjugaison.lemonde.fr\/conjugaison\/troisieme-groupe\/devenir\/\" target=\"_blank\">devenir<\/a> pr\u00e9sident de la FIFA. Qui aurait eu int\u00e9r\u00eat \u00e0 le <a class=\"lien_interne conjug\" title=\"Conjugaison du verbe faire\" href=\"http:\/\/conjugaison.lemonde.fr\/conjugaison\/troisieme-groupe\/faire\/\" target=\"_blank\">faire<\/a> tomber\u00a0?<\/strong><\/p>\n<p style=\"text-align: left;\">Il est dans le vrai pour le complot. Mais ce n\u2019est pas moi qui l\u2019ai emp\u00each\u00e9.<strong> Il ne devait pas devenir pr\u00e9sident de la FIFA, car il \u00e9tait responsable du fait que les Am\u00e9ricains n\u2019aient pas eu le Mondial 2022.<\/strong> Mais je ne suis pas Hercule Poirot\u2026<\/p>\n<p class=\"question\" style=\"text-align: left;\"><strong>Pensez-vous que Michel Platini devrait <a class=\"lien_interne conjug\" title=\"Conjugaison du verbe revenir\" href=\"http:\/\/conjugaison.lemonde.fr\/conjugaison\/troisieme-groupe\/revenir\/\" target=\"_blank\">revenir<\/a> au terme de sa suspension\u00a0?<\/strong><\/p>\n<p style=\"text-align: left;\">Oui, bien s\u00fbr. Platini est une vedette. Il pourrait revenir s\u2019il le souhaite. Il n\u2019a plus que trois ans de suspension. Le temps passe vite. Il est jeune, il a vingt ans de moins que moi.<\/p>\n<div class=\"encart_retrait_gauche\"><strong><span class=\"accroche\">\u00ab\u00a0JE SUIS CERTAIN QUE LE <a class=\"lien_interne rub\" title=\"Toute l\u2019actualit\u00e9 Qatar\" href=\"http:\/\/www.lemonde.fr\/qatar\/\">QATAR<\/a> AURA LES <a class=\"lien_interne rub\" title=\"Toute l\u2019actualit\u00e9 Jeux olympiques\" href=\"http:\/\/www.lemonde.fr\/jeux-olympiques\/\">JEUX OLYMPIQUES<\/a> UN JOUR\u00a0\u00bb<\/span><\/strong><\/div>\n<div class=\"encart_retrait_gauche\"><\/div>\n<div class=\"encart_retrait_gauche\"><\/div>\n<p class=\"question\" style=\"text-align: left;\"><strong>Le 2\u00a0d\u00e9cembre 2010, quelle est votre premi\u00e8re pens\u00e9e quand vous ouvrez l\u2019enveloppe contenant le nom du vainqueur pour l\u2019attribution du Mondial 2022, le Qatar\u00a0?<\/strong><\/p>\n<p style=\"text-align: left;\">J\u2019ai toujours esp\u00e9r\u00e9 qu\u2019on arriverait \u00e0 <a class=\"lien_interne conjug\" title=\"Conjugaison du verbe amener\" href=\"http:\/\/conjugaison.lemonde.fr\/conjugaison\/premier-groupe\/amener\/\" target=\"_blank\">amener<\/a> la Coupe du monde 2018 en\u00a0<a class=\"lien_interne rub\" title=\"Toute l\u2019actualit\u00e9 Russie\" href=\"http:\/\/www.lemonde.fr\/russie\/\">Russie<\/a> et celle de\u00a02022 aux Etats-Unis. On pouvait <a class=\"lien_interne conjug\" title=\"Conjugaison du verbe jouer\" href=\"http:\/\/conjugaison.lemonde.fr\/conjugaison\/premier-groupe\/jouer\/\" target=\"_blank\">jouer<\/a> cette carte diplomatique. Mais il faut bien <a class=\"lien_interne conjug\" title=\"Conjugaison du verbe dire\" href=\"http:\/\/conjugaison.lemonde.fr\/conjugaison\/troisieme-groupe\/dire\/\" target=\"_blank\">dire<\/a>, tr\u00e8s amicalement, que Michel Platini, apr\u00e8s <a class=\"lien_interne rub\" title=\"Toute l\u2019actualit\u00e9 la r\u00e9union\" href=\"http:\/\/www.lemonde.fr\/la-reunion\/\">la r\u00e9union<\/a> qu\u2019il a eue, \u00e0 <a class=\"lien_interne rub\" title=\"Toute l\u2019actualit\u00e9 Paris\" href=\"http:\/\/www.lemonde.fr\/paris\/\">Paris<\/a>, avec le pr\u00e9sident Sarkozy et l\u2019\u00e9mir actuel du Qatar <em>[le 23\u00a0novembre 2010]<\/em> m\u2019a dit :<em> \u00ab\u00a0On m\u2019a demand\u00e9 de <a class=\"lien_interne conjug\" title=\"Conjugaison du verbe voter\" href=\"http:\/\/conjugaison.lemonde.fr\/conjugaison\/premier-groupe\/voter\/\" target=\"_blank\">voter<\/a> pour les int\u00e9r\u00eats fran\u00e7ais, et mon groupe ne va pas voter ce qu\u2019on avait tacitement d\u00e9cid\u00e9 de voter au comit\u00e9 ex\u00e9cutif <\/em>[Comex]. \u00bb Cela ne m\u2019a pas choqu\u00e9. Pour l\u2019attribution du Mondial\u00a02010, il y avait eu la m\u00eame chose. M.\u00a0Chirac avait dit \u00e0 Platini\u00a0:<em> \u00ab\u00a0Tu ne vas pas voter pour l\u2019<a class=\"lien_interne rub\" title=\"Toute l\u2019actualit\u00e9 Afrique du Sud\" href=\"http:\/\/www.lemonde.fr\/afrique-du-sud\/\">Afrique du Sud<\/a>, nous sommes tr\u00e8s li\u00e9s au <a class=\"lien_interne rub\" title=\"Toute l\u2019actualit\u00e9 Maroc\" href=\"http:\/\/www.lemonde.fr\/maroc\/\">Maroc<\/a>.\u00a0\u00bb <\/em>Je savais que le Qatar allait <a class=\"lien_interne conjug\" title=\"Conjugaison du verbe gagner\" href=\"http:\/\/conjugaison.lemonde.fr\/conjugaison\/premier-groupe\/gagner\/\" target=\"_blank\">gagner<\/a> avant d\u2019ouvrir l\u2019enveloppe.<\/p>\n<p class=\"question\" style=\"text-align: left;\"><strong>Le Qatar, c\u2019est ce qui a entra\u00een\u00e9 votre chute\u00a0?<\/strong><\/p>\n<p style=\"text-align: left;\">Tout a commenc\u00e9 avec \u00e7a. Les deux f\u00e9d\u00e9rations qui voulaient absolument <a class=\"lien_interne conjug\" title=\"Conjugaison du verbe avoir\" href=\"http:\/\/conjugaison.lemonde.fr\/conjugaison\/auxiliaire\/avoir\/\" target=\"_blank\">avoir<\/a> la Coupe du monde, <strong>l\u2019Angleterre et les Etats-Unis, sont de mauvais perdants<\/strong>. Et puis il y a eu cette <a class=\"lien_interne rub\" title=\"Toute l\u2019actualit\u00e9 enqu\u00eate\" href=\"http:\/\/www.lemonde.fr\/enquetes\/\">enqu\u00eate<\/a>\u00a0am\u00e9ricaine qui a \u00e9t\u00e9 ouverte dans les Conf\u00e9d\u00e9rations nord et sud-am\u00e9ricaines. Mais je n\u2019ai pas senti <a class=\"lien_interne conjug\" title=\"Conjugaison du verbe venir\" href=\"http:\/\/conjugaison.lemonde.fr\/conjugaison\/troisieme-groupe\/venir\/\" target=\"_blank\">venir<\/a> cette attaque du\u00a027\u00a0mai\u00a02015.<\/p>\n<p class=\"question\" style=\"text-align: left;\"><strong>Les Am\u00e9ricains ont-ils pris le <a class=\"lien_interne conjug\" title=\"Conjugaison du verbe pouvoir\" href=\"http:\/\/conjugaison.lemonde.fr\/conjugaison\/troisieme-groupe\/pouvoir\/\" target=\"_blank\">pouvoir<\/a> \u00e0 la FIFA\u00a0?<\/strong><\/p>\n<p style=\"text-align: left;\">Les Am\u00e9ricains ont essay\u00e9 de <a class=\"lien_interne conjug\" title=\"Conjugaison du verbe prendre\" href=\"http:\/\/conjugaison.lemonde.fr\/conjugaison\/troisieme-groupe\/prendre\/\" target=\"_blank\">prendre<\/a> la FIFA, en\u00a02015. Ils ont essay\u00e9 d\u2019ouvrir des trucs contre moi. Mais l\u00e0, il n\u2019y a plus rien. C\u2019\u00e9tait un peu la revanche par rapport au Qatar. Ils ont d\u2019ailleurs peur de ne pas avoir le Mondial 2026\u2026<\/p>\n<p class=\"question\" style=\"text-align: left;\"><strong>Au regard des centaines d\u2019ouvriers morts sur les chantiers, des difficult\u00e9s li\u00e9es \u00e0 sa tenue en hiver, le Mondial 2022 au Qatar est-il votre grand regret\u00a0?<\/strong><\/p>\n<p style=\"text-align: left;\">Si j\u2019avais \u00e9t\u00e9 le seul \u00e0 voter, \u00e7a serait mon regret. Quand vous voyez les photos, je ne fais pas la m\u00eame t\u00eate lors de l\u2019ouverture de l\u2019enveloppe Russie et de celle du Qatar. Mais je dois <a class=\"lien_interne conjug\" title=\"Conjugaison du verbe vivre\" href=\"http:\/\/conjugaison.lemonde.fr\/conjugaison\/troisieme-groupe\/vivre\/\" target=\"_blank\">vivre<\/a>\u00a0avec les d\u00e9cisions prises par le Comex et vivre avec le Qatar malgr\u00e9 les pressions. La plupart des d\u00e9c\u00e8s sont dus au fait que le Qatar a d\u00e9cid\u00e9 de se <a class=\"lien_interne conjug\" title=\"Conjugaison du verbe r\u00e9organiser\" href=\"http:\/\/conjugaison.lemonde.fr\/conjugaison\/premier-groupe\/r%C3%A9organiser\/\" target=\"_blank\">r\u00e9organiser<\/a> et de se <a class=\"lien_interne conjug\" title=\"Conjugaison du verbe d\u00e9velopper\" href=\"http:\/\/conjugaison.lemonde.fr\/conjugaison\/premier-groupe\/d%C3%A9velopper\/\" target=\"_blank\">d\u00e9velopper<\/a>. Ce n\u2019est plus un petit \u00e9mirat dans le d\u00e9sert, sans autoroute, ni h\u00f4tel. Le Qatar veut tout avoir. Il a organis\u00e9 les Mondiaux de <a class=\"lien_interne rub\" title=\"Toute l\u2019actualit\u00e9 cyclisme\" href=\"http:\/\/www.lemonde.fr\/cyclisme\/\">cyclisme<\/a>. Je suis certain que le Qatar aura les <a class=\"lien_interne rub\" title=\"Toute l\u2019actualit\u00e9 Jeux\" href=\"http:\/\/www.lemonde.fr\/jeux\/\">Jeux<\/a> olympiques un jour.<\/p>\n<p class=\"question\" style=\"text-align: left;\"><strong>La <a class=\"lien_interne rub\" title=\"Toute l\u2019actualit\u00e9 justice\" href=\"http:\/\/www.lemonde.fr\/justice\/\">justice<\/a> suisse a relev\u00e9 des mouvements financiers suspects autour de l\u2019attribution du Mondial 2022. Peut-on encore la <a class=\"lien_interne conjug\" title=\"Conjugaison du verbe remettre\" href=\"http:\/\/conjugaison.lemonde.fr\/conjugaison\/troisieme-groupe\/remettre\/\" target=\"_blank\">remettre<\/a> en cause\u00a0?<\/strong><\/p>\n<p style=\"text-align: left;\">Je ne vois pas comment on peut <a class=\"lien_interne conjug\" title=\"Conjugaison du verbe changer\" href=\"http:\/\/conjugaison.lemonde.fr\/conjugaison\/premier-groupe\/changer\/\" target=\"_blank\">changer<\/a> \u00e7a maintenant. L\u2019actuel pr\u00e9sident de la FIFA <em>[Gianni Infantino]<\/em> a d\u2019ailleurs confirm\u00e9 que les Mondiaux seront organis\u00e9s en Russie et au Qatar.<\/p>\n<p class=\"question\" style=\"text-align: left;\"><strong>Le Qatar a-t-il achet\u00e9 la Coupe du monde\u00a0?<\/strong><\/p>\n<p style=\"text-align: left;\">J\u2019ai toujours dit que les Coupes du monde ne sont pas attribu\u00e9es gr\u00e2ce \u00e0 des <a class=\"lien_interne rub\" title=\"Toute l\u2019actualit\u00e9 cadeaux\" href=\"http:\/\/www.lemonde.fr\/cadeaux\/\">cadeaux<\/a> ou des invitations faits \u00e0 droite et \u00e0 gauche mais suite \u00e0 une influence <a class=\"lien_interne rub\" title=\"Toute l\u2019actualit\u00e9 politique\" href=\"http:\/\/www.lemonde.fr\/afrique-politique\/\">politique<\/a>. Comme pour les JO, c\u2019est celui qui avait le plus d\u2019influence qui a gagn\u00e9. Si c\u2019\u00e9tait le sponsoring qui avait eu une influence, les Etats-Unis auraient d\u00fb gagner, avec leurs grandes <a class=\"lien_interne rub\" title=\"Toute l\u2019actualit\u00e9 entreprises\" href=\"http:\/\/www.lemonde.fr\/entreprises\/\">entreprises<\/a> et les contrats de t\u00e9l\u00e9vision. Le Qatar n\u2019aurait eu aucune chance.<\/p>\n<p style=\"text-align: left;\"><strong>Qu\u2019y avait-il d\u2019aussi compromettant dans le rapport de l\u2019enqu\u00eateur am\u00e9ricain Michael Garcia sur ces attributions pour que la FIFA ne l\u2019ait pas publi\u00e9\u00a0?<\/strong><\/p>\n<p style=\"text-align: left;\">Je ne l\u2019ai jamais lu. Le pr\u00e9sident de la FIFA, qui a maintenant le pouvoir de <a class=\"lien_interne conjug\" title=\"Conjugaison du verbe nommer\" href=\"http:\/\/conjugaison.lemonde.fr\/conjugaison\/premier-groupe\/nommer\/\" target=\"_blank\">nommer<\/a> les membres du comit\u00e9 d\u2019\u00e9thique, pourrait dire aujourd\u2019hui <em>\u00ab\u00a0on le publie \u00bb<\/em>.<\/p>\n<p style=\"text-align: left;\"><strong>Dans le livre <em>The Ugly Game<\/em> (Blake et Calvert, 2015), vous \u00eates accus\u00e9 d\u2019avoir pass\u00e9 un deal avec l\u2019\u00e9mir du Qatar en lui assurant qu\u2019il conserverait son Mondial en \u00e9change du retrait de votre <a class=\"lien_interne conjug\" title=\"Conjugaison du verbe challenger\" href=\"http:\/\/conjugaison.lemonde.fr\/conjugaison\/premier-groupe\/challenger\/\" target=\"_blank\">challenger<\/a> qatari, Mohamed Ben Hammam, lors de l\u2019\u00e9lection de\u00a02011 \u00e0\u00a0la FIFA. Est-ce vrai\u00a0?<\/strong><\/p>\n<p style=\"text-align: left;\">Jusqu\u2019o\u00f9 va le non-respect envers une organisation et son chef\u00a0? J\u2019ai toujours \u00e9t\u00e9 responsable de tout. Le premier ouvrier qui est tomb\u00e9 d\u2019un \u00e9chafaudage au <a class=\"lien_interne rub\" title=\"Toute l\u2019actualit\u00e9 Br\u00e9sil\" href=\"http:\/\/www.lemonde.fr\/bresil\/\">Br\u00e9sil<\/a> pour le Mondial 2014, c\u2019\u00e9tait aussi ma faute\u2026 Mais le Comex, choisi par les Conf\u00e9d\u00e9rations, doit aussi <a class=\"lien_interne conjug\" title=\"Conjugaison du verbe assumer\" href=\"http:\/\/conjugaison.lemonde.fr\/conjugaison\/premier-groupe\/assumer\/\" target=\"_blank\">assumer<\/a>.<\/p>\n<p class=\"question\" style=\"text-align: left;\"><strong>Le rapport McLaren a mis au jour un \u00ab\u00a0syst\u00e8me de <a class=\"lien_interne rub\" title=\"Toute l\u2019actualit\u00e9 dopage\" href=\"http:\/\/www.lemonde.fr\/dopage\/\">dopage<\/a> d\u2019Etat\u00a0\u00bb en Russie, dans le cadre des Jeux olympiques d\u2019hiver de Sotchi, tout en brocardant l\u2019ex-ministre des sports Vitaly Moutko, patron de la F\u00e9d\u00e9ration russe de football et du comit\u00e9 d\u2019organisation du Mondial 2018. Ces \u00e9l\u00e9ments renforcent-ils les doutes autour du Mondial 2018\u00a0?<\/strong><\/p>\n<p style=\"text-align: left;\">Ce \u00ab\u00a0doping\u00a0\u00bb organis\u00e9, c\u2019est mauvais, je suis d\u2019accord. Mais quand on prend la carte <a class=\"lien_interne rub\" title=\"Toute l\u2019actualit\u00e9 g\u00e9opolitique\" href=\"http:\/\/www.lemonde.fr\/geopolitique\/\">g\u00e9opolitique<\/a> du monde, <a class=\"lien_interne conjug\" title=\"Conjugaison du verbe retirer\" href=\"http:\/\/conjugaison.lemonde.fr\/conjugaison\/premier-groupe\/retirer\/\" target=\"_blank\">retirer<\/a> le Mondial \u00e0 la Russie serait catastrophique.<\/p>\n<p class=\"question\" style=\"text-align: left;\"><strong>Votre successeur, Gianni Infantino, a, lui-m\u00eame, \u00e9t\u00e9 blanchi le\u00a05\u00a0ao\u00fbt, par le comit\u00e9 d\u2019\u00e9thique apr\u00e8s une enqu\u00eate sur des abus de d\u00e9penses et autres vols priv\u00e9s.<\/strong><\/p>\n<p style=\"text-align: left;\">Cela prouve que la commission d\u2019\u00e9thique n\u2019\u00e9tait pas ind\u00e9pendante. Infantino peut <a class=\"lien_interne conjug\" title=\"Conjugaison du verbe choisir\" href=\"http:\/\/conjugaison.lemonde.fr\/conjugaison\/deuxieme-groupe\/choisir\/\" target=\"_blank\">choisir<\/a> les membres du comit\u00e9 pendant un an. M\u00eame si on ne sait pas combien de temps \u00e7a peut <a class=\"lien_interne conjug\" title=\"Conjugaison du verbe durer\" href=\"http:\/\/conjugaison.lemonde.fr\/conjugaison\/premier-groupe\/durer\/\" target=\"_blank\">durer<\/a>. Cela remet en cause le principe d\u2019ind\u00e9pendance. Le congr\u00e8s n\u2019aurait jamais d\u00fb <a class=\"lien_interne conjug\" title=\"Conjugaison du verbe accepter\" href=\"http:\/\/conjugaison.lemonde.fr\/conjugaison\/premier-groupe\/accepter\/\" target=\"_blank\">accepter<\/a> cet amendement, en\u00a0mai, \u00e0 Mexico.<\/p>\n<p><img decoding=\"async\" class=\"lazy-retina aligncenter\" title=\"FABRICE COFFRINI \/ AFP\" src=\"http:\/\/s2.lemde.fr\/image2x\/2016\/12\/10\/534x0\/5046957_6_6774_sepp-blatter-le-20-juillet-2015-lors-d-une_3d154946d931e97a466f2a0486668942.jpg\" alt=\"Sepp Blatter, le 20 juillet 2015, lors d\u2019une conf\u00e9rence de presse, lorsqu\u2019un com\u00e9dien anglais a jet\u00e9 des faux billets pour d\u00e9noncer la corruption.\" width=\"534\" data-lazyload=\"false\" data-no-hd-src=\"http:\/\/s2.lemde.fr\/image\/2016\/12\/10\/534x0\/5046957_6_6774_sepp-blatter-le-20-juillet-2015-lors-d-une_3d154946d931e97a466f2a0486668942.jpg\" data-hd-src=\"http:\/\/s2.lemde.fr\/image2x\/2016\/12\/10\/534x0\/5046957_6_6774_sepp-blatter-le-20-juillet-2015-lors-d-une_3d154946d931e97a466f2a0486668942.jpg\" \/><\/p>\n<p>Sepp Blatter, le 20 juillet 2015, lors d\u2019une conf\u00e9rence de presse, lorsqu\u2019un com\u00e9dien anglais a jet\u00e9 des faux billets pour d\u00e9noncer la corruption. <span class=\"source_image\" data-copyright=\"FABRICE COFFRINI \/ AFP\">FABRICE COFFRINI \/ AFP<\/span><\/p>\n<p>&nbsp;<\/p>\n<p class=\"question\" style=\"text-align: left;\"><strong>Il aime dire qu\u2019il gagne moins que vous (1,5\u00a0million de francs suisses, contre 3,6\u00a0millions de francs suisses pour M.\u00a0Blatter en\u00a02015). Cela vous choque-t-il ?<\/strong><\/p>\n<p style=\"text-align: left;\">Dans <em>Le Parisien<\/em>, il a dit <em>\u00ab\u00a0quatre fois moins\u00a0\u00bb<\/em>. C\u2019est normal qu\u2019il gagne moins. J\u2019ai fait ma vie \u00e0 la FIFA, j\u2019ai remis les <a class=\"lien_interne rub\" title=\"Toute l\u2019actualit\u00e9 finances\" href=\"http:\/\/www.lemonde.fr\/finance\/\">finances<\/a> en ordre. On me reproche une <em>\u00ab\u00a0mauvaise gestion\u00a0\u00bb<\/em>. Je suis arriv\u00e9 avec des chiffres dans le rouge et, apr\u00e8s dix-sept ans de pr\u00e9sidence, il y avait 1\u00a0milliard de dollars de cash et 1,5 milliard de r\u00e9serve. Il y avait m\u00eame trop d\u2019argent. Je n\u2019ai jamais accept\u00e9 de l\u2019argent que je n\u2019avais pas gagn\u00e9 avec des contrats.<\/p>\n<p class=\"question\" style=\"text-align: left;\"><strong>La FIFA a mis au jour le versement, entre\u00a02011 et\u00a02015, de 80\u00a0millions de dollars \u2013\u00a0\u00ab\u00a0en\u00a0augmentation de salaire annuel, bonus li\u00e9s aux Mondiaux et autres avantages\u00a0\u00bb\u00a0\u2013 \u00e0 vous-m\u00eame, votre secr\u00e9taire g\u00e9n\u00e9ral, J\u00e9r\u00f4me Valcke (2007-2015), et au directeur financier Markus Kattner. Comment r\u00e9agissez-vous \u00e0 ces accusations\u00a0?<\/strong><\/p>\n<p style=\"text-align: left;\">Ce rapport est faux. La FIFA le sait. Je n\u2019ai touch\u00e9 qu\u2019un seul bonus\u00a0: celui pour le Mondial 2010, car j\u2019ai eu le courage d\u2019aller en <a class=\"lien_interne rub\" title=\"Toute l\u2019actualit\u00e9 Afrique\" href=\"http:\/\/www.lemonde.fr\/afrique\/\">Afrique<\/a> du Sud et que ce Mondial a \u00e9t\u00e9 une r\u00e9ussite. La FIFA est dans ses petits souliers car ces chiffres sont erron\u00e9s. Je n\u2019ai jamais touch\u00e9 12\u00a0millions de francs suisses de bonus pour le Mondial 2014. La nouvelle administration de la FIFA est en train de <a class=\"lien_interne conjug\" title=\"Conjugaison du verbe nuire\" href=\"http:\/\/conjugaison.lemonde.fr\/conjugaison\/troisieme-groupe\/nuire\/\" target=\"_blank\">nuire<\/a> \u00e0 mon image.<\/p>\n<\/div>\n<div id=\"articleBody\" class=\"contenu_article js_article_body\" style=\"text-align: center;\">\n<aside class=\"fenetre\">\n<h3 class=\"titre\">\u00ab\u00a0La secr\u00e9taire g\u00e9n\u00e9rale de la FIFA ne conna\u00eet rien au football\u00a0\u00bb<\/h3>\n<div style=\"text-align: left;\">\n<p style=\"text-align: center;\">L\u2019ancien pr\u00e9sident de la FIFA ne m\u00e2che pas ses mots \u00e0 propos de son successeur. Pour Sepp Blatter, Gianni Infantino a tout faux. <em>\u00ab\u00a0Comment peut- on r\u00e9duire de fa\u00e7on drastique les programmes de d\u00e9veloppement, notamment en Afrique? Comment peut-on dire qu\u2019on n\u2019a plus besoin de \u201ctask force\u201d contre le racisme?\u00a0\u00bb<\/em>, s\u2019interroge-t-il ainsi.<\/p>\n<p style=\"text-align: center;\">Rien ne trouve gr\u00e2ce aux yeux du Suisse, ni la m\u00e9thode, ni le fonds des r\u00e9formes. <em>\u00ab\u00a0La FIFA doit d\u00e9velopper le foot et pas seulement organiser les comp\u00e9titions, <\/em>continue-t-il. <em>Toutes les deux semaines, il propose un autre programme. Exemple avec la Coupe du monde \u00e0 40 ou 48 \u00e9quipes&#8230; Le format actuel \u00e0 32 \u00e9quipes, c\u2019est une tr\u00e8s bonne formule.\u00a0\u00bb <\/em>Et de tacler &#8211; s\u00e9v\u00e8rement &#8211; la secr\u00e9taire g\u00e9n\u00e9rale, Fatma Samoura : <em>\u00ab\u00a0Elle ne conna\u00eet rien au football.\u00a0\u00bb<\/em><\/p>\n<p style=\"text-align: center;\">Enfin, M. Blatter reproche \u00e0 M.Infantino son comportement qu\u2019il estime tr\u00e8s cavalier. <em>\u00ab\u00a0Moi j\u2019ai \u00e9t\u00e9 secr\u00e9taire g\u00e9n\u00e9ral de l\u2019organisation fa\u00eeti\u00e8re du foot mondial et lui seulement de l\u2019UEFA&#8230; Infantino refuse de dialoguer avec moi depuis mai. C\u2019est un manque de respect. Un politique peut tout changer en arrivant mais il n\u2019est pas oblig\u00e9 de dire du mal de son pr\u00e9d\u00e9cesseur.\u00a0\u00bb<\/em><\/p>\n<p style=\"text-align: center;\">\n<\/div>\n<\/aside>\n<p style=\"text-align: left;\"><strong>On vous accuse d\u2019\u00ab\u00a0effort coordonn\u00e9\u00a0\u00bb pour vous <a class=\"lien_interne conjug\" title=\"Conjugaison du verbe enrichir\" href=\"http:\/\/conjugaison.lemonde.fr\/conjugaison\/deuxieme-groupe\/enrichir\/\" target=\"_blank\">enrichir<\/a> vous-m\u00eame. Avez-vous touch\u00e9 de l\u2019argent ind\u00fbment\u00a0?<\/strong><\/p>\n<p style=\"text-align: left;\">Je n\u2019ai jamais touch\u00e9 de l\u2019argent ind\u00fbment. Si cela va devant la justice suisse, ils trouveront que tout ce que j\u2019ai touch\u00e9 \u00e9tait l\u00e9gal.<\/p>\n<p class=\"question\" style=\"text-align: left;\"><strong>En septembre\u00a02015, la justice suisse a ouvert une proc\u00e9dure p\u00e9nale \u00e0 votre encontre, pour le versement \u00e0 Michel Platini, mais aussi pour un contrat avec Jack Warner et l\u2019Union carib\u00e9enne de football relatif aux droits t\u00e9l\u00e9vis\u00e9s des Mondiaux 2010 et 2014. Craignez-vous des suites p\u00e9nales pour les mois, les ann\u00e9es \u00e0 venir\u00a0?<\/strong><\/p>\n<p style=\"text-align: left;\">Pas du tout. Il y a un passage dans ce contrat sur le partage des b\u00e9n\u00e9fices. Et Warner a \u00e9t\u00e9 suspendu \u00e0 vie. Je ne peux pas <a class=\"lien_interne conjug\" title=\"Conjugaison du verbe \u00eatre\" href=\"http:\/\/conjugaison.lemonde.fr\/conjugaison\/auxiliaire\/%C3%AAtre\/\" target=\"_blank\">\u00eatre<\/a> touch\u00e9 par \u00e7a. Pour l\u2019affaire Platini, la justice doit <a class=\"lien_interne conjug\" title=\"Conjugaison du verbe prouver\" href=\"http:\/\/conjugaison.lemonde.fr\/conjugaison\/premier-groupe\/prouver\/\" target=\"_blank\">prouver<\/a> la faute de l\u2019accus\u00e9, contrairement aux juridictions sportives qui nous ont demand\u00e9 de prouver notre innocence.<\/p>\n<p class=\"question\" style=\"text-align: left;\"><strong>Durant votre r\u00e8gne, on vous a souvent accus\u00e9 d\u2019avoir, au mieux, volontairement d\u00e9tourn\u00e9 le regard face \u00e0 la corruption pour <a class=\"lien_interne conjug\" title=\"Conjugaison du verbe conserver\" href=\"http:\/\/conjugaison.lemonde.fr\/conjugaison\/premier-groupe\/conserver\/\" target=\"_blank\">conserver<\/a> le pouvoir.<\/strong><\/p>\n<p style=\"text-align: left;\">On avait commenc\u00e9 \u00e0 faire le m\u00e9nage avant 2011 et la cr\u00e9ation de la commission d\u2019\u00e9thique ind\u00e9pendante, en suspendant deux membres du Comex. Pourquoi pas avant\u00a0? Comment pouvais-je savoir\u00a0? Je ne peux pas \u00eatre responsable de la morale des membres du Comex. Je leur faisais confiance m\u00eame, s\u2019ils ne me l\u2019ont pas rendu. J\u2019ai \u00e9t\u00e9 trop na\u00eff, indulgent.<\/p>\n<div class=\"encart_retrait_gauche\"><strong><span class=\"accroche\">\u00ab\u00a0CE \u201cDOPING\u201d ORGANIS\u00c9, C\u2019EST MAUVAIS, JE SUIS D\u2019ACCORD. MAIS QUAND ON PREND LA CARTE G\u00c9OPOLITIQUE DU MONDE, RETIRER LE MONDIAL \u00c0 LA RUSSIE SERAIT CATASTROPHIQUE\u00a0\u00bb<\/span><\/strong><\/div>\n<div class=\"encart_retrait_gauche\"><\/div>\n<p class=\"question\" style=\"text-align: left;\"><strong>Avez-vous cach\u00e9 des choses\u00a0?<\/strong><\/p>\n<p style=\"text-align: left;\">Non. Quand on a su, on est intervenu. L\u2019affaire ISL <em>[du nom de la soci\u00e9t\u00e9 charg\u00e9e des droits des Mondiaux jusqu\u2019en\u00a02001 et qui a vers\u00e9 des pots-de-vin \u00e0 des membres de la FIFA]<\/em>est pass\u00e9e devant le tribunal f\u00e9d\u00e9ral, en\u00a02010, qui a dit\u00a0: <em>\u00ab\u00a0Il n\u2019y a rien concernant M.\u00a0Blatter.\u00a0\u00bb<\/em> Moi, je n\u2019en ai pas profit\u00e9. J\u2019ai chang\u00e9 les choses quand je suis devenu directeur ex\u00e9cutif. On a ouvert le march\u00e9 de la t\u00e9l\u00e9vision. M.\u00a0Garcia, du comit\u00e9 d\u2019\u00e9thique, m\u2019a d\u2019ailleurs blanchi dans ce dossier, en\u00a02013.<\/p>\n<aside class=\"fenetre\">\n<h3 class=\"titre\">Le scandale ISL<\/h3>\n<div style=\"text-align: left;\">\n<p style=\"text-align: center;\">ISL, trois lettres pour International Sport &amp; Leisure et le plus gros scandale de corruption de l\u2019histoire du sport. Cr\u00e9\u00e9e en 1982 par le fondateur d\u2019Adidas, Horst Dassler, ISL avait \u00e9t\u00e9 charg\u00e9e par la FIFA de vendre aux t\u00e9l\u00e9visions du monde entier les droits de diffusion de ses Coupes du monde. Lorsque la pionni\u00e8re des soci\u00e9t\u00e9s de marketing sportif fait faillite, en 2001, la F\u00e9d\u00e9ration porte plainte contre son ex-partenaire commercial pour d\u00e9tournement de fonds. Mais l\u2019enqu\u00eate r\u00e9v\u00e8le que de 1989 \u00e0 2001, ISL aurait distribu\u00e9 138\u00a0millions de francs suisses (environ 105 millions d\u2019euros) de pots-de-vin \u00e0 des dirigeants du sport mondial dont le pr\u00e9d\u00e9cesseur de Joseph Blatter \u00e0 la t\u00eate de la FIFA, le Br\u00e9silien Joao Havelange (1974-1998). En 2010, la justice suisse prononcera un non-lieu apr\u00e8s que des dirigeants de la FIFA ont accept\u00e9 de payer 5,5\u00a0millions de francs suisses de compensation.<\/p>\n<p style=\"text-align: center;\">\n<\/div>\n<\/aside>\n<p class=\"question\" style=\"text-align: left;\"><strong>Que pensez-vous des r\u00e9v\u00e9lations \u00ab\u00a0Football <a class=\"lien_interne rub\" title=\"Toute l\u2019actualit\u00e9 Leaks\" href=\"http:\/\/www.lemonde.fr\/evasion-fiscale\/\">Leaks<\/a>\u00a0\u00bb, l\u2019ampleur de cette \u00e9vasion fiscale organis\u00e9e par l\u2019agent portugais Jorge Mendes\u00a0?<\/strong><\/p>\n<p style=\"text-align: left;\">Plus rien ne m\u2019\u00e9tonne dans le football. On a sorti les Panama papers <em>[o\u00f9 les noms de Platini et Infantino sont cit\u00e9s]<\/em> et cela a fait un toll\u00e9 formidable. Plus personne n\u2019en parle. Ce sera la m\u00eame chose avec Mendes. Une autre affaire arrivera.<\/p>\n<p class=\"question\" style=\"text-align: left;\"><strong>Avez-vous livr\u00e9 tous vos secrets\u00a0?<\/strong><\/p>\n<p style=\"text-align: left;\">Il me reste un peu de r\u00e9flexion \u00e0 <a class=\"lien_interne conjug\" title=\"Conjugaison du verbe coucher\" href=\"http:\/\/conjugaison.lemonde.fr\/conjugaison\/premier-groupe\/coucher\/\" target=\"_blank\">coucher<\/a> sur le papier. Je tiens \u00e0 ma r\u00e9putation, car je n\u2019ai pas trich\u00e9.<\/p>\n<p>&nbsp;<\/p>\n<\/div>\n<div class=\"bg_gris_moyen signature\">\n<ul class=\"liste_bordure\">\n<li class=\"clearfix\"><span class=\"identite\"><a class=\"gras\" href=\"http:\/\/www.lemonde.fr\/journaliste\/remi-dupre\/\" target=\"_blank\">R\u00e9mi Dupr\u00e9<\/a> (Zurich, envoy\u00e9 sp\u00e9cial)<br \/>\n<span class=\"txt_gris_clair\">Journaliste au <a href=\"http:\/\/www.lemonde.fr\/football\/article\/2016\/12\/10\/sepp-blatter-je-n-ai-pas-triche_5046958_1616938.html#tooFlgiXRkjhxaAZ.99\">Monde<\/a><\/span><\/span><\/li>\n<\/ul>\n<\/div>\n","protected":false},"excerpt":{"rendered":"<p>L\u2019ex-pr\u00e9sident de la FIFA, Joseph Blatter, se confie en exclusivit\u00e9 au \u00ab\u00a0Monde\u00a0\u00bb apr\u00e8s la confirmation de sa suspension de six ans. &nbsp; A 80 ans, le Suisse Joseph \u00ab\u00a0Sepp\u00a0\u00bb Blatter est r\u00e9solu \u00e0 d\u00e9fendre son image et ce qu\u2019il a \u00ab\u00a0b\u00e2ti\u00a0\u00bb comme pr\u00e9sident de la F\u00e9d\u00e9ration internationale de football (FIFA), de\u00a01998 \u00e0\u00a02015. Alors que le<\/p>\n","protected":false},"author":296,"featured_media":16471,"comment_status":"open","ping_status":"open","sticky":false,"template":"","format":"standard","meta":{"_uf_show_specific_survey":0,"_uf_disable_surveys":false,"footnotes":""},"categories":[37],"tags":[],"class_list":{"0":"post-16469","1":"post","2":"type-post","3":"status-publish","4":"format-standard","5":"has-post-thumbnail","7":"category-alaune-fr"},"aioseo_notices":[],"_links":{"self":[{"href":"https:\/\/middleeasttransparent.com\/fr\/wp-json\/wp\/v2\/posts\/16469","targetHints":{"allow":["GET"]}}],"collection":[{"href":"https:\/\/middleeasttransparent.com\/fr\/wp-json\/wp\/v2\/posts"}],"about":[{"href":"https:\/\/middleeasttransparent.com\/fr\/wp-json\/wp\/v2\/types\/post"}],"author":[{"embeddable":true,"href":"https:\/\/middleeasttransparent.com\/fr\/wp-json\/wp\/v2\/users\/296"}],"replies":[{"embeddable":true,"href":"https:\/\/middleeasttransparent.com\/fr\/wp-json\/wp\/v2\/comments?post=16469"}],"version-history":[{"count":0,"href":"https:\/\/middleeasttransparent.com\/fr\/wp-json\/wp\/v2\/posts\/16469\/revisions"}],"wp:featuredmedia":[{"embeddable":true,"href":"https:\/\/middleeasttransparent.com\/fr\/wp-json\/wp\/v2\/media\/16471"}],"wp:attachment":[{"href":"https:\/\/middleeasttransparent.com\/fr\/wp-json\/wp\/v2\/media?parent=16469"}],"wp:term":[{"taxonomy":"category","embeddable":true,"href":"https:\/\/middleeasttransparent.com\/fr\/wp-json\/wp\/v2\/categories?post=16469"},{"taxonomy":"post_tag","embeddable":true,"href":"https:\/\/middleeasttransparent.com\/fr\/wp-json\/wp\/v2\/tags?post=16469"}],"curies":[{"name":"wp","href":"https:\/\/api.w.org\/{rel}","templated":true}]}}