{"id":162170,"date":"2024-02-02T21:11:06","date_gmt":"2024-02-02T20:11:06","guid":{"rendered":"https:\/\/middleeasttransparent.com\/?p=162170"},"modified":"2024-02-02T21:14:12","modified_gmt":"2024-02-02T20:14:12","slug":"notre-combat-juridique-dans-la-balance-de-la-cour-de-justice-internationale-cij","status":"publish","type":"post","link":"https:\/\/middleeasttransparent.com\/fr\/notre-combat-juridique-dans-la-balance-de-la-cour-de-justice-internationale-cij\/","title":{"rendered":"Notre combat juridique dans la balance de la cour de justice internationale (CIJ)."},"content":{"rendered":"<h3><span style=\"color: #666699;\">La population palestinienne est m\u00e9contente du refus de la cour de prononcer une d\u00e9cision demandant \u00e0 Isra\u00ebl d&rsquo;arr\u00eater imm\u00e9diatement la guerre.<\/span><\/h3>\n<p>&nbsp;<\/p>\n<p>&nbsp;<\/p>\n<p class=\"p3\"><span class=\"s2\">Cette indignation est l\u00e9gitime apr\u00e8s toutes les privations et destructions subies encore de nos jours par les Palestiniens.<\/span><\/p>\n<p class=\"p3\"><span class=\"s2\">Certaines parties ont eu \u00e0 examiner les d\u00e9cisions de la cour concernant l&rsquo;Ukraine pour prouver le d\u00e9faut d\u2019impartialit\u00e9 dans l&rsquo;affaire palestinienne, provoquant d\u00e9ception et d\u00e9sespoir, alors que nous assistons \u00e0 une politique de deux poids deux mesures, reflet d&rsquo;un effondrement des valeurs internationales au profit d&rsquo;Isra\u00ebl.<\/span><\/p>\n<p class=\"p3\"><span class=\"s2\">Par ailleurs, et en comparaison avec la d\u00e9cision concernant l&rsquo;Ukraine, la CIJ a ordonn\u00e9 \u00e0 la Russie de suspendre imm\u00e9diatement ses op\u00e9rations militaires. <\/span><\/p>\n<p class=\"p3\"><span class=\"s2\">En effet l\u2019Ukraine demandait \u00e0 la cour de ne pas reconna\u00eetre l&rsquo;incrimination de g\u00e9nocide de population russophone des d\u00e9partements de l&rsquo;est qui a amen\u00e9 la Russie \u00e0 engager ses op\u00e9rations sp\u00e9ciales, ce que cette derni\u00e8re n&rsquo;a pu s&rsquo;en d\u00e9fendre ni prouver devant la cour.<\/span><\/p>\n<p class=\"p3\"><span class=\"s2\">Puisque les deux Etats sont partis \u00e0 la convention pour la pr\u00e9vention et la r\u00e9pression du crime de g\u00e9nocide de 1948, la cour est comp\u00e9tente pour prononcer l&rsquo;arr\u00eat des op\u00e9rations militaires, Cependant elle ne l\u2019a pas fait\u00a0; laissant le champ libre aux initiatives politiques et diplomatiques,<\/span><\/p>\n<p class=\"p3\"><span class=\"s2\">Cette situation ne se retrouve pas dans le cas palestinien, puisque la mouvance HAMAS n\u2019a pas qualit\u00e9 \u00e0 agir\u00a0: elle n&rsquo;est pas partie \u00e0 la cause devant la cour, elle n&rsquo;est pas un \u00e9tat, HAMAS, \u00ab\u00a0la mouvance des combattants\u00a0\u00bb, est un groupe arm\u00e9 pr\u00e9sent pour son op\u00e9ration \u00ab\u00a0A\u00a0l-Aqsa\u00a0\u00bb.<\/span><\/p>\n<p class=\"p3\"><span class=\"s2\">La d\u00e9fense Isra\u00e9lienne s&rsquo;est fond\u00e9e sur \u00ab\u00a0cette op\u00e9ration\u00a0\u00bb pour justifier les crimes contre la population palestinienne,<\/span><\/p>\n<p class=\"p3\"><span class=\"s2\">La liste des huit recommandations suivant celle du cessez-le-feu cit\u00e9 plus haut, se fondent n\u00e9cessairement sur une instruction et un travail de la cour afin de prouver le crime et d&rsquo;adopter la d\u00e9cision la plus appropri\u00e9e,<\/span><\/p>\n<p class=\"p3\"><span class=\"s2\">Sur ce, la cour a accueilli la demande de l&rsquo;Afrique du Sud et a refus\u00e9 la d\u00e9fense d&rsquo;Isra\u00ebl que nous ne pouvons qu&rsquo;admettre\u00a0:<span class=\"Apple-converted-space\">\u00a0 <\/span><i>la cour a tenu le b\u00e2ton au milieu, et a \u00e9t\u00e9 du c\u00f4t\u00e9 d&rsquo;Isra\u00ebl<\/i>,<\/span><\/p>\n<p class=\"p3\"><span class=\"s2\">Parce qu&rsquo;elle a refus\u00e9 la demande de cessez-le-feu, et qu&rsquo;elle a renvoy\u00e9 les incriminations principales apport\u00e9es par l&rsquo;Afrique du Sud \u00e0 un d\u00e9bat ult\u00e9rieur pour prouver l&rsquo;intention de g\u00e9nocide, motiv\u00e9e par des raisons religieuses, nationalistes, ou encore \u00e0 rapport raciste,<\/span><\/p>\n<p class=\"p3\"><span class=\"s2\">L&rsquo;accueil d&rsquo;Isra\u00ebl, de la d\u00e9cision de la cour fut empreint de col\u00e8re et d&rsquo;attaques, parce que jug\u00e9e responsable de tels crimes malgr\u00e9 sa d\u00e9fense de victime \u00e9ternelle.<\/span><\/p>\n<p class=\"p3\"><span class=\"s2\">Isra\u00ebl est aujourd&rsquo;hui devant la CIJ, pour r\u00e9pondre de ses crimes,<\/span><\/p>\n<p class=\"p3\"><span class=\"s2\">La Palestine dans ce conflit, doit apporter tout document mettant en \u00e9vidence qu&rsquo;Isra\u00ebl ne r\u00e9ponde pas aux recommandations de la cour qui inhibent le g\u00e9nocide par le cessez-le-feu.<\/span><\/p>\n<p class=\"p3\"><span class=\"s2\">Notre combat n\u00e9cessite une strat\u00e9gie claire, dans la direction de la situation, par un effort politique d&rsquo;information afin de d\u00e9cr\u00e9dibiliser la position isra\u00e9lienne dans la sph\u00e8re internationale.<\/span><\/p>\n<p class=\"p3\"><strong><span class=\"s2\">Hicham DIBSI (Analyste politique Beyrouth)<\/span><\/strong><\/p>\n<p class=\"p3\"><strong><span class=\"s2\">Mehdi ABBES (Avocat au barreau de Bruxelles, ayant d\u00e9pos\u00e9 plainte contre Ariel SHARON en 2001).<\/span><\/strong><\/p>\n<p>&nbsp;<\/p>\n<p>&nbsp;<\/p>\n<h1 class=\"post-title item fn\"><a href=\"https:\/\/wp.me\/p6sGh8-Gbv\">\u0645\u0639\u0631\u0643\u062a\u0646\u0627 \u0627\u0644\u0642\u0627\u0646\u0648\u0646\u064a\u0629 \u0641\u064a \u0645\u064a\u0632\u0627\u0646 \u0645\u062d\u0643\u0645\u0629 \u0627\u0644\u0639\u062f\u0644 \u0627\u0644\u062f\u0648\u0644\u064a\u0629<\/a><\/h1>\n<p>&nbsp;<\/p>\n","protected":false},"excerpt":{"rendered":"<p>La population palestinienne est m\u00e9contente du refus de la cour de prononcer une d\u00e9cision demandant \u00e0 Isra\u00ebl d&rsquo;arr\u00eater imm\u00e9diatement la guerre. &nbsp; &nbsp; Cette indignation est l\u00e9gitime apr\u00e8s toutes les privations et destructions subies encore de nos jours par les Palestiniens. Certaines parties ont eu \u00e0 examiner les d\u00e9cisions de la cour concernant l&rsquo;Ukraine pour<\/p>\n","protected":false},"author":3222,"featured_media":162181,"comment_status":"open","ping_status":"open","sticky":false,"template":"","format":"standard","meta":{"_uf_show_specific_survey":0,"_uf_disable_surveys":false,"footnotes":""},"categories":[37],"tags":[],"class_list":{"0":"post-162170","1":"post","2":"type-post","3":"status-publish","4":"format-standard","5":"has-post-thumbnail","7":"category-alaune-fr"},"aioseo_notices":[],"_links":{"self":[{"href":"https:\/\/middleeasttransparent.com\/fr\/wp-json\/wp\/v2\/posts\/162170","targetHints":{"allow":["GET"]}}],"collection":[{"href":"https:\/\/middleeasttransparent.com\/fr\/wp-json\/wp\/v2\/posts"}],"about":[{"href":"https:\/\/middleeasttransparent.com\/fr\/wp-json\/wp\/v2\/types\/post"}],"author":[{"embeddable":true,"href":"https:\/\/middleeasttransparent.com\/fr\/wp-json\/wp\/v2\/users\/3222"}],"replies":[{"embeddable":true,"href":"https:\/\/middleeasttransparent.com\/fr\/wp-json\/wp\/v2\/comments?post=162170"}],"version-history":[{"count":0,"href":"https:\/\/middleeasttransparent.com\/fr\/wp-json\/wp\/v2\/posts\/162170\/revisions"}],"wp:featuredmedia":[{"embeddable":true,"href":"https:\/\/middleeasttransparent.com\/fr\/wp-json\/wp\/v2\/media\/162181"}],"wp:attachment":[{"href":"https:\/\/middleeasttransparent.com\/fr\/wp-json\/wp\/v2\/media?parent=162170"}],"wp:term":[{"taxonomy":"category","embeddable":true,"href":"https:\/\/middleeasttransparent.com\/fr\/wp-json\/wp\/v2\/categories?post=162170"},{"taxonomy":"post_tag","embeddable":true,"href":"https:\/\/middleeasttransparent.com\/fr\/wp-json\/wp\/v2\/tags?post=162170"}],"curies":[{"name":"wp","href":"https:\/\/api.w.org\/{rel}","templated":true}]}}