{"id":161192,"date":"2024-01-30T20:39:37","date_gmt":"2024-01-30T19:39:37","guid":{"rendered":"https:\/\/middleeasttransparent.com\/?p=161192"},"modified":"2024-01-30T23:28:45","modified_gmt":"2024-01-30T22:28:45","slug":"la-turquie-la-norvege-et-le-koweit-boudes-par-les-expatries","status":"publish","type":"post","link":"https:\/\/middleeasttransparent.com\/fr\/la-turquie-la-norvege-et-le-koweit-boudes-par-les-expatries\/","title":{"rendered":"La Turquie, la Norv\u00e8ge et le Kowe\u00eft boud\u00e9s par les expatri\u00e9s\u00a0"},"content":{"rendered":"<header class=\"entry-header\">\n<h1 class=\"entry-title\"><\/h1>\n<\/header>\n<div class=\"entry-meta entry-meta-main\">\n<div class=\"posted-by vcard posted-by--avatar\">\n<div class=\"posted-by__content\"><\/div>\n<\/div>\n<\/div>\n<figure class=\"post-thumbnail\"><\/figure>\n<div class=\"entry-content\">\n<div class=\"elementor elementor-81697\" data-elementor-type=\"wp-post\" data-elementor-id=\"81697\" data-elementor-post-type=\"post\">\n<section class=\"elementor-section elementor-top-section elementor-element elementor-element-9d90b33 elementor-section-boxed elementor-section-height-default elementor-section-height-default\" data-id=\"9d90b33\" data-element_type=\"section\" data-settings=\"{&quot;jet_parallax_layout_list&quot;:[]}\">\n<div class=\"elementor-container elementor-column-gap-default\">\n<div class=\"elementor-column elementor-col-100 elementor-top-column elementor-element elementor-element-8e2adc1\" data-id=\"8e2adc1\" data-element_type=\"column\">\n<div class=\"elementor-widget-wrap elementor-element-populated\">\n<div class=\"elementor-element elementor-element-31fdd8a elementor-widget elementor-widget-text-editor is-mac\" data-id=\"31fdd8a\" data-element_type=\"widget\" data-widget_type=\"text-editor.default\">\n<div class=\"elementor-widget-container\">\n<h3><span style=\"color: #666699;\">La Turquie, la Norv\u00e8ge et le Kowe\u00eft sont les pays \u00e0 fuir selon le barom\u00e8tre d\u2019<a href=\"https:\/\/www.internations.org\/expat-insider\/\">Expat Insider d\u2019InterNation<\/a>. Si le Koweit h\u00e9rite du bonnet d\u2019\u00e2ne depuis des ann\u00e9es, avec de mauvais r\u00e9sultats dans tous les domaines, \u00e0 quelques exceptions pr\u00e8s, comme la langue, la Norv\u00e8ge (52e) fait partie des pays qui ont subi les plus fortes r\u00e9trogradations en 2023, perdant 18 rangs par rapport \u00e0\u00a02022.<\/span><\/h3>\n<\/div>\n<\/div>\n<\/div>\n<\/div>\n<p>&nbsp;<\/p>\n<div class=\"elementor-column elementor-col-100 elementor-top-column elementor-element elementor-element-8e2adc1\" data-id=\"8e2adc1\" data-element_type=\"column\">\n<div class=\"elementor-widget-wrap elementor-element-populated\">\n<div class=\"elementor-element elementor-element-31fdd8a elementor-widget elementor-widget-text-editor is-mac\" data-id=\"31fdd8a\" data-element_type=\"widget\" data-widget_type=\"text-editor.default\">\n<div class=\"elementor-widget-container\">\n<p>Face \u00e0 une inflation galopante dans toute l\u2019<a href=\"https:\/\/lesfrancais.press\/?s=europe\" target=\"_blank\" rel=\"noopener\">Europe<\/a>, les \u00ab\u00a0expat\u2019\u00a0\u00bb en Norv\u00e8ge sont aujourd\u2019hui particuli\u00e8rement m\u00e9contents du co\u00fbt \u00e9lev\u00e9 de la vie. La Turquie (51e) figurait d\u00e9j\u00e0 dans les 10 derniers rangs en\u00a02022, mais ses r\u00e9sultats se sont encore d\u00e9grad\u00e9s.\u00a0L\u2019\u00e9tat de l\u2019\u00e9conomie,\u00a0la situation politique et la libert\u00e9 d\u2019expression en danger sont des\u00a0<a href=\"https:\/\/www.internations.org\/expat-insider\/\" target=\"_blank\" rel=\"noopener\">pr\u00e9occupations<\/a>\u00a0majeures pour les expatri\u00e9s.<\/p>\n<\/div>\n<\/div>\n<div class=\"elementor-element elementor-element-aadfa03 elementor-widget elementor-widget-heading is-mac\" data-id=\"aadfa03\" data-element_type=\"widget\" data-widget_type=\"heading.default\">\n<div class=\"elementor-widget-container\">\n<h2 class=\"elementor-heading-title elementor-size-default tmzr-el\">Koweit : le pire accueil<\/h2>\n<\/div>\n<\/div>\n<div class=\"elementor-element elementor-element-e6c6e17 elementor-widget elementor-widget-text-editor is-mac\" data-id=\"e6c6e17\" data-element_type=\"widget\" data-widget_type=\"text-editor.default\">\n<div class=\"elementor-widget-container\">\n<p>Avec 90% de ses ressources issues du\u00a0<a href=\"https:\/\/lesfrancais.press\/?s=petrole\" target=\"_blank\" rel=\"noopener\">p\u00e9trole<\/a>, une d\u00e9sertification massive du pays, \u00e0 peine cach\u00e9e par ses immenses buildings ultra-modernes et des temp\u00e9ratures qui ont d\u00e9pass\u00e9 les 50 degr\u00e9s en mai dernier, rien d\u2019\u00e9tonnant \u00e0 voir Kowe\u00eft, capitale du pays \u00e9ponyme situ\u00e9e au c\u0153ur du golfe Persique, arriver premi\u00e8re des pires villes o\u00f9\u00a0<a href=\"https:\/\/lesfrancais.press\/?s=s%27expatrier\" target=\"_blank\" rel=\"noopener\">s\u2019expatrier.<\/a><\/p>\n<p>Plus pr\u00e9cis\u00e9ment, c\u2019est la pire ville pour ce qui est de la facilit\u00e9 d\u2019installation (indice comprenant l\u2019accueil des r\u00e9sidents, la facult\u00e9 \u00e0 se faire des amis, la langue et la vie sociale en g\u00e9n\u00e9ral), puisque pr\u00e8s de 60% des personnes interrog\u00e9es se disent malheureuses de leur vie sociale (contre 27% en moyenne), et autant sentent une hostilit\u00e9 des locaux \u00e0 leur \u00e9gard (contre 19% en moyenne). Kowe\u00eft arrive aussi avant derni\u00e8re dans la qualit\u00e9 de la vie urbaine (climat, qualit\u00e9 des transports, des loisirs, stabilit\u00e9 politique et sant\u00e9), avec une derni\u00e8re place pour le climat et la qualit\u00e9 des loisirs.<\/p>\n<\/div>\n<div class=\"elementor-element elementor-element-8b81b22 elementor-widget elementor-widget-heading is-mac\" data-id=\"8b81b22\" data-element_type=\"widget\" data-widget_type=\"heading.default\">\n<div class=\"elementor-widget-container\">\n<h3 class=\"elementor-heading-title elementor-size-default\">Norv\u00e8ge : trop cher<\/h3>\n<\/div>\n<\/div>\n<div class=\"elementor-element elementor-element-2cb4023 elementor-widget elementor-widget-text-editor is-mac\" data-id=\"2cb4023\" data-element_type=\"widget\" data-widget_type=\"text-editor.default\">\n<div class=\"elementor-widget-container\">\n<p>La Norv\u00e8ge n\u2019est pas une\u00a0<a href=\"https:\/\/lesfrancais.press\/?s=norvege\" target=\"_blank\" rel=\"noopener\">destination<\/a>\u00a0des plus abordables, et c\u2019est en partie pour cette raison qu\u2019elle a perdu tant de place cette ann\u00e9e 2023, marqu\u00e9e par l\u2019inflation. Ainsi, le pays scandinave d\u00e9croche la 52eme place dans l\u2019indice des finances personnelles et plus de trois expatri\u00e9s sur cinq (62%) jugent n\u00e9gativement le co\u00fbt de la vie locale. Ainsi, 37% d\u2019entre eux d\u00e9clarent que le revenu disponible de leur m\u00e9nage n\u2019est pas suffisant pour mener une vie confortable. En sus, pr\u00e8s d\u2019un tiers des r\u00e9sidents \u00e9trangers en Norv\u00e8ge disent se heurter \u00e0 des locaux peu amicaux et plus de la moiti\u00e9 (51%) \u00e9prouvent des difficult\u00e9s \u00e0 se faire des amis. La qualit\u00e9 de vie ne semble pas non plus \u00eatre au rendez-vous, en t\u00e9moigne la 31e place du pays dans cet indice.<\/p>\n<\/div>\n<\/div>\n<div class=\"elementor-element elementor-element-a943ec9 elementor-widget elementor-widget-heading is-mac\" data-id=\"a943ec9\" data-element_type=\"widget\" data-widget_type=\"heading.default\">\n<div class=\"elementor-widget-container\">\n<h3 class=\"elementor-heading-title elementor-size-default\">Turquie : Terrorisme et r\u00e9pression<\/h3>\n<\/div>\n<\/div>\n<div class=\"elementor-element elementor-element-0136568 elementor-widget elementor-widget-text-editor is-mac\" data-id=\"0136568\" data-element_type=\"widget\" data-widget_type=\"text-editor.default\">\n<div class=\"elementor-widget-container\">\n<p>Ces derni\u00e8res ann\u00e9es, il y a eu des probl\u00e8mes avec le terrorisme. Des attaques tr\u00e8s m\u00e9diatis\u00e9es, comme celle de l\u2019a\u00e9roport en 2016. La menace constante de violence rend la\u00a0<a href=\"https:\/\/lesfrancais.press\/?s=turquie\" target=\"_blank\" rel=\"noopener\">situation<\/a>\u00a0un peu pr\u00e9occupante. Sans parler des tentatives d\u2019escroquerie envers les touristes\u00a0et les expatri\u00e9s fra\u00eechement arriv\u00e9s.<\/p>\n<p>C\u00f4t\u00e9 s\u00e9curit\u00e9, le fait de partager une fronti\u00e8re avec la Syrie n\u2019arrange pas les choses. Bien qu\u2019Istanbul soit \u00e0 1400km de toute cette agitation, il y a la menace constante d\u2019<strong>attaques terroristes<\/strong>.<\/p>\n<p>En sus, la\u00a0<strong>censure<\/strong>\u00a0de la presse et d\u2019Internet, l\u2019absence de libert\u00e9 d\u2019expression, ainsi que les poursuites et l\u2019emprisonnement de journalistes sont des r\u00e9alit\u00e9s en Turquie. Wikipedia a \u00e9t\u00e9 bloqu\u00e9 en 2017 et Blogspot en 2018. Bizarrement,\u00a0<a href=\"https:\/\/lesfrancais.press\/?s=booking.com\" target=\"_blank\" rel=\"noopener\">Booking.com<\/a>\u00a0est \u00e9galement bloqu\u00e9. C\u2019est quelque chose \u00e0 garder \u00e0 l\u2019esprit si on d\u00e9sire s\u2019y installer.<\/p>\n<p>Entre tensions internes et externes, la Turquie ne donne pas confiances aux expatri\u00e9s, ils sont pr\u00e8s de 60% \u00e0 ne pas vouloir prolonger leur exp\u00e9rience dans le pays.<\/p>\n<\/div>\n<p><a href=\"https:\/\/lesfrancais.press\/la-turquie-la-norvege-et-le-koweit-boudes-par-les-expatries\/\">Lesfran\u00e7ais.press<\/a><\/p>\n<\/div>\n<\/div>\n<\/div>\n<\/div>\n<\/div>\n<\/section>\n<\/div>\n<\/div>\n","protected":false},"excerpt":{"rendered":"<p>La Turquie, la Norv\u00e8ge et le Kowe\u00eft sont les pays \u00e0 fuir selon le barom\u00e8tre d\u2019Expat Insider d\u2019InterNation. Si le Koweit h\u00e9rite du bonnet d\u2019\u00e2ne depuis des ann\u00e9es, avec de mauvais r\u00e9sultats dans tous les domaines, \u00e0 quelques exceptions pr\u00e8s, comme la langue, la Norv\u00e8ge (52e) fait partie des pays qui ont subi les plus<\/p>\n","protected":false},"author":3221,"featured_media":161197,"comment_status":"open","ping_status":"open","sticky":false,"template":"","format":"standard","meta":{"_uf_show_specific_survey":0,"_uf_disable_surveys":false,"footnotes":""},"categories":[22],"tags":[],"class_list":{"0":"post-161192","1":"post","2":"type-post","3":"status-publish","4":"format-standard","5":"has-post-thumbnail","7":"category-actualites-fr"},"aioseo_notices":[],"_links":{"self":[{"href":"https:\/\/middleeasttransparent.com\/fr\/wp-json\/wp\/v2\/posts\/161192","targetHints":{"allow":["GET"]}}],"collection":[{"href":"https:\/\/middleeasttransparent.com\/fr\/wp-json\/wp\/v2\/posts"}],"about":[{"href":"https:\/\/middleeasttransparent.com\/fr\/wp-json\/wp\/v2\/types\/post"}],"author":[{"embeddable":true,"href":"https:\/\/middleeasttransparent.com\/fr\/wp-json\/wp\/v2\/users\/3221"}],"replies":[{"embeddable":true,"href":"https:\/\/middleeasttransparent.com\/fr\/wp-json\/wp\/v2\/comments?post=161192"}],"version-history":[{"count":0,"href":"https:\/\/middleeasttransparent.com\/fr\/wp-json\/wp\/v2\/posts\/161192\/revisions"}],"wp:featuredmedia":[{"embeddable":true,"href":"https:\/\/middleeasttransparent.com\/fr\/wp-json\/wp\/v2\/media\/161197"}],"wp:attachment":[{"href":"https:\/\/middleeasttransparent.com\/fr\/wp-json\/wp\/v2\/media?parent=161192"}],"wp:term":[{"taxonomy":"category","embeddable":true,"href":"https:\/\/middleeasttransparent.com\/fr\/wp-json\/wp\/v2\/categories?post=161192"},{"taxonomy":"post_tag","embeddable":true,"href":"https:\/\/middleeasttransparent.com\/fr\/wp-json\/wp\/v2\/tags?post=161192"}],"curies":[{"name":"wp","href":"https:\/\/api.w.org\/{rel}","templated":true}]}}