{"id":16019,"date":"2016-11-18T19:39:47","date_gmt":"2016-11-18T18:39:47","guid":{"rendered":"http:\/\/middleeasttransparent.com\/?p=16019"},"modified":"2016-11-18T19:39:47","modified_gmt":"2016-11-18T18:39:47","slug":"le-duo-chretien-effraie-de-plus-en-plus-la-nouvelle-opposition","status":"publish","type":"post","link":"https:\/\/middleeasttransparent.com\/fr\/le-duo-chretien-effraie-de-plus-en-plus-la-nouvelle-opposition\/","title":{"rendered":"Le duo chr\u00e9tien effraie de plus en plus la \u00ab\u00a0nouvelle opposition\u00a0\u00bb"},"content":{"rendered":"<h3>\u00a0La situation se corse entre les deux formations chr\u00e9tiennes, le Courant patriotique libre et les Forces libanaises, d&rsquo;une part, et de l&rsquo;autre, les Kata\u00ebb et les Marada qui, \u00e0 l&rsquo;instar du bloc du pr\u00e9sident de la Chambre, Nabih Berry, ont refus\u00e9 de voter en faveur de Michel Aoun \u00e0 la pr\u00e9sidence de la R\u00e9publique.<\/h3>\n<div class=\"toolbox\">\n<p>&nbsp;<\/p>\n<\/div>\n<div class=\"text\">\n<p>Les deux formations chr\u00e9tiennes minoritaires ne sont d&rsquo;ailleurs pas rassur\u00e9es par l&rsquo;attitude affich\u00e9e par le tandem CPL-FL dans les tractations pour la formation du gouvernement et craignent une volont\u00e9 tacite de les marginaliser et les \u00e9carter du gouvernement \u00e0 venir. C&rsquo;est l&rsquo;\u00e9cho r\u00e9percut\u00e9 dans les milieux des Marada et des Kata\u00ebb qui estiment que l&rsquo;appel lanc\u00e9 par le chef des FL, Samir Geagea, pour la mise en place d&rsquo;un \u00ab\u00a0gouvernement de majorit\u00e9\u00a0\u00bb, constitu\u00e9 par tous ceux qui ont vot\u00e9 en faveur de M. Aoun, n&rsquo;a rien d&rsquo;innocent.<\/p>\n<p>Dans les milieux des Marada plus particuli\u00e8rement, on estime que le souhait exprim\u00e9 par le leader des FL dissimule une volont\u00e9 de les \u00e9carter. Elle serait \u00e9galement partag\u00e9e par le CPL qui aspirerait, avec les FL, \u00e0 monopoliser la repr\u00e9sentation chr\u00e9tienne par le biais du partage des portefeuilles minist\u00e9riels allou\u00e9s aux chr\u00e9tiens.<br \/>\nCommentant l&rsquo;alliance CPL-FL, le pr\u00e9sident du PNL, Dory Chamoun, ironise\u00a0: \u00ab\u00a0Avant, ils nous divisaient, \u00e0 pr\u00e9sent, ils nous partagent.\u00a0\u00bb<\/p>\n<p>Dans les milieux des Marada et des Kata\u00ebb, on reconna\u00eet toutefois que le Premier ministre d\u00e9sign\u00e9, Saad Hariri, et M. Berry ont tent\u00e9 de contrer ces tentatives de marginalisation en insistant sur la participation de tous. Le pr\u00e9sident de la Chambre a m\u00eame \u00e9t\u00e9 jusqu&rsquo;\u00e0 affirmer qu&rsquo;il pourrait \u00ab\u00a0reconsid\u00e9rer sa position \u00e0 l&rsquo;\u00e9gard du gouvernement\u00a0\u00bb, comme l&rsquo;ont fait entendre ses visiteurs, si les Marada n&rsquo;obtiennent pas satisfaction. La formation pr\u00e9sid\u00e9e par Sleiman Frangi\u00e9 aspire notamment \u00e0 un portefeuille dit de \u00ab\u00a0services\u00a0\u00bb, plus pr\u00e9cis\u00e9ment celui de l&rsquo;\u00c9nergie ou des Travaux publics, et refuse de se voir octroyer le minist\u00e8re de l&rsquo;\u00c9ducation.<\/p>\n<p>Or les choses sont compliqu\u00e9es par le fait que le maroquin de l&rsquo;\u00c9nergie a \u00e9t\u00e9 promis au CPL qui y a d\u00e9sign\u00e9 l&rsquo;un des conseillers de son leader, Gebran Bassil, le minist\u00e8re des Travaux publics ayant par ailleurs \u00e9t\u00e9 r\u00e9serv\u00e9 \u00e0 Maroun H\u00e9lou, un ing\u00e9nieur d\u00e9sign\u00e9 par les FL, sachant qu&rsquo;au d\u00e9part, ce portefeuille faisait partie de la quote-part destin\u00e9e \u00e0 M. Berry qu&rsquo;il devait cumuler avec celui des Finances.<br \/>\n<em>(Lire aussi : <a href=\"http:\/\/www.lorientlejour.com\/article\/1019053\/lesprit-de-chicane-trouble-les-rapports-berry-aoun.html\" target=\"_blank\">L&rsquo;esprit de chicane trouble les rapports Berry-Aoun<\/a>)<\/em><\/p>\n<p>Dans l&rsquo;entourage des Marada et des Kata\u00ebb, on parle d\u00e9sormais d&rsquo;un climat hostile qui pr\u00e9vaut depuis quelque temps entre Baabda et eux. Pour les milieux du CPL et des FL, l&rsquo;attachement de Nabih Berry \u00e0 faire participer les Kata\u00ebb et les Marada au prochain gouvernement, en plus du PSNS et du Parti d\u00e9mocrate libanais de Talal Arslane, cache une arri\u00e8re-pens\u00e9e. Le pr\u00e9sident de la Chambre chercherait ainsi \u00e0 rassembler, dans le cadre d&rsquo;un front, toutes les composantes de l&rsquo;opposition qui n&rsquo;ont pas \u00e9lu M. Aoun.<\/p>\n<p>M. Berry fait pr\u00e9valoir l&rsquo;id\u00e9e qu&rsquo;elles ne doivent pas \u00eatre \u00e9cart\u00e9es de la nouvelle \u00e9quipe gouvernementale, encore moins du mandat de Michel Aoun, d&rsquo;autant que la plupart d&rsquo;entre elles sont des protagonistes majeurs du camp du 8 Mars. Mais l&rsquo;argument ne convainc pas le CPL et les FL. Le tandem chr\u00e9tien estime en effet que l&rsquo;\u00e9change acerbe entre MM. Aoun et Berry qui se sont respectivement lanc\u00e9 hier des accusations \u2013 le premier ayant fait assumer au chef du l\u00e9gislatif la responsabilit\u00e9 de la double prorogation du mandat du Parlement, le second, celui de la paralysie, deux ann\u00e9es durant, de la pr\u00e9sidentielle \u2013 n&rsquo;augure pas d&rsquo;un climat positif, encore moins d&rsquo;une d\u00e9tente entre Baabda et A\u00efn el-Tin\u00e9.<\/p>\n<p><em>(Lire aussi : <a href=\"http:\/\/www.lorientlejour.com\/article\/1019055\/pour-sa-premiere-sortie-officielle-le-president-aoun-se-rend-a-bkerke.html\" target=\"_blank\">Pour sa premi\u00e8re sortie officielle, le pr\u00e9sident Aoun se rend \u00e0 Bkerk\u00e9<\/a>)<\/em><\/p>\n<p>Les milieux du CPL et des FL assurent d&rsquo;ailleurs qu&rsquo;en s&rsquo;attachant \u00e0 consacrer un minist\u00e8re \u00e0 chacune des formations de la nouvelle opposition, M. Berry ambitionnerait de diriger un bloc minist\u00e9riel cons\u00e9quent qui puisse lui assurer le tiers de blocage, notamment lors du vote relatif aux dossiers importants en Conseil des ministres.<\/p>\n<p>Ce nouveau front politique serait d&rsquo;autant plus utile au pr\u00e9sident du Parlement que la polarisation entre 8 et 14 Mars n&rsquo;existe plus et que le jeu des alliances a radicalement chang\u00e9 aujourd&rsquo;hui. Le locataire de A\u00efn el-Tin\u00e9 chercherait surtout \u00e0 consolider son camp pour pouvoir affronter les positions d\u00e9fendues par l&rsquo;alliance CPL-FL, plus particuli\u00e8rement en mati\u00e8re de loi \u00e9lectorale, M. Berry \u00e9tant en faveur de la proportionnelle. Un choix destin\u00e9 \u00e0 contrer celui du courant du Futur en faveur d&rsquo;un projet mixte (la proportionnelle avec une dose de majoritaire). Selon des observateurs, les \u00e9lections auront lieu sans aucun doute \u00e0 la date pr\u00e9vue, mais sur la base de la loi de 1960 qui sera l\u00e9g\u00e8rement amend\u00e9e pour l&rsquo;occasion puisque la nouvelle \u00e9quipe n&rsquo;aura pas suffisamment de temps pour se mettre d&rsquo;accord sur un nouveau texte de loi. Elle sera principalement occup\u00e9e \u00e0 mettre en place l&rsquo;organisation des \u00e9lections.<\/p>\n<p>Le duo CPL-FL commence d&rsquo;ores et d\u00e9j\u00e0 \u00e0 inqui\u00e9ter non seulement M. Berry et les Marada, mais \u00e9galement le Hezbollah. Ce dernier craint une application \u00e0 la lettre du discours d&rsquo;investiture prononc\u00e9 par le pr\u00e9sident, d&rsquo;o\u00f9 la parade militaire \u00e0 Qousseir, une d\u00e9monstration de force qui devrait \u00eatre interpr\u00e9t\u00e9e comme une r\u00e9action concr\u00e8te aux grandes lignes d\u00e9finies dans le discours d&rsquo;investiture m\u00eame si le parti chiite jure qu&rsquo;elle est uniquement adress\u00e9e \u00e0 Isra\u00ebl et aux jihadistes.<\/p>\n<p><a href=\"http:\/\/www.lorientlejour.com\/article\/1019067\/le-duo-chretien-effraie-de-plus-en-plus-la-nouvelle-opposition-.html\">L&rsquo;Orient Le Jour<\/a><\/p>\n<\/div>\n","protected":false},"excerpt":{"rendered":"<p>\u00a0La situation se corse entre les deux formations chr\u00e9tiennes, le Courant patriotique libre et les Forces libanaises, d&rsquo;une part, et de l&rsquo;autre, les Kata\u00ebb et les Marada qui, \u00e0 l&rsquo;instar du bloc du pr\u00e9sident de la Chambre, Nabih Berry, ont refus\u00e9 de voter en faveur de Michel Aoun \u00e0 la pr\u00e9sidence de la R\u00e9publique. &nbsp;<\/p>\n","protected":false},"author":182,"featured_media":16022,"comment_status":"open","ping_status":"open","sticky":false,"template":"","format":"standard","meta":{"_uf_show_specific_survey":0,"_uf_disable_surveys":false,"footnotes":""},"categories":[22],"tags":[],"class_list":{"0":"post-16019","1":"post","2":"type-post","3":"status-publish","4":"format-standard","5":"has-post-thumbnail","7":"category-actualites-fr"},"aioseo_notices":[],"_links":{"self":[{"href":"https:\/\/middleeasttransparent.com\/fr\/wp-json\/wp\/v2\/posts\/16019","targetHints":{"allow":["GET"]}}],"collection":[{"href":"https:\/\/middleeasttransparent.com\/fr\/wp-json\/wp\/v2\/posts"}],"about":[{"href":"https:\/\/middleeasttransparent.com\/fr\/wp-json\/wp\/v2\/types\/post"}],"author":[{"embeddable":true,"href":"https:\/\/middleeasttransparent.com\/fr\/wp-json\/wp\/v2\/users\/182"}],"replies":[{"embeddable":true,"href":"https:\/\/middleeasttransparent.com\/fr\/wp-json\/wp\/v2\/comments?post=16019"}],"version-history":[{"count":0,"href":"https:\/\/middleeasttransparent.com\/fr\/wp-json\/wp\/v2\/posts\/16019\/revisions"}],"wp:featuredmedia":[{"embeddable":true,"href":"https:\/\/middleeasttransparent.com\/fr\/wp-json\/wp\/v2\/media\/16022"}],"wp:attachment":[{"href":"https:\/\/middleeasttransparent.com\/fr\/wp-json\/wp\/v2\/media?parent=16019"}],"wp:term":[{"taxonomy":"category","embeddable":true,"href":"https:\/\/middleeasttransparent.com\/fr\/wp-json\/wp\/v2\/categories?post=16019"},{"taxonomy":"post_tag","embeddable":true,"href":"https:\/\/middleeasttransparent.com\/fr\/wp-json\/wp\/v2\/tags?post=16019"}],"curies":[{"name":"wp","href":"https:\/\/api.w.org\/{rel}","templated":true}]}}