{"id":15601,"date":"2016-10-28T16:43:22","date_gmt":"2016-10-28T15:43:22","guid":{"rendered":"http:\/\/middleeasttransparent.com\/?p=15601"},"modified":"2016-10-28T16:43:22","modified_gmt":"2016-10-28T15:43:22","slug":"berry-ne-modifierait-pas-sa-position-concernant-lelection-de-aoun","status":"publish","type":"post","link":"https:\/\/middleeasttransparent.com\/fr\/berry-ne-modifierait-pas-sa-position-concernant-lelection-de-aoun\/","title":{"rendered":"Berry ne modifierait pas sa position concernant l\u2019\u00e9lection de Aoun"},"content":{"rendered":"<p><strong>Sauf surprise, la 46e s\u00e9ance \u00e9lectorale verra bien l&rsquo;\u00e9lection du 13e pr\u00e9sident de la R\u00e9publique libanaise, apr\u00e8s le consensus islamo-chr\u00e9tien qui s&rsquo;est d\u00e9gag\u00e9 autour de la candidature du g\u00e9n\u00e9ral Michel Aoun.<\/strong> Il n&rsquo;y aura pas de report de la s\u00e9ance, comme l&rsquo;assure le pr\u00e9sident de la Chambre, Nabih Berry, en d\u00e9pit des tentatives de donner plus de temps pour davantage de concertations et permettre \u00e0 cette candidature de faire l&rsquo;unanimit\u00e9 ; en d\u00e9pit aussi de la pol\u00e9mique sur la majorit\u00e9 de vote \u2013 86 voix ou 65. Inutile de dire que dans l&rsquo;entourage de Michel Aoun, tous ces d\u00e9tails techniques ressemblent \u00e0 autant de pi\u00e8ges sem\u00e9s par l&rsquo;opposition pour bloquer le chemin de Baabda au fondateur du Courant patriotique libre (CPL). C&rsquo;est pourquoi plusieurs autorit\u00e9s de r\u00e9f\u00e9rence politique et non politique ont r\u00e9clam\u00e9 que ce d\u00e9bat constitutionnel soit tranch\u00e9 avant la s\u00e9ance. Qu&rsquo;\u00e0 cela ne tienne, \u00e0 Rabieh, l&rsquo;on reste sur ses gardes, guettant tout ce qui pourrait d\u00e9vier le cours des \u00e9v\u00e9nements. Et pour cause\u00a0: le torpillage de la s\u00e9ance du 31 octobre mettrait s\u00e9rieusement en p\u00e9ril les chances du g\u00e9n\u00e9ral Aoun.<\/p>\n<div class=\"text\">\n<p><strong>Nabih Berry, toujours \u00e0 Gen\u00e8ve, aurait inform\u00e9 le candidat qu&rsquo;il ne votera pas pour lui et que la v\u00e9ritable bataille commencera au lendemain de l&rsquo;\u00e9lection, sur les divers dossiers et \u00e9ch\u00e9ances.<\/strong> Des sources proches de M. Berry excluent tout changement d&rsquo;attitude de sa part concernant la candidature Aoun. <strong>Le chef du Rassemblement d\u00e9mocratique, Walid Joumblatt, pourrait \u00e9galement faire cause commune avec le pr\u00e9sident de la Chambre<\/strong> lundi contre M. Aoun. Mais, apr\u00e8s avoir publi\u00e9 sur son compte Twitter hier que \u00ab\u00a0quelles que soient les protestations, le sacrifice et le compromis pour l&rsquo;avenir restent plus importants que tout\u00a0\u00bb, certaines analyses soutiennent qu&rsquo;il pourrait se r\u00e9soudre \u00e0 se ranger du c\u00f4t\u00e9 de M. Aoun pour des consid\u00e9rations locales li\u00e9es aux \u00e9quilibres communautaires dans la Montagne. M. Joumblatt attendrait d&rsquo;ailleurs le retour de M. Berry, pr\u00e9vu aujourd&rsquo;hui, avant de trancher. Quoi qu&rsquo;il en soit, des sources proches de la Maison du Centre sont cat\u00e9goriques\u00a0: il n&rsquo;y aura aucune surprise lundi. Le chef du courant du Futur, Saad Hariri, a donn\u00e9 sa parole et il la tiendra, affirment-elles, et tout le reste n&rsquo;est que sp\u00e9culations inutiles.<\/p>\n<p><strong>L&rsquo;absence de soutien de Nabih Berry \u00e0 Michel Aoun risque n\u00e9anmoins de plomber quelque peu le d\u00e9but du mandat de ce dernier.<\/strong> Tout nouveau pr\u00e9sident de la R\u00e9publique a en effet besoin d&rsquo;un esprit de relance institutionnelle pour pouvoir d\u00e9marrer. Or M. Berry a d\u00e9j\u00e0 annonc\u00e9 la couleur\u00a0: il ne plaidera pas en faveur du retour de M. Hariri \u00e0 la t\u00eate du nouveau cabinet et ne facilitera pas sa mission de former un gouvernement. Le leader du Futur, lui, cherchera quand m\u00eame \u00e0 former un cabinet d&rsquo;union nationale avec le souci de n&rsquo;exclure aucune partie \u2013 loin de l&rsquo;esprit d&rsquo;un gouvernement de technocrates \u2013 ce qui l&rsquo;obligera \u00e0 discuter avec le pr\u00e9sident de la Chambre. Par contre, M. Berry accorderait \u00e0 M. Aoun une p\u00e9riode de gr\u00e2ce jusqu&rsquo;aux l\u00e9gislatives du printemps prochain.<\/p>\n<p>Pour Nabih Berry, le dossier le plus important, au lendemain de l&rsquo;\u00e9lection pr\u00e9sidentielle, sera la loi \u00e9lectorale. Aussi se consacrera-t-il apr\u00e8s le scrutin \u00e0 \u0153uvrer, de concert avec les forces politiques, pour un nouveau texte. Mais des sources proches du pr\u00e9sident de la Chambre affirment craindre, dans le cadre du march\u00e9 conclu entre Rabieh et la Maison du Centre, une nouvelle prorogation technique du mandat du Parlement pour un an en attendant un accord sur une nouvelle loi \u00e9lectorale. Ce temps de gr\u00e2ce serait aussi l&rsquo;occasion pour Saad Hariri de se remettre en selle et de remettre de l&rsquo;ordre dans son camp avant les l\u00e9gislatives. Apr\u00e8s tout, affirment les sources proches de A\u00efn el-Tin\u00e9, n&rsquo;est-ce pas d\u00e9j\u00e0 deux fois, \u00e0 la demande de M. Hariri, que de telles rallonges ont eu lieu ? Et qu&rsquo;en pensera le nouveau pr\u00e9sident, \u00e0 Baabda ? Acceptera-t-il de d\u00e9marrer son sexennat par un faux pas, alors qu&rsquo;il avait \u00e9t\u00e9 le plus grand pourfendeur des deux prorogations pass\u00e9es ?<\/p>\n<p><strong>Mais comment des d\u00e9put\u00e9s qui ont \u00e9chou\u00e9 pendant onze ans \u00e0 s&rsquo;entendre sur une nouvelle loi \u00e9lectorale pourront-ils le faire en quelques mois ? Dans les rangs loyalistes, on estime qu&rsquo;insister d&rsquo;ores et d\u00e9j\u00e0 sur cette question vise \u00e0 mettre des b\u00e2tons dans les roues du nouveau mandat. Selon certaines sources parlementaires, la loi de 1960 peut toujours servir constitutionnellement lorsqu&rsquo;il sera l&rsquo;heure des l\u00e9gislatives. Nul besoin, partant, de proroger d&rsquo;un an encore une fois le mandat de la Chambre&#8230;<\/strong><\/p>\n<\/div>\n","protected":false},"excerpt":{"rendered":"<p>Sauf surprise, la 46e s\u00e9ance \u00e9lectorale verra bien l&rsquo;\u00e9lection du 13e pr\u00e9sident de la R\u00e9publique libanaise, apr\u00e8s le consensus islamo-chr\u00e9tien qui s&rsquo;est d\u00e9gag\u00e9 autour de la candidature du g\u00e9n\u00e9ral Michel Aoun. Il n&rsquo;y aura pas de report de la s\u00e9ance, comme l&rsquo;assure le pr\u00e9sident de la Chambre, Nabih Berry, en d\u00e9pit des tentatives de donner<\/p>\n","protected":false},"author":182,"featured_media":15604,"comment_status":"open","ping_status":"open","sticky":false,"template":"","format":"standard","meta":{"_uf_show_specific_survey":0,"_uf_disable_surveys":false,"footnotes":""},"categories":[22],"tags":[],"class_list":{"0":"post-15601","1":"post","2":"type-post","3":"status-publish","4":"format-standard","5":"has-post-thumbnail","7":"category-actualites-fr"},"aioseo_notices":[],"_links":{"self":[{"href":"https:\/\/middleeasttransparent.com\/fr\/wp-json\/wp\/v2\/posts\/15601","targetHints":{"allow":["GET"]}}],"collection":[{"href":"https:\/\/middleeasttransparent.com\/fr\/wp-json\/wp\/v2\/posts"}],"about":[{"href":"https:\/\/middleeasttransparent.com\/fr\/wp-json\/wp\/v2\/types\/post"}],"author":[{"embeddable":true,"href":"https:\/\/middleeasttransparent.com\/fr\/wp-json\/wp\/v2\/users\/182"}],"replies":[{"embeddable":true,"href":"https:\/\/middleeasttransparent.com\/fr\/wp-json\/wp\/v2\/comments?post=15601"}],"version-history":[{"count":0,"href":"https:\/\/middleeasttransparent.com\/fr\/wp-json\/wp\/v2\/posts\/15601\/revisions"}],"wp:featuredmedia":[{"embeddable":true,"href":"https:\/\/middleeasttransparent.com\/fr\/wp-json\/wp\/v2\/media\/15604"}],"wp:attachment":[{"href":"https:\/\/middleeasttransparent.com\/fr\/wp-json\/wp\/v2\/media?parent=15601"}],"wp:term":[{"taxonomy":"category","embeddable":true,"href":"https:\/\/middleeasttransparent.com\/fr\/wp-json\/wp\/v2\/categories?post=15601"},{"taxonomy":"post_tag","embeddable":true,"href":"https:\/\/middleeasttransparent.com\/fr\/wp-json\/wp\/v2\/tags?post=15601"}],"curies":[{"name":"wp","href":"https:\/\/api.w.org\/{rel}","templated":true}]}}