{"id":1503,"date":"2015-06-18T23:19:34","date_gmt":"2015-06-18T22:19:34","guid":{"rendered":"http:\/\/middleeasttransparent.com\/news\/?p=1503"},"modified":"2024-10-08T21:23:57","modified_gmt":"2024-10-08T20:23:57","slug":"ministre-des-affaires-etrangeres-du-kurdistan-pour-detruire-daech-il-faut-des-troupes-au-sol","status":"publish","type":"post","link":"https:\/\/middleeasttransparent.com\/fr\/ministre-des-affaires-etrangeres-du-kurdistan-pour-detruire-daech-il-faut-des-troupes-au-sol\/","title":{"rendered":"Ministre des Affaires \u00e9trang\u00e8res du Kurdistan: \u00a0\u00ab\u00a0Pour d\u00e9truire Daech, il faut des troupes au sol\u00a0\u00bb"},"content":{"rendered":"<p class=\"titre-texte\"><strong><em>\u00a0Falah Mustafa, 50 ans, dans son h\u00f4tel parisien le 5 juin.<\/em><\/strong><\/p>\n<p><strong>@flabarre<\/strong><\/p>\n<p><strong>Acteurs majeurs de la lutte contre l\u2019Etat islamique, les Kurdes n\u2019\u00e9taient pas invit\u00e9s \u00e0 Paris le 2 juin pour la conf\u00e9rence de la coalition anti-Daech.<\/strong><\/p>\n<p><strong>Paris Match. \u00cates-vous satisfait du soutien apport\u00e9 par la France aux kurdes d\u2019Irak\u00a0?<\/strong><\/p>\n<p><strong>Falah Mustafa<\/strong>. Nous sommes tr\u00e8s reconnaissants et nous n\u2019oublierons jamais la visite de Fran\u00e7ois Hollande \u00e0 Erbil. Il a su montrer que nous n\u2019\u00e9tions ni seuls ni oubli\u00e9s. La France fournit un effort militaire, humanitaire et politique. Depuis quatre ans, nous avons une repr\u00e9sentation diplomatique ici \u00e0 Paris.<\/p>\n<p><strong>Ce soutien est-il suffisant\u00a0?<\/strong><\/p>\n<p>La volont\u00e9 est l\u00e0, mais on peut aller plus loin. C\u2019est sans limites\u00a0! Nous sommes en premi\u00e8re ligne contre Daech pour d\u00e9fendre notre territoire mais aussi les valeurs de libert\u00e9 que nous partageons. Les Peshmergas ont fait un travail remarquable au prix de nombreux sacrifices. Aussi, il aurait \u00e9t\u00e9 utile et l\u00e9gitime que nous soyons invit\u00e9s \u00e0 la conf\u00e9rence rassemblant la coalition anti-Daech \u00e0 Paris le 2 juin. Nous sommes en premi\u00e8re ligne et nous accueillons un million et demi de r\u00e9fugi\u00e9s\u00a0!<\/p>\n<p><strong>La pr\u00e9sence du premier ministre d\u2019Irak Haider al Abadi n\u2019\u00e9tait-elle pas suffisante\u00a0?<\/strong><\/p>\n<p>Je ne pense pas que le gouvernement f\u00e9d\u00e9ral d\u2019un pays dont le tiers est occup\u00e9 par Daech puisse \u00e0 lui seul le repr\u00e9senter.<\/p>\n<p><strong>\u00ab\u00a0En jouant cavalier seul, Bagdad nous emp\u00eache d\u2019avancer\u00a0\u00bb<\/strong><\/p>\n<p><strong>Il y a six mois, on disait Daech affaibli, on esp\u00e9rait la reconqu\u00eate de Mossoul, aujourd\u2019hui on en est loin. De quoi avez-vous manqu\u00e9\u00a0?<\/strong><\/p>\n<p>La prise de la capitale du califat aurait \u00e9t\u00e9 une grande force symbolique. Elle est aussi importante pour nous car un tiers de la population de Mossoul est kurde. Mais Bagdad avait une autre priorit\u00e9\u00a0: reprendre Ramadi. On conna\u00eet le r\u00e9sultat aujourd\u2019hui\u2026 Le probl\u00e8me n\u2019est pas tant militaire que politique. En jouant cavalier seul, Bagdad nous emp\u00eache d\u2019avancer. Daech r\u00e8gne sur un vaste territoire avec une population importante, un syst\u00e8me de gouvernance, des troupes. Ils n\u2019ont aucun probl\u00e8me de recrutement. Nous ne pouvons les affronter seul. Or Bagdad au lieu de nous aider nous met des b\u00e2tons dans les roues. Par exemple, bien que ce soit inscrit dans la constitution de 2005, le gouvernement autonome kurde n\u2019a toujours pas son mot \u00e0 dire sur la loi du budget et nous n\u2019arrivons pas \u00e0 payer les salaires de tous nos fonctionnaires\u00a0!<\/p>\n<p><strong>Lors de la conf\u00e9rence du 2 juin \u00e0 Paris, le Premier ministre irakien Haider al Abadi a constat\u00e9 que la strat\u00e9gie de la coalition est un \u00e9chec, partagez-vous ce point de vue\u00a0?<\/strong><\/p>\n<p>Les campagnes a\u00e9riennes se sont r\u00e9v\u00e9l\u00e9es efficaces mais pour d\u00e9truire l\u2019\u00c9tat islamique, il faut des troupes au sol. Au Kurdistan, nous avons des soldats loyaux mais nous manquons d\u2019armes et de munition. Ailleurs en Irak, le probl\u00e8me est plus politique. On ne sait pas trop sur qui compter\u00a0! Il y a un grave probl\u00e8me de gouvernance chez les sunnites.<\/p>\n<p><strong>Qu\u2019est-il ressorti de la r\u00e9cente rencontre de votre pr\u00e9sident Massoud Barzani, \u00e0 laquelle vous avez assist\u00e9e, avec le pr\u00e9sident des \u00c9tats-Unis Barack Obama\u00a0?<\/strong><\/p>\n<p>La promesse de recevoir les armes que nous attendons depuis bien longtemps\u00a0: des tanks, des v\u00e9hicules blind\u00e9s, de l\u2019artillerie lourde, des syst\u00e8mes de communication et du mat\u00e9riel de d\u00e9minage.<\/p>\n<p><strong>\u00ab\u00a0Si des Fran\u00e7ais partent faire le jihad, cela signifie que chez vous aussi quelque chose ne tourne pas rond\u00a0\u00bb<\/strong><\/p>\n<p><strong>La formation par un d\u00e9tachement des forces sp\u00e9ciales fran\u00e7aises d\u2019une partie des Peshmergas apporte-t-elle des r\u00e9sultats\u00a0?<\/strong><\/p>\n<p>Nous sommes reconnaissants de l\u2019effort de la France, mais cette guerre est rude et couteuse. Nous avons besoin d\u2019un soutien accru\u00a0! Nous avons une responsabilit\u00e9 partag\u00e9e car beaucoup de Fran\u00e7ais partent faire le jihad en Irak et en Syrie. Cela signifie que chez vous aussi quelque chose ne tourne pas rond\u00a0! Et \u00e0 leur retour, ils pr\u00e9sentent un vrai risque pour vous.<\/p>\n<p><strong>Que pensez-vous des Occidentaux qui viennent s\u2019engager contre Daech spontan\u00e9ment aux cot\u00e9s des kurdes\u00a0?<\/strong><\/p>\n<p>Nous appr\u00e9cions tous ceux qui plaident notre cause car nous partageons les m\u00eames valeurs. Mais la voix des m\u00e9dias ou des hommes politiques reste plus importante pour nous. Nous n\u2019avons pas besoin de combattants, nous avons besoin d\u2019armes. Et de porte-parole pour faire porter nos messages.<\/p>\n<p><strong>Un d\u00e9put\u00e9 fran\u00e7ais, Fr\u00e9d\u00e9ric Lefebvre, a r\u00e9cemment lanc\u00e9 un appel \u00e0 tous les parlementaires pour pousser l\u2019Union europ\u00e9enne \u00e0 lancer une op\u00e9ration au sol en Syrie et en Irak. Est-ce une bonne initiative\u00a0?<\/strong><\/p>\n<p>Nous appr\u00e9cions ce type de manifestation. Maintenant il faut s\u2019asseoir autour d\u2019une table et \u00e9valuer les besoins et les moyens mis en \u0153uvre pour mener ensemble cette guerre contre Daech. Nous n\u2019y sommes toujours pas arriv\u00e9s puisque nous n\u2019\u00e9tions pas pr\u00e9sents \u00e0 la conf\u00e9rence, alors que nos soldats tombent chaque jour\u00a0!<\/p>\n<p>Publi\u00e9 par <a class=\"spip_out\" href=\"http:\/\/m.parismatch.com\/Actu\/International\/Pour-detruire-Daech-il-faut-des-troupes-au-sol-777852\" rel=\"external\">PARIS MATCH<\/a><\/p>\n<p><span style=\"font-family: Arial; font-size: 12px; font-weight: bold; line-height: 17px;\">\u00a0<\/span><\/p>\n","protected":false},"excerpt":{"rendered":"<p>\u00a0Falah Mustafa, 50 ans, dans son h\u00f4tel parisien le 5 juin. @flabarre Acteurs majeurs de la lutte contre l\u2019Etat islamique, les Kurdes n\u2019\u00e9taient pas invit\u00e9s \u00e0 Paris le 2 juin pour la conf\u00e9rence de la coalition anti-Daech. Paris Match. \u00cates-vous satisfait du soutien apport\u00e9 par la France aux kurdes d\u2019Irak\u00a0? Falah Mustafa. Nous sommes tr\u00e8s<\/p>\n","protected":false},"author":112,"featured_media":1505,"comment_status":"open","ping_status":"open","sticky":false,"template":"","format":"standard","meta":{"_uf_show_specific_survey":0,"_uf_disable_surveys":false,"footnotes":""},"categories":[22],"tags":[],"class_list":{"0":"post-1503","1":"post","2":"type-post","3":"status-publish","4":"format-standard","5":"has-post-thumbnail","7":"category-actualites-fr"},"aioseo_notices":[],"_links":{"self":[{"href":"https:\/\/middleeasttransparent.com\/fr\/wp-json\/wp\/v2\/posts\/1503","targetHints":{"allow":["GET"]}}],"collection":[{"href":"https:\/\/middleeasttransparent.com\/fr\/wp-json\/wp\/v2\/posts"}],"about":[{"href":"https:\/\/middleeasttransparent.com\/fr\/wp-json\/wp\/v2\/types\/post"}],"author":[{"embeddable":true,"href":"https:\/\/middleeasttransparent.com\/fr\/wp-json\/wp\/v2\/users\/112"}],"replies":[{"embeddable":true,"href":"https:\/\/middleeasttransparent.com\/fr\/wp-json\/wp\/v2\/comments?post=1503"}],"version-history":[{"count":0,"href":"https:\/\/middleeasttransparent.com\/fr\/wp-json\/wp\/v2\/posts\/1503\/revisions"}],"wp:featuredmedia":[{"embeddable":true,"href":"https:\/\/middleeasttransparent.com\/fr\/wp-json\/wp\/v2\/media\/1505"}],"wp:attachment":[{"href":"https:\/\/middleeasttransparent.com\/fr\/wp-json\/wp\/v2\/media?parent=1503"}],"wp:term":[{"taxonomy":"category","embeddable":true,"href":"https:\/\/middleeasttransparent.com\/fr\/wp-json\/wp\/v2\/categories?post=1503"},{"taxonomy":"post_tag","embeddable":true,"href":"https:\/\/middleeasttransparent.com\/fr\/wp-json\/wp\/v2\/tags?post=1503"}],"curies":[{"name":"wp","href":"https:\/\/api.w.org\/{rel}","templated":true}]}}