{"id":14975,"date":"2016-09-29T22:18:35","date_gmt":"2016-09-29T21:18:35","guid":{"rendered":"http:\/\/middleeasttransparent.com\/?p=14975"},"modified":"2016-09-29T22:18:35","modified_gmt":"2016-09-29T21:18:35","slug":"linsoutenable-lourdeur-de-la-haine","status":"publish","type":"post","link":"https:\/\/middleeasttransparent.com\/fr\/linsoutenable-lourdeur-de-la-haine\/","title":{"rendered":"L&rsquo;insoutenable lourdeur de la haine"},"content":{"rendered":"<p class=\"p1\"><b><\/b><span class=\"s1\"><strong>R\u00e9cemment, l\u2019ancien pr\u00e9sident fran\u00e7ais Nicolas Sarkozy provoqua la pol\u00e9mique \u00e0 la suite d\u2019un discours dans lequel il avait d\u00e9clar\u00e9\u00a0: \u00ab\u00a0D\u00e8s que l\u2019on devient fran\u00e7ais, nos anc\u00eatres sont gaulois\u00a0\u00bb.<\/strong> D\u00e9couvrant ces propos, de nombreux libanais du troisi\u00e8me \u00e2ge se souviennent encore de leurs vieux livres d\u2019Histoire de France qui commen\u00e7aient invariablement par la phrase. \u00ab\u00a0Nos anc\u00eatres les Gaulois\u00a0\u00bb. Cette assertion refl\u00e8te, en elle-m\u00eame, un certain discours normatif qui, sous la 3<\/span><span class=\"s2\"><sup>\u00e8me<\/sup><\/span><span class=\"s1\"> R\u00e9publique, se proposait de construire une nation sans trop tenir compte de l\u2019ascendance ethnique ou du lignage. L\u2019essentiel \u00e9tait de se sentir fran\u00e7ais en projetant dans un pass\u00e9 lointain la l\u00e9gitimit\u00e9 d\u2019une telle appartenance. En d\u2019autres termes, on manipule l\u2019histoire aussi lourdement qu\u2019un \u00e9l\u00e9phant manipulerait une d\u00e9licate vaisselle dans un magasin de porcelaine.<\/span><\/p>\n<p class=\"p4\"><span class=\"s1\">Le discours sur les origines est un param\u00e8tre fondamental de toute d\u00e9rive identitaire et populiste. <strong>L\u2019identit\u00e9 gauloise du peuple de France est une id\u00e9ologie qui avait fleuri au XVIII\u00b0 si\u00e8cle dans le cadre de ce qu\u2019on avait coutume d\u2019appeler la \u00ab\u00a0Guerre des deux races\u00a0\u00bb<\/strong>. Ce fut une guerre verbale qui a beaucoup agit\u00e9 les esprits lors de la R\u00e9volution Fran\u00e7aise. Dans cette guerre imaginaire, deux races ennemies \u00e9taient suppos\u00e9es s\u2019affronter. D\u2019une part, les Aristocrates de l\u2019Ancien R\u00e9gime, dont le lignage et l\u2019ascendance les faisaient remonter aux tribus barbares franco-germaniques qui avaient envahi les provinces romaines de l\u2019ancienne Gaule et soumis sa population. D\u2019autre part, le peuple ou Tiers-Etat qu\u2019on affirmait descendre de ces m\u00eames peuples soumis de la Gaule qu\u2019on appelait les Gallo-Romains. Bref, Gaulois romanis\u00e9s et civilis\u00e9s contre des Barbares francs qui ont fini par donner leur nom \u00e0 la France. C\u2019est ainsi que se pr\u00e9sentait l\u2019autre facette fantasmagorique de la r\u00e9volution de 1789. Par quel tour de magie ces anciens francs, ou leurs descendants, peuvent-ils \u00eatre assimil\u00e9s, aujourd\u2019hui, \u00e0 des gaulois\u00a0? Par ailleurs, on doit se demander qui pourraient \u00eatre les barbares contemporains, forc\u00e9ment non-francs, que les francs-gaulois de Sarkozy sont suppos\u00e9s affronter en 2016.<\/span><\/p>\n<p class=\"p4\"><span class=\"s1\">Tout ceci pourrait faire l\u2019objet d\u2019un recueil de propos l\u00e9gers \u00e0 l\u2019image des \u00ab\u00a0<i>Pens\u00e9es futiles<\/i>\u00a0\u00bb de Marc Morivan si, derri\u00e8re toutes ces \u00e9lucubrations, il n\u2019y avait pas quelque chose de profond\u00e9ment d\u00e9testable et dangereux\u00a0: la haine de l\u2019autre, voire le racisme qu\u2019on croyait avoir disparu et qui, depuis quelques ann\u00e9es, refait surface comme les vieux monstres des t\u00e9n\u00e9breuses abysses. <\/span><\/p>\n<p class=\"p4\"><span class=\"s1\">Les propos de Nicolas Sarkozy sont l\u2019illustration d\u2019un ph\u00e9nom\u00e8ne mondial aussi d\u00e9vastateur, sinon plus, que le tsunami de d\u00e9cembre 2004 dans l\u2019Oc\u00e9an indien. <strong>Le paysage socio-politique du Liban et du Proche-Orient r\u00e9sonne jusqu\u2019\u00e0 la naus\u00e9e de discours sur les identit\u00e9s collectives gratuitement assassines.<\/strong> Chacun se dote du bouc \u00e9missaire qui lui convient et l\u2019inonde d\u2019un d\u00e9luge de haine, soit ouvertement et vulgairement, soit de mani\u00e8re plus sournoise et plus fielleuse au travers d\u2019un pseudo-discours aseptis\u00e9, anthropologique, historique voire m\u00eame scientifique, notamment g\u00e9n\u00e9tique.<\/span><\/p>\n<p class=\"p4\"><span class=\"s1\"><strong>La haine est une passion tr\u00e8s moderne<\/strong>. Dans les ann\u00e9es 70 il n\u2019\u00e9tait question que d\u2019amour et de paix\u00a0: \u00ab\u00a0Make love not war\u00a0\u00bb. Aujourd\u2019hui la haine, cette utopie n\u00e9gative, fait un retour fracassant. J. Baudrillard la qualifie de \u00ab\u00a0la derni\u00e8re passion politique\u00a0\u00bb. L\u2019identit\u00e9 semble avoir perdu tout fondement positif, elle se trouve uniquement \u00e9puis\u00e9e par le rejet ouvertement exprim\u00e9. Ha\u00efr ne semble plus faire honte ni provoquer le moindre \u00e9moi de la conscience. S\u2019il en est ainsi c\u2019est que l\u2019homme a perdu confiance dans sa finitude individuelle, dans son \u00e9minente dignit\u00e9 personnelle, et se replie sur les passions gr\u00e9gaires comme la haine. Il redevient un enfant dans une matrice o\u00f9 il se croit \u00e0 l\u2019abri de toute frustration qui lui permettrait de relativiser sa cruaut\u00e9 originelle afin d\u2019acc\u00e9der \u00e0 la piti\u00e9 et \u00e0 la mis\u00e9ricorde.<\/span><\/p>\n<p class=\"p4\"><span class=\"s1\">Ha\u00efr tout seul heurte la conscience morale individuelle. De mani\u00e8re parano\u00efde, la haine se transforme alors en discours vaguement rationalis\u00e9 ou se trouve projet\u00e9e comme accusation \u00e0 l\u2019autre. Mais ha\u00efr \u00e0 plusieurs, ou ha\u00efr en masse, est un orgasme, une jouissance exaltante. C\u2019est pourquoi le populisme et toutes ses variantes, sans exception, sont enti\u00e8rement et exclusivement fond\u00e9s sur la haine. Il suffit d\u2019\u00e9couter les vocif\u00e9rations d\u2019un Trump aux Etats-Unis\u00a0; d\u2019un Michel Aoun et de son c\u00e9l\u00e8bre gendre au Liban. On rencontre diverses variantes \u00e0 ces pulsions morbides dans la haine froide et cruelle des n\u00e9o-nationalistes et n\u00e9o-nazis contemporains\u00a0; des exalt\u00e9s du radicalisme religieux comme les islamistes jihadistes sunnites et chiites\u00a0; la haine calcul\u00e9e, de dirigeants politiques \u00e0 l\u2019image du sioniste Netanyahu\u00a0; <strong>la haine inhumaine et g\u00e9nocidaire d\u2019un Bashar el Assad et d\u2019un Poutine qui, \u00e0 l\u2019heure actuelle, exterminent la ville d\u2019Alep, en tout cas ses quartiers Est.<\/strong><\/span><\/p>\n<p class=\"p4\"><span class=\"s1\">Le discours identitaire de discrimination et de rejet se complait toujours dans la reconstitution arrogante d\u2019une ascendance originelle na\u00efve et ridicule afin de nier une r\u00e9alit\u00e9 actuelle. On voit fleurir ce genre de discours, au Levant, chez toutes les collectivit\u00e9s qui d\u00e9testent la part d\u2019arabit\u00e9 qui leur appartient en propre. L\u2019excellent pape Pie II, Ennea Silvo Piccolomini, le plus grand des hommes de la Renaissance, avait l\u2019habitude de traiter ce genre de propos de \u00ab\u00a0futilit\u00e9s d\u00e9lirantes\u00a0\u00bb et de dire \u00e0 ses interlocuteurs obs\u00e9d\u00e9s par leur ascendance\u00a0: \u00ab\u00a0Mais pourquoi ne pas remonter au ventre d\u2019Eve\u00a0?\u00a0\u00bb.<\/span><\/p>\n<p class=\"p4\"><span class=\"s1\">Le bon sens du pape Piccolomini devrait servir d\u2019exemple \u00e0 tout homme raisonnable, soucieux du vivre-ensemble aujourd\u2019hui. Il ne faut point h\u00e9siter \u00e0 clouer le bec \u00e0 quiconque essaie de vous amener sur le registre de la tr\u00e8s mortif\u00e8re identit\u00e9 collective originelle et de l\u2019ascendance arrogante, par cette simple question\u00a0: Je descends du ventre d\u2019Eve, et vous\u00a0?\u00a0.<\/span><\/p>\n","protected":false},"excerpt":{"rendered":"<p>R\u00e9cemment, l\u2019ancien pr\u00e9sident fran\u00e7ais Nicolas Sarkozy provoqua la pol\u00e9mique \u00e0 la suite d\u2019un discours dans lequel il avait d\u00e9clar\u00e9\u00a0: \u00ab\u00a0D\u00e8s que l\u2019on devient fran\u00e7ais, nos anc\u00eatres sont gaulois\u00a0\u00bb. D\u00e9couvrant ces propos, de nombreux libanais du troisi\u00e8me \u00e2ge se souviennent encore de leurs vieux livres d\u2019Histoire de France qui commen\u00e7aient invariablement par la phrase. \u00ab\u00a0Nos anc\u00eatres<\/p>\n","protected":false},"author":33,"featured_media":14977,"comment_status":"open","ping_status":"open","sticky":false,"template":"","format":"standard","meta":{"_uf_show_specific_survey":0,"_uf_disable_surveys":false,"footnotes":""},"categories":[25],"tags":[],"class_list":{"0":"post-14975","1":"post","2":"type-post","3":"status-publish","4":"format-standard","5":"has-post-thumbnail","7":"category-decryptages"},"aioseo_notices":[],"_links":{"self":[{"href":"https:\/\/middleeasttransparent.com\/fr\/wp-json\/wp\/v2\/posts\/14975","targetHints":{"allow":["GET"]}}],"collection":[{"href":"https:\/\/middleeasttransparent.com\/fr\/wp-json\/wp\/v2\/posts"}],"about":[{"href":"https:\/\/middleeasttransparent.com\/fr\/wp-json\/wp\/v2\/types\/post"}],"author":[{"embeddable":true,"href":"https:\/\/middleeasttransparent.com\/fr\/wp-json\/wp\/v2\/users\/33"}],"replies":[{"embeddable":true,"href":"https:\/\/middleeasttransparent.com\/fr\/wp-json\/wp\/v2\/comments?post=14975"}],"version-history":[{"count":0,"href":"https:\/\/middleeasttransparent.com\/fr\/wp-json\/wp\/v2\/posts\/14975\/revisions"}],"wp:featuredmedia":[{"embeddable":true,"href":"https:\/\/middleeasttransparent.com\/fr\/wp-json\/wp\/v2\/media\/14977"}],"wp:attachment":[{"href":"https:\/\/middleeasttransparent.com\/fr\/wp-json\/wp\/v2\/media?parent=14975"}],"wp:term":[{"taxonomy":"category","embeddable":true,"href":"https:\/\/middleeasttransparent.com\/fr\/wp-json\/wp\/v2\/categories?post=14975"},{"taxonomy":"post_tag","embeddable":true,"href":"https:\/\/middleeasttransparent.com\/fr\/wp-json\/wp\/v2\/tags?post=14975"}],"curies":[{"name":"wp","href":"https:\/\/api.w.org\/{rel}","templated":true}]}}