{"id":14966,"date":"2016-09-29T12:38:03","date_gmt":"2016-09-29T11:38:03","guid":{"rendered":"http:\/\/middleeasttransparent.com\/?p=14966"},"modified":"2016-09-29T12:38:03","modified_gmt":"2016-09-29T11:38:03","slug":"riyad-ne-voudrait-pas-de-aoun-a-la-presidence","status":"publish","type":"post","link":"https:\/\/middleeasttransparent.com\/fr\/riyad-ne-voudrait-pas-de-aoun-a-la-presidence\/","title":{"rendered":"Riyad ne voudrait pas de Aoun \u00e0 la pr\u00e9sidence"},"content":{"rendered":"<h3><a class=\"enlargeImage\">La 45e s\u00e9ance \u00e9lectorale visant \u00e0 doter l&rsquo;\u00c9tat d&rsquo;un pr\u00e9sident de la R\u00e9publique a, sans surprise, fait chou blanc, contrairement aux rumeurs aliment\u00e9es par certaines parties du 8 Mars selon lesquelles cette s\u00e9ance devait \u00eatre d\u00e9terminante pour l&rsquo;av\u00e8nement du chef du bloc du Changement et de la R\u00e9forme, le d\u00e9put\u00e9 Michel Aoun, \u00e0 la magistrature supr\u00eame. Une fois encore, les boycotteurs ont donc r\u00e9cidiv\u00e9, et ce sont les m\u00eames qui ont fait acte de pr\u00e9sence.<\/a><\/h3>\n<p class=\"toolbox\">\n<div class=\"text\">\n<p>Avant la s\u00e9ance, des informations avaient filtr\u00e9 concernant la position de l&rsquo;Arabie saoudite, toujours hostile \u00e0 l&rsquo;arriv\u00e9e de Michel Aoun \u00e0 Baabda. Le ministre Wa\u00ebl Bou Faour, d\u00e9p\u00each\u00e9 \u00e0 Riyad par le chef du Rassemblement d\u00e9mocratique, le d\u00e9put\u00e9 Walid Joumblatt, pour sonder les intentions saoudiennes \u00e0 ce sujet, en aurait d\u00e9duit que, pour le royaume wahhabite, le temps n&rsquo;est pas aux compromis et aux concessions. <strong>M. Bou Faour aurait \u00e9t\u00e9 t\u00e9moin d&rsquo;un discours particuli\u00e8rement virulent \u00e0 l&rsquo;\u00e9gard de l&rsquo;Iran et de ses agissements dans la r\u00e9gion, ce qu&rsquo;il aurait interpr\u00e9t\u00e9 comme un message n\u00e9gatif concernant tout soutien \u00e9ventuel \u00e0 la candidature Aoun<\/strong>. Un message qu&rsquo;il a transmis aux pr\u00e9sidents de la Chambre, Nabih Berry, et du Conseil, Tammam Salam, ainsi qu&rsquo;\u00e0 M. Joumblatt.<\/p>\n<p><em>(Lire aussi : <a href=\"http:\/\/www.lorientlejour.com\/article\/1009949\/la-dynamique-hariri-sort-la-course-presidentielle-de-sa-lethargie.html\" target=\"_blank\">La dynamique Hariri sort la course pr\u00e9sidentielle de sa l\u00e9thargie)<\/a><\/em><\/p>\n<p>Du c\u00f4t\u00e9 du 8 Mars, Saad Hariri est la cible d\u00e9sign\u00e9e d&rsquo;une attaque qui consiste \u00e0 dire que c&rsquo;est le courant du Futur et avec lui l&rsquo;Arabie saoudite qui assument la responsabilit\u00e9 du blocage pr\u00e9sidentiel. Une d\u00e9formation des faits, s&rsquo;indignent les milieux proches de la formation haririenne, en rappelant que ce sont les d\u00e9put\u00e9s du 8 Mars qui boycottent les s\u00e9ances sans rel\u00e2che depuis plus de deux ans et demi, alors que le 14 Mars a d\u00e9j\u00e0 fait une multitude de propositions et de concessions pour sortir de l&rsquo;impasse&#8230; sans que le Hezbollah ne change pour autant sa position de blocage d&rsquo;un iota. Le parti chiite continue d&rsquo;exprimer son attachement verbal \u00e0 la candidature Aoun, sans rien faire dans la pratique pour assurer son \u00e9lection, notamment au niveau de ses alli\u00e9s, comme Nabih Berry par exemple.<\/p>\n<p>Des sources parlementaires proches du courant du Futur renvoient ces accusations \u00e0 leurs auteurs\u00a0: <strong>qu&rsquo;a donc fait T\u00e9h\u00e9ran pour faciliter l&rsquo;\u00e9lection ?<\/strong> Les responsables iraniens se contentent de r\u00e9p\u00e9ter aux dirigeants et \u00e9missaires internationaux qu&rsquo;ils ne s&rsquo;ing\u00e8rent pas dans les affaires libanaises, en les invitant \u00e0 aller discuter plut\u00f4t avec le Hezbollah. Tout indique, disent-ils, que c&rsquo;est l&rsquo;Iran qui bloque l&rsquo;\u00e9ch\u00e9ance, avec l&rsquo;aide des composantes libanaises qui lui sont acquises, en d\u00e9pit du fait que les deux candidats en lice soient des p\u00f4les du 8 Mars. De l&rsquo;aveu d&rsquo;un leader du Nord membre des forces du 8 Mars, le temps n&rsquo;est pas encore venu d&rsquo;affranchir la pr\u00e9sidentielle. Aucune d\u00e9cision r\u00e9gionale ou internationale n&rsquo;existerait dans ce sens, dit-il, en pr\u00e9cisant que le 8 Mars avait \u00e9t\u00e9 inform\u00e9, avant la fin du mandat Sleiman, qu&rsquo;il n&rsquo;y aurait pas d&rsquo;\u00e9lection, le dossier \u00e9tant li\u00e9 aux affaires r\u00e9gionales et \u00e0 la lutte d&rsquo;influences en cours actuellement.<\/p>\n<p><em>(Lire aussi : <a href=\"http:\/\/www.lorientlejour.com\/article\/1009951\/hariri-a-saifi-sans-initiative-politique-de-deblocage-.html\" target=\"_blank\">Hariri \u00e0 Sa\u00effi, \u00ab sans initiative politique de d\u00e9blocage \u00bb)<\/a><\/em><\/p>\n<p>Apr\u00e8s la signature de l&rsquo;accord sur le nucl\u00e9aire iranien, T\u00e9h\u00e9ran aurait tent\u00e9, selon des sources diplomatiques, d&rsquo;initier des n\u00e9gociations sur les dossiers r\u00e9gionaux avec les \u00c9tats-Unis, ainsi que sur son r\u00f4le dans le r\u00e8glement des contentieux, mais sans succ\u00e8s. Les alli\u00e9s de Washington dans la r\u00e9gion ont aussit\u00f4t oppos\u00e9 leur veto \u00e0 tout partenariat avec l&rsquo;Iran. Depuis, T\u00e9h\u00e9ran conserve jalousement la carte libanaise comme l&rsquo;une de ses cartes ma\u00eetresses afin de renforcer sa position lors de n\u00e9gociations \u00e0 venir avec les parties r\u00e9gionales, internationales et m\u00eames libanaises. Pour Washington, il serait exclu de n\u00e9gocier avec l&rsquo;Iran sur l&rsquo;\u00e9ch\u00e9ance pr\u00e9sidentielle libanaise. L&rsquo;administration Obama, qui encourage un accord interlibanais, refuserait cependant que ce dernier ait lieu sous la contrainte.<\/p>\n<p><strong>La surprise de la 45e s\u00e9ance \u00e9lectorale a sans conteste \u00e9t\u00e9, hier, la participation du d\u00e9put\u00e9 Estephan Doueihy, du bloc Frangi\u00e9, qui a rappel\u00e9 que le leader des Marada reste en lice<\/strong>, dans la mesure o\u00f9 \u00ab\u00a0il poss\u00e8de des crit\u00e8res qui font de lui celui qui est le plus \u00e0 m\u00eame de r\u00e9aliser un consensus national\u00a0\u00bb autour de sa personne. M. Doueihy a \u00e9galement rejet\u00e9 toute modification de l&rsquo;image et de l&rsquo;identit\u00e9 du Liban, appelant \u00e0 d\u00e9passer les ego et \u00e0 songer \u00e0 l&rsquo;int\u00e9r\u00eat national. Ces propos ont \u00e9t\u00e9 accompagn\u00e9s du tweet de Sleiman Frangi\u00e9 hostile \u00e0 l&rsquo;\u00e9gard du g\u00e9n\u00e9ral Aoun. Le leader des Marada aurait d\u00e9cid\u00e9 d&rsquo;ouvrir le feu sur son rival, de changer de ton \u00e0 l&rsquo;\u00e9gard de ses alli\u00e9s et d&rsquo;adresser des messages en direction du Hezbollah. Reste \u00e0 savoir si ce dernier, ainsi que son mentor iranien, ont enfin d\u00e9cid\u00e9 de changer de posture et de d\u00e9livrer la pr\u00e9sidence de ses cha\u00eenes.<\/p>\n<p><a href=\"http:\/\/www.lorientlejour.com\/article\/1009950\/riyad-ne-voudrait-pas-de-aoun-a-la-presidence.html\">L&rsquo;Orient Le Jour<\/a><\/p>\n<\/div>\n","protected":false},"excerpt":{"rendered":"<p>La 45e s\u00e9ance \u00e9lectorale visant \u00e0 doter l&rsquo;\u00c9tat d&rsquo;un pr\u00e9sident de la R\u00e9publique a, sans surprise, fait chou blanc, contrairement aux rumeurs aliment\u00e9es par certaines parties du 8 Mars selon lesquelles cette s\u00e9ance devait \u00eatre d\u00e9terminante pour l&rsquo;av\u00e8nement du chef du bloc du Changement et de la R\u00e9forme, le d\u00e9put\u00e9 Michel Aoun, \u00e0 la magistrature<\/p>\n","protected":false},"author":182,"featured_media":14967,"comment_status":"open","ping_status":"open","sticky":false,"template":"","format":"standard","meta":{"_uf_show_specific_survey":0,"_uf_disable_surveys":false,"footnotes":""},"categories":[22],"tags":[],"class_list":{"0":"post-14966","1":"post","2":"type-post","3":"status-publish","4":"format-standard","5":"has-post-thumbnail","7":"category-actualites-fr"},"aioseo_notices":[],"_links":{"self":[{"href":"https:\/\/middleeasttransparent.com\/fr\/wp-json\/wp\/v2\/posts\/14966","targetHints":{"allow":["GET"]}}],"collection":[{"href":"https:\/\/middleeasttransparent.com\/fr\/wp-json\/wp\/v2\/posts"}],"about":[{"href":"https:\/\/middleeasttransparent.com\/fr\/wp-json\/wp\/v2\/types\/post"}],"author":[{"embeddable":true,"href":"https:\/\/middleeasttransparent.com\/fr\/wp-json\/wp\/v2\/users\/182"}],"replies":[{"embeddable":true,"href":"https:\/\/middleeasttransparent.com\/fr\/wp-json\/wp\/v2\/comments?post=14966"}],"version-history":[{"count":0,"href":"https:\/\/middleeasttransparent.com\/fr\/wp-json\/wp\/v2\/posts\/14966\/revisions"}],"wp:featuredmedia":[{"embeddable":true,"href":"https:\/\/middleeasttransparent.com\/fr\/wp-json\/wp\/v2\/media\/14967"}],"wp:attachment":[{"href":"https:\/\/middleeasttransparent.com\/fr\/wp-json\/wp\/v2\/media?parent=14966"}],"wp:term":[{"taxonomy":"category","embeddable":true,"href":"https:\/\/middleeasttransparent.com\/fr\/wp-json\/wp\/v2\/categories?post=14966"},{"taxonomy":"post_tag","embeddable":true,"href":"https:\/\/middleeasttransparent.com\/fr\/wp-json\/wp\/v2\/tags?post=14966"}],"curies":[{"name":"wp","href":"https:\/\/api.w.org\/{rel}","templated":true}]}}