{"id":14898,"date":"2016-09-26T10:57:04","date_gmt":"2016-09-26T09:57:04","guid":{"rendered":"http:\/\/middleeasttransparent.com\/?p=14898"},"modified":"2016-09-26T10:57:04","modified_gmt":"2016-09-26T09:57:04","slug":"quand-les-instances-economiques-passent-a-loffensive","status":"publish","type":"post","link":"https:\/\/middleeasttransparent.com\/fr\/quand-les-instances-economiques-passent-a-loffensive\/","title":{"rendered":"Quand les instances \u00e9conomiques passent \u00e0 l\u2019offensive"},"content":{"rendered":"<div class=\"toolbox\">\n<h3>Selon l&rsquo;un des p\u00f4les des instances \u00e9conomiques, une r\u00e9union aurait eu lieu il y a quelque temps en Europe entre le gouverneur de la Banque du Liban, Riad Salam\u00e9, et un responsable occidental, focalis\u00e9e sur la situation \u00e9conomique et financi\u00e8re du Liban, sur base des craintes quant \u00e0 la stabilit\u00e9 \u00e9conomique du pays \u00e0 l&rsquo;ombre de la vacance pr\u00e9sidentielle qui r\u00e8gne depuis plus de deux ans et demi et de l&rsquo;escalade aouniste, perceptible notamment \u00e0 travers le boycott par les ministres du Courant patriotique libre (CPL) des r\u00e9unions du Conseil des ministres.<\/h3>\n<p>&nbsp;<\/p>\n<\/div>\n<div class=\"text\">\n<p>Voil\u00e0 qu&rsquo;il est d\u00e9sormais question d&rsquo;une mont\u00e9e graduelle dans le ton de la part des ministres aounistes jusqu&rsquo;au 13 octobre, date \u00e0 laquelle le CPL devrait prendre une position politique \u00ab\u00a0sans pr\u00e9c\u00e9dent\u00a0\u00bb, pour reprendre les propos d&rsquo;un d\u00e9put\u00e9 de cette formation.<br \/>\nCes nouvelles donn\u00e9es n&rsquo;ont pas \u00e9t\u00e9 sans susciter des craintes en Occident d&rsquo;un effondrement de la stabilit\u00e9 au Liban, consid\u00e9r\u00e9e comme une ligne rouge \u00e0 ne pas franchir. Il est en effet interdit de soumettre le pays \u00e0 de graves dangers, \u00e0 l&rsquo;heure o\u00f9 la r\u00e9gion tout enti\u00e8re est en flammes. Mais le gouverneur de la BDL a rassur\u00e9 ses interlocuteurs quant \u00e0 la situation financi\u00e8re, qu&rsquo;il a qualifi\u00e9e d&rsquo;excellente, faisant \u00e9tat d&rsquo;une stabilit\u00e9 de la livre, en d\u00e9pit d&rsquo;une situation \u00e9conomique qui pi\u00e9tine du fait de la crise politique. Il n&rsquo;y a pas lieu de s&rsquo;inqui\u00e9ter, a-t-il pr\u00e9cis\u00e9, mais la situation pourrait empirer si les responsables politiques ne s&rsquo;entendent pas sur l&rsquo;\u00e9lection d&rsquo;un pr\u00e9sident de la R\u00e9publique, la redynamisation des institutions \u00e9tatiques et la relance de l&rsquo;administration \u00e0 tous les niveaux.<br \/>\nDes sources diplomatiques expriment, dans ce cadre, des craintes concernant la situation au Liban si jamais ce pays persiste \u00e0 se maintenir sous l&rsquo;influence du conflit r\u00e9gional et prisonnier des d\u00e9veloppements en Syrie. D&rsquo;autant qu&rsquo;il s&rsquo;est av\u00e9r\u00e9 que certaines composantes libanaises persistent \u00e0 lier l&rsquo;\u00e9ch\u00e9ance \u00e0 des dossiers ext\u00e9rieurs sans accorder d&rsquo;attention aux dangers que comporte le maintien du vide pr\u00e9sidentiel. Il suffit de constater, pour s&rsquo;en rendre compte, la situation de pourrissement \u00e0 tous les points de vue et de multiplication des scandales dans les diff\u00e9rents secteurs, avec d&rsquo;incessantes querelles autour du partage du g\u00e2teau&#8230; au point que l&rsquo;expression failed state (\u00c9tat failli) revient de plus en plus sur toutes les l\u00e8vres.<br \/>\nDes milieux politiques font \u00e9tat d&rsquo;un retour de certains secteurs productifs \u00e0 la rue pour des mouvements de revendication et inciter les responsables \u00e0 bouger et \u00e0 mettre fin au chaos et \u00e0 la confusion qui r\u00e8gnent dans le pays. Des milieux syndicaux pr\u00e9cisent \u00e0 ce sujet que ce qui a \u00e9t\u00e9 fait dans la rue n&rsquo;est que le d\u00e9but et que la situation pourrait empirer dans les prochaines semaines et d\u00e9g\u00e9n\u00e9rer en un vaste cri populaire contre l&rsquo;administration et les responsables. Un autre cri devrait \u00e9galement se faire entendre le 29 septembre, lanc\u00e9 cette fois par les instances \u00e9conomiques dans le cadre d&rsquo;une conf\u00e9rence de presse. Encore une mise en garde, et peut-\u00eatre aussi l&rsquo;annonce d&rsquo;une dynamique initi\u00e9e par ces instances pour exprimer leur ras-le-bol quant \u00e0 la situation actuelle.<br \/>\n<strong>Face \u00e0 cette agitation<\/strong>, des sources politiques expriment leur crainte que la rue ne se transforme de nouveau en bo\u00eete aux lettres pour un \u00e9change de messages entre les parties politiques, ce qui mettrait la stabilit\u00e9 du pays en danger, quand bien m\u00eame les instances \u00e9conomiques seraient les premi\u00e8res \u00e0 ne pas vouloir mettre en p\u00e9ril la sc\u00e8ne locale. Toutes les possibilit\u00e9s seraient ainsi \u00e0 l&rsquo;\u00e9tude, indique l&rsquo;un des p\u00f4les des instances \u00e9conomiques, o\u00f9 deux points de vue se sont manifest\u00e9s\u00a0: le premier estime que les temps ne sont pas propices \u00e0 une quelconque dynamique \u00e0 l&rsquo;ombre de la vacance pr\u00e9sidentielle. Contre qui diriger le mouvement de protestation \u00e0 l&rsquo;heure o\u00f9 le Premier ministre Tammam Salam reconna\u00eet lui-m\u00eame l&rsquo;\u00e9chec de son gouvernement paralys\u00e9, qui s&rsquo;est presque transform\u00e9 en cabinet d&rsquo;exp\u00e9dition des affaires courantes ? Selon le deuxi\u00e8me point de vue, une initiative est incontournable pour briser le statu quo actuel, faute de quoi le pays va lentement et s\u00fbrement vers une mort annonc\u00e9e. Le but serait donc de susciter un choc qui ferait entendre la voix des instances \u00e9conomiques et qui pourrait influer sur le d\u00e9blocage de l&rsquo;\u00e9lection pr\u00e9sidentielle, porte d&rsquo;entr\u00e9e vers le salut. Selon les tenants de cette deuxi\u00e8me th\u00e8se, le 29 septembre courant sera jour de sit-in \u00e9conomique devant la Chambre de commerce et d&rsquo;industrie. Un sit-in d&rsquo;un quart d&rsquo;heure, accompagn\u00e9 de mouvements similaires dans les diff\u00e9rentes r\u00e9gions du pays, et d&rsquo;un communiqu\u00e9 puissant qui sera distribu\u00e9. Apr\u00e8s quoi les instances \u00e9valueront les r\u00e9actions \u00e0 leur dynamique pour pr\u00e9parer leur prochaine d\u00e9marche.<br \/>\nIl est \u00e9galement question d&rsquo;un autre sit-in, \u00e0 la place du premier, devant les si\u00e8ges de certaines personnalit\u00e9s politiques, notamment celles qui boycottent les s\u00e9ances \u00e9lectorales, pour les inciter \u00e0 se rendre \u00e0 la Chambre et \u00e0 y accomplir leur devoir constitutionnel et \u00e0 \u00e9lire un pr\u00e9sident de la R\u00e9publique. Les instances \u00e9conomiques jugent en effet compl\u00e8tement inacceptables les arguments avanc\u00e9s pour justifier le boycott des s\u00e9ances, estimant qu&rsquo;il s&rsquo;agit l\u00e0 d&rsquo;une usurpation du mandat imp\u00e9ratif dont les d\u00e9put\u00e9s sont rev\u00eatus. Il est inadmissible, disent-elles, que quelques individus jouent ainsi avec le sort de tout un pays, soulignant qu&rsquo;il est grand temps d&rsquo;initier un groupe de pression suffisamment persuasif pour sauver le pays et faire \u00e9lire un nouveau chef de l&rsquo;\u00c9tat.<\/p>\n<p><a href=\"http:\/\/www.lorientlejour.com\/article\/1009073\/quand-les-instances-economiques-passent-a-loffensive.html\">L&rsquo;Orient Le Jour<\/a><\/p>\n<\/div>\n","protected":false},"excerpt":{"rendered":"<p>Selon l&rsquo;un des p\u00f4les des instances \u00e9conomiques, une r\u00e9union aurait eu lieu il y a quelque temps en Europe entre le gouverneur de la Banque du Liban, Riad Salam\u00e9, et un responsable occidental, focalis\u00e9e sur la situation \u00e9conomique et financi\u00e8re du Liban, sur base des craintes quant \u00e0 la stabilit\u00e9 \u00e9conomique du pays \u00e0 l&rsquo;ombre<\/p>\n","protected":false},"author":182,"featured_media":14899,"comment_status":"open","ping_status":"open","sticky":false,"template":"","format":"standard","meta":{"_uf_show_specific_survey":0,"_uf_disable_surveys":false,"footnotes":""},"categories":[22],"tags":[],"class_list":{"0":"post-14898","1":"post","2":"type-post","3":"status-publish","4":"format-standard","5":"has-post-thumbnail","7":"category-actualites-fr"},"aioseo_notices":[],"_links":{"self":[{"href":"https:\/\/middleeasttransparent.com\/fr\/wp-json\/wp\/v2\/posts\/14898","targetHints":{"allow":["GET"]}}],"collection":[{"href":"https:\/\/middleeasttransparent.com\/fr\/wp-json\/wp\/v2\/posts"}],"about":[{"href":"https:\/\/middleeasttransparent.com\/fr\/wp-json\/wp\/v2\/types\/post"}],"author":[{"embeddable":true,"href":"https:\/\/middleeasttransparent.com\/fr\/wp-json\/wp\/v2\/users\/182"}],"replies":[{"embeddable":true,"href":"https:\/\/middleeasttransparent.com\/fr\/wp-json\/wp\/v2\/comments?post=14898"}],"version-history":[{"count":0,"href":"https:\/\/middleeasttransparent.com\/fr\/wp-json\/wp\/v2\/posts\/14898\/revisions"}],"wp:featuredmedia":[{"embeddable":true,"href":"https:\/\/middleeasttransparent.com\/fr\/wp-json\/wp\/v2\/media\/14899"}],"wp:attachment":[{"href":"https:\/\/middleeasttransparent.com\/fr\/wp-json\/wp\/v2\/media?parent=14898"}],"wp:term":[{"taxonomy":"category","embeddable":true,"href":"https:\/\/middleeasttransparent.com\/fr\/wp-json\/wp\/v2\/categories?post=14898"},{"taxonomy":"post_tag","embeddable":true,"href":"https:\/\/middleeasttransparent.com\/fr\/wp-json\/wp\/v2\/tags?post=14898"}],"curies":[{"name":"wp","href":"https:\/\/api.w.org\/{rel}","templated":true}]}}