{"id":14504,"date":"2016-09-08T12:13:42","date_gmt":"2016-09-08T11:13:42","guid":{"rendered":"http:\/\/middleeasttransparent.com\/?p=14504"},"modified":"2016-09-08T12:13:42","modified_gmt":"2016-09-08T11:13:42","slug":"lescalade-du-cpl-du-bluff-pur-et-simple","status":"publish","type":"post","link":"https:\/\/middleeasttransparent.com\/fr\/lescalade-du-cpl-du-bluff-pur-et-simple\/","title":{"rendered":"L\u2019escalade du CPL, du bluff pur et simple ?"},"content":{"rendered":"<h3>L&rsquo;escalade verbale de Gebran Bassil serait-elle du bluff pur et simple ? A-t-elle pour objectif r\u00e9el de raffermir sa position chancelante, ou du moins contest\u00e9e, au sein du Courant patriotique libre ? C&rsquo;est ce qu&rsquo;avancent certains d\u00e9put\u00e9s du 14 Mars, \u00e9voquant la radiation de certains hauts cadres du CPL qui avaient contest\u00e9 publiquement certaines positions de leur leader.<\/h3>\n<p>&nbsp;<\/p>\n<div class=\"text\">\n<p>Dans les milieux concern\u00e9s, toutefois, on assure qu&rsquo;avec cette escalade, M. Bassil \u00ab\u00a0met le doigt sur la plaie\u00a0\u00bb et r\u00e9clame des r\u00e9ponses claires \u00e0 des questions relatives au pacte de vie commune et au partenariat islamo-chr\u00e9tien. En tout \u00e9tat de cause, l&rsquo;implosion de la conf\u00e9rence du dialogue et sa suspension sine die a conduit la crise interne \u00e0 son paroxysme, et l&rsquo;on est pass\u00e9 sans transition d&rsquo;un diff\u00e9rend sur la pr\u00e9sidence \u00e0 une mise en question du Liban comme patrie.<\/p>\n<p>Ce qui est clair, en tout cas, c&rsquo;est que le camp du 8 Mars a implos\u00e9 \u00e9galement, apr\u00e8s la r\u00e9partie cinglante ass\u00e9n\u00e9e \u00e0 Gebran Bassil par Sleiman Frangi\u00e9, sur sa propre repr\u00e9sentativit\u00e9 parlementaire. Il reste que, selon des sources bien inform\u00e9es, le chef historique du CPL a fermement demand\u00e9 \u00e0 ses hommes de s&rsquo;abstenir d&rsquo;attaquer M. Frangi\u00e9 ou de le prendre \u00e0 partie. Une chose est s\u00fbre, cependant, c&rsquo;est que ce qui a transpir\u00e9 des d\u00e9bats pourrait bien avoir mis fin \u00e0 toute chance qui restait de \u00ab\u00a0libaniser\u00a0\u00bb une \u00e9ch\u00e9ance d\u00e9sormais intrins\u00e8quement li\u00e9e \u00e0 la crise r\u00e9gionale.<\/p>\n<p>Des lueurs d&rsquo;espoir continuent toutefois de briller \u00e0 l&rsquo;horizon politique. Ainsi, en d\u00e9pit de l&rsquo;amertume qui transpara\u00eet dans ses premi\u00e8res r\u00e9actions, le pr\u00e9sident de la Chambre est toujours pr\u00eat \u00e0 convoquer la conf\u00e9rence de dialogue, pour peu qu&rsquo;une demande unanime en soit faite.<\/p>\n<p>&nbsp;<\/p>\n<p style=\"text-align: left;\"><em>(Lire aussi : <a href=\"http:\/\/www.lorientlejour.com\/article\/1006050\/le-conseil-des-ministres-se-tiendra-aujourdhui-en-depit-des-mises-en-garde.html\" target=\"_blank\">Le Conseil des ministres se tiendra aujourd\u2019hui en d\u00e9pit des mises en garde<\/a>)<\/em><\/p>\n<p>Par ailleurs, le Hezbollah, tout en protestant de sa fid\u00e9lit\u00e9 \u00e0 son alliance avec Michel Aoun, aurait l&rsquo;intention d&rsquo;\u00e9tablir des contacts avec toutes les parties en vue de rapprocher les points de vue, en particulier entre ses deux alli\u00e9s que sont le CPL et les Marada, ainsi qu&rsquo;entre le CPL et le pr\u00e9sident de la Chambre, dans un effort pour continuer \u00e0 assurer la bonne marche des institutions, et en particulier le gouvernement, pour ne rien dire des commissions parlementaires et du Parlement. Pour le Hezbollah, assurent des sources proches du parti chiite, \u00ab\u00a0la stabilit\u00e9 s\u00e9curitaire et politique\u00a0\u00bb est une ligne rouge.<\/p>\n<p>Toutefois, la volont\u00e9 de stabilit\u00e9 du Hezbollah entre en contradiction avec la d\u00e9cision d&rsquo;escalade du CPL. Quelle tendance donc l&#8217;emportera ? On parie, dans les milieux du 14 Mars, sur le fait que l&rsquo;escalade de Gebran Bassil est seulement tactique, et que le CPL n&rsquo;ira pas jusqu&rsquo;\u00e0 remettre en question le pacte national de 1943. Quoique violente, sa surench\u00e8re est purement verbale, ajoute-t-on de m\u00eame source, m\u00eame s&rsquo;il met ses menaces \u00e0 ex\u00e9cution et qu&rsquo;il a recours \u00e0 la rue, sachant que ce recours est une \u00e9p\u00e9e \u00e0 deux tranchants, puisqu&rsquo;il pourrait provoquer un effet boule de neige et pousser d&rsquo;autres forces \u00e0 d\u00e9montrer leur popularit\u00e9.<br \/>\nLe c\u00f4t\u00e9 tactique de cette escalade est li\u00e9 aussi, dans les milieux politiques, \u00e0 la volont\u00e9 de Michel Aoun de \u00ab\u00a0forcer la main\u00a0\u00bb \u00e0 Saad Hariri, et d&#8217;emporter finalement son adh\u00e9sion \u00e0 sa candidature \u00e0 la pr\u00e9sidence, une possibilit\u00e9 qui pourrait se produire d&rsquo;ici \u00e0 la fin du mois, selon certains. R\u00eaveries, fantasmes et ballons d&rsquo;essais, r\u00e9plique-t-on au sein du 14 Mars, \u00e0 ces pronostics.<\/p>\n<p>Pour en revenir au Hezbollah, des sources assurent que, sans l\u00e2cher Michel Aoun, mais sans l&rsquo;appuyer non plus dans sa d\u00e9cision d&rsquo;escalade, le secr\u00e9taire g\u00e9n\u00e9ral du Hezbollah, Hassan Nasrallah, envisagerait de se r\u00e9unir dans les jours qui viennent, mais secr\u00e8tement, avec son bouillant alli\u00e9, qui aurait sollicit\u00e9 l&rsquo;entretien, ainsi qu&rsquo;avec Sleiman Frangi\u00e9 et Nabih Berry, en pr\u00e9ambule \u00e0 une miniconf\u00e9rence du dialogue qui se tiendrait entre les composantes du 8 Mars, quelque part dans la banlieue sud.<\/p>\n<p>H\u00e9las, l&rsquo;effort de rapprochement entre les diverses forces politiques libanaises va \u00e0 contre-courant des tensions grandissantes entre l&rsquo;Iran et l&rsquo;Arabie saoudite, dans le contexte du p\u00e8lerinage de l&rsquo;Adha. C&rsquo;est ainsi que T\u00e9h\u00e9ran accuse l&rsquo;Arabie saoudite d&rsquo;incomp\u00e9tence, tandis que Riyad va jusqu&rsquo;\u00e0 affirmer que les chiites ne sont pas musulmans, sachant qu&rsquo;une conf\u00e9rence qui vient de se tenir \u00e0 Grozny (Tch\u00e9tch\u00e9nie), vient de d\u00e9cr\u00e9ter que le salafisme et le wahhabisme sont \u00ab\u00a0exclus\u00a0\u00bb de l&rsquo;islam sunnite. Ces dissensions religieuses, estime-t-on, ne peuvent que se r\u00e9percuter n\u00e9gativement sur le climat politique libanais et compliquer un peu plus la crise interne.<\/p>\n<\/div>\n","protected":false},"excerpt":{"rendered":"<p>L&rsquo;escalade verbale de Gebran Bassil serait-elle du bluff pur et simple ? A-t-elle pour objectif r\u00e9el de raffermir sa position chancelante, ou du moins contest\u00e9e, au sein du Courant patriotique libre ? C&rsquo;est ce qu&rsquo;avancent certains d\u00e9put\u00e9s du 14 Mars, \u00e9voquant la radiation de certains hauts cadres du CPL qui avaient contest\u00e9 publiquement certaines positions<\/p>\n","protected":false},"author":182,"featured_media":14508,"comment_status":"open","ping_status":"open","sticky":false,"template":"","format":"standard","meta":{"_uf_show_specific_survey":0,"_uf_disable_surveys":false,"footnotes":""},"categories":[22],"tags":[],"class_list":{"0":"post-14504","1":"post","2":"type-post","3":"status-publish","4":"format-standard","5":"has-post-thumbnail","7":"category-actualites-fr"},"aioseo_notices":[],"_links":{"self":[{"href":"https:\/\/middleeasttransparent.com\/fr\/wp-json\/wp\/v2\/posts\/14504","targetHints":{"allow":["GET"]}}],"collection":[{"href":"https:\/\/middleeasttransparent.com\/fr\/wp-json\/wp\/v2\/posts"}],"about":[{"href":"https:\/\/middleeasttransparent.com\/fr\/wp-json\/wp\/v2\/types\/post"}],"author":[{"embeddable":true,"href":"https:\/\/middleeasttransparent.com\/fr\/wp-json\/wp\/v2\/users\/182"}],"replies":[{"embeddable":true,"href":"https:\/\/middleeasttransparent.com\/fr\/wp-json\/wp\/v2\/comments?post=14504"}],"version-history":[{"count":0,"href":"https:\/\/middleeasttransparent.com\/fr\/wp-json\/wp\/v2\/posts\/14504\/revisions"}],"wp:featuredmedia":[{"embeddable":true,"href":"https:\/\/middleeasttransparent.com\/fr\/wp-json\/wp\/v2\/media\/14508"}],"wp:attachment":[{"href":"https:\/\/middleeasttransparent.com\/fr\/wp-json\/wp\/v2\/media?parent=14504"}],"wp:term":[{"taxonomy":"category","embeddable":true,"href":"https:\/\/middleeasttransparent.com\/fr\/wp-json\/wp\/v2\/categories?post=14504"},{"taxonomy":"post_tag","embeddable":true,"href":"https:\/\/middleeasttransparent.com\/fr\/wp-json\/wp\/v2\/tags?post=14504"}],"curies":[{"name":"wp","href":"https:\/\/api.w.org\/{rel}","templated":true}]}}