{"id":14486,"date":"2016-09-06T15:36:55","date_gmt":"2016-09-06T14:36:55","guid":{"rendered":"http:\/\/middleeasttransparent.com\/?p=14486"},"modified":"2016-09-06T15:36:55","modified_gmt":"2016-09-06T14:36:55","slug":"liban-le-cpl-accorde-au-gouvernement-un-sursis-de-trois-semaines-avant-de-passer-a-laction","status":"publish","type":"post","link":"https:\/\/middleeasttransparent.com\/fr\/liban-le-cpl-accorde-au-gouvernement-un-sursis-de-trois-semaines-avant-de-passer-a-laction\/","title":{"rendered":"Liban: Le CPL accorde au gouvernement un sursis de trois semaines avant de passer \u00e0 l\u2019action"},"content":{"rendered":"<h3>\u00a0L&rsquo;acte d&rsquo;accusation publi\u00e9 par le juge d&rsquo;instruction concernant le double attentat d&rsquo;ao\u00fbt 2013 qui avait vis\u00e9 les deux mosqu\u00e9es \u00e0 Tripoli a provoqu\u00e9 un v\u00e9ritable s\u00e9isme dans les milieux judiciaires.<\/h3>\n<div class=\"text\">\n<p>Et pour cause\u00a0: ce sont deux officiers syriens de haut rang qui sont point\u00e9s du doigt et accus\u00e9s d&rsquo;avoir commandit\u00e9 les attentats. Il s&rsquo;agit de Mohammad Ali et de Nasser Jouban, le premier \u00e9tant responsable au sein du service de renseignements de Palestine, le second est chef du service de renseignements de la s\u00e9curit\u00e9 politique. Le juge d&rsquo;instruction a ordonn\u00e9 en parall\u00e8le l&rsquo;ouverture d&rsquo;une enqu\u00eate permanente visant \u00e0 d\u00e9voiler l&rsquo;identit\u00e9 des autres officiers syriens qui seraient \u00e9galement impliqu\u00e9s dans ce crime pour les poursuivre en justice.<\/p>\n<p>Cette affaire a \u00e9galement \u00e9branl\u00e9 le cours de la vie politique, emp\u00eatr\u00e9e dans un marasme devenu end\u00e9mique du fait du conflit qui divise depuis des mois la classe politique autour de l&rsquo;\u00e9lection pr\u00e9sidentielle. \u00c0 cela vient s&rsquo;ajouter la crise r\u00e9gionale qui perdure sur fond de bras de fer irano-saoudien et les alignements libanais cons\u00e9quents sur l&rsquo;un ou l&rsquo;autre axe.<\/p>\n<p>&nbsp;<\/p>\n<p><em>(Lire aussi :\u00a0<a href=\"http:\/\/www.lorientlejour.com\/article\/1005683\/face-aux-crispations-le-dialogue-national-reporte-sine-die.html\" target=\"_blank\">Face aux crispations, le dialogue national report\u00e9 sine die)<\/a><\/em><\/p>\n<p>&nbsp;<\/p>\n<p>Alors que plusieurs responsables politiques se sont abstenus de commenter la d\u00e9cision judiciaire prise dans l&rsquo;affaire des attentats de Tripoli, le ministre d\u00e9missionnaire de la Justice, Achraf Rifi, a r\u00e9agi de mani\u00e8re virulente en r\u00e9clamant le renvoi de l&rsquo;ambassadeur syrien au Liban, une initiative qui n&rsquo;a pas manqu\u00e9 d&#8217;embarrasser plusieurs personnalit\u00e9s politiques sachant que M. Rifi a adress\u00e9 une requ\u00eate en ce sens au Conseil des ministres qui doit se r\u00e9unir dans les prochains jours.<\/p>\n<p>Il reste \u00e0 savoir si le gouvernement va \u00e9voquer cette affaire ou s&rsquo;il ne va pas plut\u00f4t d\u00e9cider d&rsquo;\u00e9luder une question aussi litigieuse qui viendrait s&rsquo;ajouter \u00e0 la pl\u00e9thore de dossiers en suspens qui divisent d\u00e9j\u00e0 l&rsquo;ex\u00e9cutif. Et, dans le cas de figure o\u00f9 le Conseil des ministres d\u00e9ciderait de faire figurer la requ\u00eate de M. Rifi \u00e0 son ordre du jour, une autre question se pose, celle de savoir quelle serait la position exprim\u00e9e par le Hezbollah et le Courant patriotique libre, des alli\u00e9s inconditionnels du r\u00e9gime de Bachar el-Assad.<br \/>\nCette nouvelle crise survient \u00e0 un moment d\u00e9licat o\u00f9 le gouvernement est d\u00e9j\u00e0 en \u00e9tat d&rsquo;\u00e9bullition avec le boycott observ\u00e9 par les ministres du CPL qui accusent le camp adverse de ne pas respecter l&rsquo;esprit du pacte national dans la question des nominations s\u00e9curitaires, mena\u00e7ant ainsi de recourir \u00e0 l&rsquo;escalade et d&rsquo;investir les rues pour protester contre ce qu&rsquo;ils consid\u00e8rent \u00eatre une d\u00e9viation des coutumes pratiqu\u00e9es \u00e0 ce jour.<\/p>\n<p>Selon un observateur, le chef du gouvernement pourrait d\u00e9cider, une fois de plus, d&rsquo;occulter un sujet aussi sensible qui risque de dynamiter son gouvernement d\u00e9j\u00e0 branlant, \u00e0 la veille du d\u00e9part de Tammam Salam \u00e0 New York o\u00f9 il doit participer \u00e0 l&rsquo;Assembl\u00e9e g\u00e9n\u00e9rale des Nations unies pour examiner la question des r\u00e9fugi\u00e9s syriens, le 7 septembre.<\/p>\n<p>&nbsp;<\/p>\n<p><em>(Lire aussi :\u00a0<a href=\"http:\/\/www.lorientlejour.com\/article\/1005684\/berry-propose-aux-128-deputes-doffrir-a-larmee-la-moitie-de-leurs-traitements-doctobre.html\" target=\"_blank\">Berry propose aux 128 d\u00e9put\u00e9s d&rsquo;offrir \u00e0 l&rsquo;arm\u00e9e la moiti\u00e9 de leurs traitements d&rsquo;octobre)<\/a><\/em><\/p>\n<p>&nbsp;<\/p>\n<p>Du c\u00f4t\u00e9 des ministres relevant du Hezbollah, on continue d&rsquo;insister sur la n\u00e9cessit\u00e9 de pr\u00e9server la stabilit\u00e9 sur les plans politique et s\u00e9curitaire \u00e0 l&rsquo;ombre de circonstances aussi critiques, exprimant du m\u00eame coup leur objection \u00e0 toute d\u00e9mission du gouvernement et tout incident s\u00e9curitaire qui risquerait de d\u00e9g\u00e9n\u00e9rer en remettant en cause la fragile stabilit\u00e9 du pays.<\/p>\n<p>C&rsquo;est d&rsquo;ailleurs m\u00fb par cette logique que le parti chiite a r\u00e9ussi \u00e0 convaincre ses alli\u00e9s aounistes de reporter le mouvement de rue qu&rsquo;ils avaient envisag\u00e9 en signe de protestation et de remettre \u00e0 plus tard toute d\u00e9cision d&rsquo;escalade afin de permettre aux contacts de prendre leur cours dans l&rsquo;espoir de trouver une issue aux diff\u00e9rents dossiers litigieux. Le risque de transposer le conflit dans la rue est, pour le Hezbollah, autrement plus dangereux en ces temps qui courent et pourrait entra\u00eener le pays vers un effondrement total.<br \/>\nSelon un ancien d\u00e9put\u00e9 proche de Rabieh, le chef du bloc du Changement et de la R\u00e9forme Michel Aoun serait pr\u00eat \u00e0 accorder un sursis au gouvernement de Tammam Salam, soit jusqu&rsquo; \u00e0 la fin du mois de septembre pour donner des chances \u00e0 la m\u00e9diation et aux solutions concert\u00e9es autour de la question des nominations s\u00e9curitaires, entre autres.<\/p>\n<p>C&rsquo;est \u00e0 la lumi\u00e8re des r\u00e9sultats des contacts politiques entrepris que le CPL d\u00e9cidera du sort du mouvement de protestation annonc\u00e9 et qui pourrait co\u00efncider avec la comm\u00e9moration du 13 octobre 1990, date de l&rsquo;offensive des forces syriennes contre les unit\u00e9s du g\u00e9n\u00e9ral Aoun, \u00e0 Baabda.<br \/>\nCertains observateurs se sont arr\u00eat\u00e9s sur la visite du sous-secr\u00e9taire d&rsquo;\u00c9tat am\u00e9ricain charg\u00e9 des Affaires politiques Thomas Shannon \u00e0 Beyrouth o\u00f9 il a rencontr\u00e9 plusieurs responsables. Sa visite est consid\u00e9r\u00e9e par certains d&rsquo;une grande importance \u00e0 la lumi\u00e8re notamment de la paralysie, relative, de l&rsquo;administration am\u00e9ricaine, d\u00e9sormais plus pr\u00e9occup\u00e9e par les \u00e9lections pr\u00e9sidentielles de novembre prochain que par les dossiers de politique ext\u00e9rieure.<\/p>\n<p>Quand bien m\u00eame le haut responsable US n&rsquo;a rien apport\u00e9 de neuf concernant le blocage de la pr\u00e9sidentielle au Liban, il aura tout au moins r\u00e9affirm\u00e9, par sa visite, l&rsquo;int\u00e9r\u00eat que continue de porter l&rsquo;administration US au Liban, \u00e0 sa stabilit\u00e9 et au bon fonctionnement de ses institutions.<\/p>\n<p><a href=\"http:\/\/www.lorientlejour.com\/article\/1005669\/le-cpl-accorde-au-gouvernement-un-sursis-de-trois-semaines-avant-de-passer-a-laction.html\">L&rsquo;Orient Le Jour<\/a><\/p>\n<\/div>\n","protected":false},"excerpt":{"rendered":"<p>\u00a0L&rsquo;acte d&rsquo;accusation publi\u00e9 par le juge d&rsquo;instruction concernant le double attentat d&rsquo;ao\u00fbt 2013 qui avait vis\u00e9 les deux mosqu\u00e9es \u00e0 Tripoli a provoqu\u00e9 un v\u00e9ritable s\u00e9isme dans les milieux judiciaires. Et pour cause\u00a0: ce sont deux officiers syriens de haut rang qui sont point\u00e9s du doigt et accus\u00e9s d&rsquo;avoir commandit\u00e9 les attentats. Il s&rsquo;agit de<\/p>\n","protected":false},"author":182,"featured_media":14490,"comment_status":"open","ping_status":"open","sticky":false,"template":"","format":"standard","meta":{"_uf_show_specific_survey":0,"_uf_disable_surveys":false,"footnotes":""},"categories":[25],"tags":[],"class_list":{"0":"post-14486","1":"post","2":"type-post","3":"status-publish","4":"format-standard","5":"has-post-thumbnail","7":"category-decryptages"},"aioseo_notices":[],"_links":{"self":[{"href":"https:\/\/middleeasttransparent.com\/fr\/wp-json\/wp\/v2\/posts\/14486","targetHints":{"allow":["GET"]}}],"collection":[{"href":"https:\/\/middleeasttransparent.com\/fr\/wp-json\/wp\/v2\/posts"}],"about":[{"href":"https:\/\/middleeasttransparent.com\/fr\/wp-json\/wp\/v2\/types\/post"}],"author":[{"embeddable":true,"href":"https:\/\/middleeasttransparent.com\/fr\/wp-json\/wp\/v2\/users\/182"}],"replies":[{"embeddable":true,"href":"https:\/\/middleeasttransparent.com\/fr\/wp-json\/wp\/v2\/comments?post=14486"}],"version-history":[{"count":0,"href":"https:\/\/middleeasttransparent.com\/fr\/wp-json\/wp\/v2\/posts\/14486\/revisions"}],"wp:featuredmedia":[{"embeddable":true,"href":"https:\/\/middleeasttransparent.com\/fr\/wp-json\/wp\/v2\/media\/14490"}],"wp:attachment":[{"href":"https:\/\/middleeasttransparent.com\/fr\/wp-json\/wp\/v2\/media?parent=14486"}],"wp:term":[{"taxonomy":"category","embeddable":true,"href":"https:\/\/middleeasttransparent.com\/fr\/wp-json\/wp\/v2\/categories?post=14486"},{"taxonomy":"post_tag","embeddable":true,"href":"https:\/\/middleeasttransparent.com\/fr\/wp-json\/wp\/v2\/tags?post=14486"}],"curies":[{"name":"wp","href":"https:\/\/api.w.org\/{rel}","templated":true}]}}