{"id":14328,"date":"2016-08-25T20:37:36","date_gmt":"2016-08-25T19:37:36","guid":{"rendered":"http:\/\/middleeasttransparent.com\/?p=14328"},"modified":"2016-08-25T20:37:36","modified_gmt":"2016-08-25T19:37:36","slug":"lintervention-turque-en-syrie-signe-du-debut-dun-changement-de-donne","status":"publish","type":"post","link":"https:\/\/middleeasttransparent.com\/fr\/lintervention-turque-en-syrie-signe-du-debut-dun-changement-de-donne\/","title":{"rendered":"L\u2019intervention turque en Syrie, signe du d\u00e9but d\u2019un changement de donne&#8230;"},"content":{"rendered":"<h3>Les dossiers locaux, surtout celui de l&rsquo;\u00e9ch\u00e9ance pr\u00e9sidentielle, sont li\u00e9s inextricablement \u00e0 ceux de la r\u00e9gion, notamment \u00e0 la crise syrienne. Pour nombre d&rsquo;observateurs politiques, cela est d\u00e9sormais l&rsquo;\u00e9vidence m\u00eame. Les chances d&rsquo;\u00e9lection pr\u00e9sidentielle fluctuent au gr\u00e9 des d\u00e9veloppements r\u00e9gionaux et les protagonistes accordent leurs violons en fonction des mutations qui se produisent sur la sc\u00e8ne syrienne et des positionnements des leaders r\u00e9gionaux et internationaux, dont une convergence d&rsquo;int\u00e9r\u00eats pourrait aujourd&rsquo;hui placer le dossier syrien sur les rails du r\u00e8glement. Et pas que le dossier syrien ! Le compromis pourrait englober toute la r\u00e9gion, de Damas \u00e0 Sanaa&#8230;<\/h3>\n<p>&nbsp;<\/p>\n<div class=\"text\">\n<p>Les d\u00e9veloppements des derniers jours sur le terrain \u00e0 la fronti\u00e8re syro-turque montrent l&rsquo;existence d&rsquo;une concordance d&rsquo;int\u00e9r\u00eats entre la Russie, la Turquie, la Syrie et l&rsquo;Iran. Washington ne serait pas loin, non plus, de cette entente, en d\u00e9pit de quelques divergences avec Moscou sur les d\u00e9tails de l&rsquo;accord conclu entre le secr\u00e9taire d&rsquo;\u00c9tat am\u00e9ricain John Kerry et son homologue russe Sergue\u00ef Lavrov, concernant la crise syrienne. Analysant les derniers d\u00e9veloppements sur le terrain syrien \u2013 les d\u00e9veloppements \u00e0 la fronti\u00e8re turco-syrienne, \u00e0 Hassak\u00e9, les raids de l&rsquo;aviation syrienne sur les Kurdes pour recouvrer des zones perdues par le r\u00e9gime, ou encore l&rsquo;attentat de Gaziantep en Turquie et le d\u00e9ploiement de Daech \u00e0 la fronti\u00e8re turque \u2013 des milieux politiques voient une concordance d&rsquo;int\u00e9r\u00eats entre Moscou, Ankara et T\u00e9h\u00e9ran, dont Washington est limitrophe, pour emp\u00eacher la cr\u00e9ation d&rsquo;une entit\u00e9 kurde en Syrie.<\/p>\n<p>Une telle entit\u00e9 serait de nature \u00e0 fragmenter la Syrie, et probablement, avec elle, d&rsquo;autres pays de la r\u00e9gion, voire m\u00eame l&rsquo;Iran&#8230; Des sources diplomatiques soulignent ainsi l&rsquo;existence d&rsquo;un consensus r\u00e9gional et international en faveur de l&rsquo;attachement \u00e0 l&rsquo;unit\u00e9 du territoire syrien et hostile \u00e0 l&rsquo;\u00e9mergence de mini-\u00c9tats. Nul n&rsquo;est pr\u00eat \u00e0 se d\u00e9partir des fronti\u00e8res h\u00e9rit\u00e9es de Sykes-Picot et \u00e0 dessiner une nouvelle carte de la r\u00e9gion. Cependant, nul n&rsquo;aurait d&rsquo;objections \u00e0 des changements intra-muros au niveau de la nature des r\u00e9gimes, comme par exemple l&rsquo;adoption de la d\u00e9centralisation ou de formules f\u00e9d\u00e9ralistes, sans aller jusqu&rsquo;\u00e0 la partition.<\/p>\n<p>&nbsp;<\/p>\n<p><em>(Lire aussi :\u00a0<a href=\"http:\/\/www.lorientlejour.com\/article\/1003479\/avec-le-conseil-des-ministres-aujourdhui-le-debut-dune-escalade-aouniste-limitee.html\" target=\"_blank\">Avec le Conseil des ministres, aujourd&rsquo;hui, le d\u00e9but d&rsquo;une escalade aouniste limit\u00e9e<\/a>, <strong>la situation par Sandra Noujeim<\/strong>)<\/em><\/p>\n<p>&nbsp;<\/p>\n<p>Les d\u00e9veloppements \u00e0 la fronti\u00e8re turco-syrienne refl\u00e8tent donc ce nouveau consensus inter\u00e9tatique sur la Syrie, qui a rendu possible l&rsquo;intervention militaire de la Turquie contre Daech, pour la protection des territoires turcs et de la fronti\u00e8re nord \u00e0 partir de la Syrie m\u00eame en tant qu&rsquo;espace vital turc et contre l&rsquo;\u00e9mergence d&rsquo;un \u00c9tat kurde ind\u00e9pendant dans cette zone syrienne. La d\u00e9marche turque co\u00efncide avec l&rsquo;arriv\u00e9e du vice-pr\u00e9sident am\u00e9ricain, Joe Biden, \u00e0 Ankara en visite officielle, la premi\u00e8re d&rsquo;un responsable am\u00e9ricain depuis le putsch manqu\u00e9 contre Recep Teyep Erdogan. Cette d\u00e9marche turque en Syrie prouve surtout que tout le monde est d\u00e9sormais conscient du danger de l&rsquo;effritement des \u00c9tats-nations et de la cr\u00e9ation d&rsquo;entit\u00e9s ethniques ou sectaires dans l&rsquo;ensemble de la r\u00e9gion.<\/p>\n<p>C&rsquo;est pourquoi tous les efforts sont actuellement d\u00e9ploy\u00e9s afin d&rsquo;associer l&rsquo;ensemble des composantes syriennes aux n\u00e9gociations entre le r\u00e9gime et l&rsquo;opposition. Il n&rsquo;y a plus de conditions r\u00e9dhibitoires \u00e0 une solution, comme la chute de Bachar el-Assad, par exemple, avant le d\u00e9but du r\u00e8glement. M\u00eame Ankara, qui insistait pour la d\u00e9position d&rsquo;Assad, propose aujourd&rsquo;hui une formule r\u00e9glementant son maintien pour une p\u00e9riode de trois mois, avec la formation d&rsquo;un cabinet de transition repr\u00e9sentant toutes les parties qui entamerait le chantier d&rsquo;un r\u00e8glement de la crise et la tenue d&rsquo;\u00e9lections, de sorte que la passation des pouvoirs soit pacifique. Si cette proposition \u00e9choue, il y aurait alors une p\u00e9riode de trois mois sans Assad, au cours de laquelle le cabinet de transition assumerait les pr\u00e9rogatives du pr\u00e9sident et pr\u00e9parerait la passation des pouvoirs.<\/p>\n<p>&nbsp;<\/p>\n<p><em>(Lire aussi : <a href=\"http:\/\/www.lorientlejour.com\/article\/1003495\/syrie-erdogan-fait-dune-pierre-quatre-coups.html\" target=\"_blank\">Syrie : Erdogan fait d&rsquo;une pierre quatre coups<\/a>)<\/em><\/p>\n<p>&nbsp;<\/p>\n<p>Pour bien des observateurs, la position turque est une \u00e9tape importante vers un r\u00e8glement. Plus d&rsquo;une partie r\u00e9gionale et internationale a compris que la poursuite des combats en Syrie compliquerait davantage les choses et, partant, les solutions \u00e9ventuelles. D&rsquo;autant qu&rsquo;il existe une volont\u00e9 internationale de r\u00e9activer le dossier palestinien \u00e0 travers une m\u00e9diation men\u00e9e par la Russie avec le pr\u00e9sident de l&rsquo;Autorit\u00e9 palestinienne, Mahmoud Abbas, et le Premier ministre isra\u00e9lien, Benjamin Netanyahu. Les deux hommes se retrouveraient \u00e0 Moscou en vue d&rsquo;une conf\u00e9rence internationale dont l&rsquo;id\u00e9e avait \u00e9t\u00e9 propos\u00e9e par la Russie il y a plus d&rsquo;un an, mais combattue \u00e0 l&rsquo;\u00e9poque par les \u00c9tats-Unis. Washington s&rsquo;\u00e9tait \u00e9galement oppos\u00e9 \u00e0 une initiative fran\u00e7aise d&rsquo;une conf\u00e9rence internationale pour la paix au Proche-Orient sur base d&rsquo;une solution \u00e0 la crise palestinienne.<\/p>\n<p>Or il existe actuellement une conviction internationale que la solution aux probl\u00e8mes de la r\u00e9gion et \u00e0 la lutte contre le terrorisme passe d&rsquo;abord par une solution au conflit isra\u00e9lo-arabe.<br \/>\nDes sources politiques qui suivent de pr\u00e8s tout ce d\u00e9veloppement estiment qu&rsquo;ils auront des r\u00e9percussions sur le microcosme libanais, et pousseront \u00e0 un accord politique sur un pr\u00e9sident consensuel hors du cercle des quatre grands t\u00e9nors maronites, dans le cadre d&rsquo;un package deal. C&rsquo;est peut-\u00eatre m\u00eame ces d\u00e9veloppements qui auraient conduit le Courant patriotique libre \u00e0 mener sa derni\u00e8re offensive, pour renverser la donne et faire du cabinet Salam un cabinet charg\u00e9 d&rsquo;exp\u00e9dier les affaires courantes, en attendant la solution&#8230;<\/p>\n<\/div>\n","protected":false},"excerpt":{"rendered":"<p>Les dossiers locaux, surtout celui de l&rsquo;\u00e9ch\u00e9ance pr\u00e9sidentielle, sont li\u00e9s inextricablement \u00e0 ceux de la r\u00e9gion, notamment \u00e0 la crise syrienne. Pour nombre d&rsquo;observateurs politiques, cela est d\u00e9sormais l&rsquo;\u00e9vidence m\u00eame. Les chances d&rsquo;\u00e9lection pr\u00e9sidentielle fluctuent au gr\u00e9 des d\u00e9veloppements r\u00e9gionaux et les protagonistes accordent leurs violons en fonction des mutations qui se produisent sur la<\/p>\n","protected":false},"author":182,"featured_media":14330,"comment_status":"open","ping_status":"open","sticky":false,"template":"","format":"standard","meta":{"_uf_show_specific_survey":0,"_uf_disable_surveys":false,"footnotes":""},"categories":[25],"tags":[],"class_list":{"0":"post-14328","1":"post","2":"type-post","3":"status-publish","4":"format-standard","5":"has-post-thumbnail","7":"category-decryptages"},"aioseo_notices":[],"_links":{"self":[{"href":"https:\/\/middleeasttransparent.com\/fr\/wp-json\/wp\/v2\/posts\/14328","targetHints":{"allow":["GET"]}}],"collection":[{"href":"https:\/\/middleeasttransparent.com\/fr\/wp-json\/wp\/v2\/posts"}],"about":[{"href":"https:\/\/middleeasttransparent.com\/fr\/wp-json\/wp\/v2\/types\/post"}],"author":[{"embeddable":true,"href":"https:\/\/middleeasttransparent.com\/fr\/wp-json\/wp\/v2\/users\/182"}],"replies":[{"embeddable":true,"href":"https:\/\/middleeasttransparent.com\/fr\/wp-json\/wp\/v2\/comments?post=14328"}],"version-history":[{"count":0,"href":"https:\/\/middleeasttransparent.com\/fr\/wp-json\/wp\/v2\/posts\/14328\/revisions"}],"wp:featuredmedia":[{"embeddable":true,"href":"https:\/\/middleeasttransparent.com\/fr\/wp-json\/wp\/v2\/media\/14330"}],"wp:attachment":[{"href":"https:\/\/middleeasttransparent.com\/fr\/wp-json\/wp\/v2\/media?parent=14328"}],"wp:term":[{"taxonomy":"category","embeddable":true,"href":"https:\/\/middleeasttransparent.com\/fr\/wp-json\/wp\/v2\/categories?post=14328"},{"taxonomy":"post_tag","embeddable":true,"href":"https:\/\/middleeasttransparent.com\/fr\/wp-json\/wp\/v2\/tags?post=14328"}],"curies":[{"name":"wp","href":"https:\/\/api.w.org\/{rel}","templated":true}]}}