{"id":14201,"date":"2016-08-21T17:27:55","date_gmt":"2016-08-21T16:27:55","guid":{"rendered":"http:\/\/middleeasttransparent.com\/?p=14201"},"modified":"2016-08-21T17:41:40","modified_gmt":"2016-08-21T16:41:40","slug":"comment-lamerique-dobama-ment-sur-la-menace-jihadiste","status":"publish","type":"post","link":"https:\/\/middleeasttransparent.com\/fr\/comment-lamerique-dobama-ment-sur-la-menace-jihadiste\/","title":{"rendered":"Comment l\u2019Am\u00e9rique d\u2019Obama ment sur la menace jihadiste"},"content":{"rendered":"<p>Barack Obama persiste \u00e0 falsifier la r\u00e9alit\u00e9 des faits au Moyen-Orient avec la m\u00eame impudeur que son pr\u00e9d\u00e9cesseur l\u2019avait fait pour justifier en 2003 la d\u00e9sastreuse invasion de l\u2019Irak. Le pr\u00e9sident am\u00e9ricain intoxique le monde entier sur l\u2019\u00e9tat effectif de la menace jihadiste afin de justifier une politique pourtant d\u00e9faillante. La commission du renseignement de la Chambre des repr\u00e9sentants vient de d\u00e9noncer <a href=\"http:\/\/www.nytimes.com\/2016\/08\/12\/us\/politics\/isis-centcom-intelligence.html?_r=0\">une intoxication syst\u00e9matique<\/a>\u00a0au cours des deux derni\u00e8res ann\u00e9es.<\/p>\n<div class=\"entry-content\">\n<p>La campagne pr\u00e9sidentielle aux Etats-Unis est pourtant bien pauvre sur le sujet, entre les outrances de Donald Trump, qui accuse Obama d\u2019avoir contribu\u00e9 \u00e0 la<a href=\"http:\/\/edition.cnn.com\/2016\/08\/11\/politics\/donald-trump-hugh-hewitt-obama-founder-isis\/\">fondation de Daech<\/a>,\u00a0et la d\u00e9fausse de l\u2019actuel pr\u00e9sident, qui se dit <a href=\"http:\/\/www.haaretz.com\/world-news\/u-s-election-2016\/1.733844\">confiant dans les chances d\u2019Hillary Clinton de venir enfin \u00e0 bout de Daech.<\/a>\u00a0Il n\u2019est donc pas inutile de souligner les mensonges de l\u2019administration Obama sur l\u2019\u00e9tat de la menace jihadiste.<\/p>\n<p><strong>MENSONGES SUR LES PERTES<\/strong><\/p>\n<p>Le g\u00e9n\u00e9ral am\u00e9ricain Sean Mac Farland, qui dirige les op\u00e9rations de la coalition occidentale anti-Daech, vient d\u2019affirmer que <a href=\"http:\/\/www.lemonde.fr\/proche-orient\/article\/2016\/08\/10\/selon-washington-le-nombre-de-combattants-de-l-organisation-etat-islamique-a-baisse_4981041_3218.html\">45.000 combattants jihadistes<\/a>auraient \u00e9t\u00e9 tu\u00e9s depuis le d\u00e9but des bombardements de la dite coalition, en ao\u00fbt 2014, dont 25.000 depuis septembre 2015.\u00a0On s\u2019\u00e9tonnera qu\u2019il y ait encore des combattants de Daech en Syrie et en Irak, puisque les Etats-Unis pr\u00e9tendent en avoir \u00e9limin\u00e9 avec leurs alli\u00e9s un nombre sup\u00e9rieur \u00e0 celui de leurs estimations ant\u00e9rieures les plus \u00e9lev\u00e9es.<\/p>\n<p>Rappelons comment les autorit\u00e9s am\u00e9ricaines en sont arriv\u00e9es \u00e0 prof\u00e9rer un aussi \u00e9norme mensonge. En juin 2015, le num\u00e9ro deux de la diplomatie am\u00e9ricaine,<a href=\"http:\/\/www.la-croix.com\/Actualite\/Monde\/Irak-et-Syrie-Blinken-evoque-10.000-jihadistes-de-Daech-tues-depuis-le-debut-des-raids-2015-06-03-1319189\">Antony Blinken, d\u00e9clare \u00e0 Paris qu\u2019au moins dix mille\u00a0combattants de Daech,<\/a> le bien mal nomm\u00e9 \u00ab\u00a0Etat islamique\u00a0\u00bb, ont \u00e9t\u00e9 tu\u00e9s par la coalition men\u00e9e par les Etats-Unis en neuf mois. Une telle affirmation suscite des haut-le-c\u0153ur chez les experts militaires, qui estiment alors \u00e0 un millier, et au maximum \u00e0 mille cinq cent, le nombre de jihadistes tu\u00e9s. Qu\u2019\u00e0 cela ne tienne, le chiffre de vingt mille jihadistes tu\u00e9s est avanc\u00e9 par Washington d\u00e8s la fin de l\u2019\u00e9t\u00e9 2015, soit un doublement en deux mois\u00a0 du bilan avanc\u00e9 par Blinken!<\/p>\n<p>Le caract\u00e8re farfelu de telles \u00ab\u00a0informations\u00a0\u00bb appara\u00eet encore plus cr\u00fbment dans la \u00ab\u00a0fourchette\u00a0\u00bb donn\u00e9e par Mac Farland pour le nombre de combattants actuels de Daech en Syrie et en Irak\u00a0: entre 15 et 30.000, on appr\u00e9ciera le flou du commandant en chef de la coalition. Le Pentagone comptabilise plus de 14.000 frappes de la coalition, dont les deux tiers en Irak, ce qui donnerait une moyenne invraisemblable de trois jihadistes tu\u00e9s par bombardement. <a href=\"https:\/\/airwars.org\/\">L\u2019ONG Airwars<\/a>\u00a0\u00a0avance pour sa part un bilan d\u2019au moins 1580 civils tu\u00e9s dans ces bombardements.<\/p>\n<p><strong>MENSONGES SUR LES PRIORIT\u00c9S<br \/>\n<\/strong><\/p>\n<p>Obama a engag\u00e9 ses forces arm\u00e9es en Irak en ao\u00fbt 2014, avant d\u2019\u00e9tendre ses op\u00e9rations \u00e0 la Syrie le mois suivant. La coalition elle-m\u00eame est compos\u00e9e de la France, de la Grande-Bretagne, de l\u2019Australie, des Pays-Bas, du Canada, ainsi que de la Belgique et du Danemark (qui n\u2019agissent qu\u2019en Irak), de la Jordanie, de la Turquie, de l\u2019Arabie, de Bahre\u00efn et des Emirats, dont la participation, limit\u00e9e \u00e0 la Syrie, est plus symbolique qu\u2019effective.<\/p>\n<p>C\u2019est en Irak que se porte l\u2019effort principal des Etats-Unis contre Daech, avec, \u00e0 la t\u00eate du contingent am\u00e9ricain d\u2019officiellement 3830 militaires, le g\u00e9n\u00e9ral Gary Volesky, qui en est \u00e0 sa cinqui\u00e8me mission dans le pays. Cette focalisation sur le th\u00e9\u00e2tre irakien a eu des effets d\u00e9vastateurs sur la lutte contre Daech en Syrie. J\u2019avais ainsi rapport\u00e9 comment une unit\u00e9 syrienne, pourtant form\u00e9e et arm\u00e9e par les Etats-Unis, avait \u00e9t\u00e9 <a href=\"http:\/\/filiu.blog.lemonde.fr\/2016\/07\/09\/comment-les-etats-unis-viennent-de-sauver-daech-dune-defaite-annoncee-en-syrie\/\">priv\u00e9e au d\u00e9but de cet \u00e9t\u00e9 <\/a>d\u2019un soutien a\u00e9rien crucial du fait du transfert des a\u00e9ronefs concern\u00e9s vers l\u2019Irak et Fallouja.<\/p>\n<p>On peut par ailleurs s\u2019interroger sur l\u2019efficacit\u00e9 de cette strat\u00e9gie \u00ab\u00a0D\u2019abord l\u2019Irak\u00a0\u00bb (<em>Iraq first<\/em>). Le tableau ci-dessous diffus\u00e9 par <a href=\"http:\/\/www.defense.gov\/News\/Special-Reports\/0814_Inherent-Resolve\">le Pentagone\u00a0<\/a>fait \u00e9tat de plus de cinq cents tanks et v\u00e9hicules blind\u00e9s de Daech d\u00e9truits au 31 mai 2016 par la coalition. Or les partisans de Baghdadi avaient saisi <a href=\"http:\/\/www.ibtimes.co.uk\/isis-seized-2300-armoured-vehicles-mosul-alone-reveals-iraqi-pm-1503773\">plus de 2300 blind\u00e9s divers dans la seule ville de Mossoul en juin 2014, selon le Premier ministre irakien lui-m\u00eame.<\/a>\u00a0L\u2019arsenal jihadiste n\u2019a donc \u00e9t\u00e9 que tr\u00e8s relativement affaibli dans la perspective des batailles futures.<\/p>\n<p><a href=\"http:\/\/filiu.blog.lemonde.fr\/files\/2016\/08\/Operation-Inherent-Resolve-May31-2016.jpg\"><img fetchpriority=\"high\" decoding=\"async\" class=\"alignnone size-medium wp-image-367\" src=\"http:\/\/filiu.blog.lemonde.fr\/files\/2016\/08\/Operation-Inherent-Resolve-May31-2016-300x200.jpg\" sizes=\"(max-width: 300px) 100vw, 300px\" srcset=\"http:\/\/filiu.blog.lemonde.fr\/files\/2016\/08\/Operation-Inherent-Resolve-May31-2016-300x200.jpg 300w, http:\/\/filiu.blog.lemonde.fr\/files\/2016\/08\/Operation-Inherent-Resolve-May31-2016-768x512.jpg 768w, http:\/\/filiu.blog.lemonde.fr\/files\/2016\/08\/Operation-Inherent-Resolve-May31-2016-900x600.jpg 900w, http:\/\/filiu.blog.lemonde.fr\/files\/2016\/08\/Operation-Inherent-Resolve-May31-2016.jpg 1023w\" alt=\"Operation-Inherent-Resolve-May31-2016\" width=\"300\" height=\"200\" \/><\/a><\/p>\n<p>Enfin, accorder la priorit\u00e9 \u00e0 l\u2019Irak sur la Syrie est ne rien comprendre \u00e0 la dynamique de recrutement international de Daech, dont la Syrie, et non l\u2019Irak, est le moteur. Alors m\u00eame que le monde entier se dit mobilis\u00e9 contre Daech, les \u00ab\u00a0mont\u00e9es au jihad\u00a0\u00bb se poursuivent depuis les cinq continents \u00e0 destination de la Syrie. Le couloir qui m\u00e8ne les combattants jihadistes de la fronti\u00e8re turque \u00e0 Raqqa aurait d\u00fb \u00eatre la cible prioritaire de la coalition. Au contraire, elle a laiss\u00e9 les r\u00e9volutionnaires locaux, arabes et sunnites, <a href=\"http:\/\/filiu.blog.lemonde.fr\/2016\/06\/02\/une-bataille-contre-daech-peut-en-cacher-une-autre\/\">sans soutien ext\u00e9rieur face \u00e0 une offensive de Daech<\/a>\u00a0pour consolider ce corridor strat\u00e9gique (en rouge fonc\u00e9 sur la carte ci-dessous du Pentagone).<\/p>\n<p><a href=\"http:\/\/filiu.blog.lemonde.fr\/files\/2016\/08\/Screen-Shot-2016-06-01-at-9.22.17-AM.png\"><img decoding=\"async\" class=\"alignnone size-medium wp-image-371\" src=\"http:\/\/filiu.blog.lemonde.fr\/files\/2016\/08\/Screen-Shot-2016-06-01-at-9.22.17-AM-300x238.png\" sizes=\"(max-width: 300px) 100vw, 300px\" srcset=\"http:\/\/filiu.blog.lemonde.fr\/files\/2016\/08\/Screen-Shot-2016-06-01-at-9.22.17-AM-300x238.png 300w, http:\/\/filiu.blog.lemonde.fr\/files\/2016\/08\/Screen-Shot-2016-06-01-at-9.22.17-AM-768x608.png 768w, http:\/\/filiu.blog.lemonde.fr\/files\/2016\/08\/Screen-Shot-2016-06-01-at-9.22.17-AM-1024x811.png 1024w, http:\/\/filiu.blog.lemonde.fr\/files\/2016\/08\/Screen-Shot-2016-06-01-at-9.22.17-AM-900x713.png 900w, http:\/\/filiu.blog.lemonde.fr\/files\/2016\/08\/Screen-Shot-2016-06-01-at-9.22.17-AM.png 1450w\" alt=\"Screen Shot 2016-06-01 at 9.22.17 AM\" width=\"300\" height=\"238\" \/><\/a><\/p>\n<p><strong>MENSONGES SUR LES ALLIANCES<\/strong><\/p>\n<p>Ces mensonges sur les priorit\u00e9s correspondent \u00e0 des mensonges sur les alliances. Les forces sp\u00e9ciales am\u00e9ricaines ont fait depuis longtemps en Syrie le choix d\u2019une collaboration avec la branche locale du PKK, le Parti des Travailleurs du Kurdistan, pourtant en guerre ouverte avec le pouvoir turc depuis plus d\u2019un an. La gu\u00e9rilla kurde a constitu\u00e9 le noyau dur et la hi\u00e9rarchie op\u00e9rationnelle des Forces d\u00e9mocratiques syriennes (FDS), qui se sont \u00e9toff\u00e9es de milices suppl\u00e9tives arabes.<\/p>\n<p>La r\u00e9cente prise de Manbij par les FDS repr\u00e9sente un incontestable succ\u00e8s contre Daech. Mais la population, arabe et sunnite, malgr\u00e9 son soulagement, s\u2019inqui\u00e8te des vis\u00e9es \u00e0 long terme sur la ville de ceux qu\u2019elle appelle \u00ab\u00a0les Kurdes\u00a0\u00bb. Elle les accuse d\u00e9j\u00e0 d\u2019avoir <a href=\"http:\/\/www.lemonde.fr\/syrie\/article\/2016\/08\/17\/syrie-la-ville-de-manbij-panse-difficilement-ses-plaies_4984103_1618247.html?xtmc=manbij&amp;xtcr=1\">fourni des coordonn\u00e9es GPS erron\u00e9es aux bombardiers am\u00e9ricains<\/a>, ce qui expliquerait le niveau effarant des pertes inflig\u00e9es dans la population civile. On rappellera que la victoire kurde de Tall Abyad, prise \u00e0 Daech au d\u00e9but de l\u2019\u00e9t\u00e9 2015, s\u2019\u00e9tait accompagn\u00e9e d\u2019une v\u00e9ritable <a href=\"http:\/\/www.amnesty.fr\/Nos-campagnes\/Crises-et-conflits-armes\/Actualites\/Nord-de-la-Syrie-destructions-de-villages-et-deplacements-forces-16439?prehome=0\">\u00abpurification ethnique\u00bb<\/a> \u00e0 l\u2019encontre des populations non kurdes.<\/p>\n<p>Enfin, Washington continue \u00e0 coordonner en Syrie ses frappes avec la Russie et a sans doute \u00e9t\u00e9 pr\u00e9venue \u00e0 l\u2019avance des r\u00e9cents bombardements russes men\u00e9s \u00e0 partir du territoire iranien. Un <a href=\"https:\/\/www.washingtonpost.com\/r\/2010-2019\/WashingtonPost\/2016\/07\/13\/Editorial-Opinion\/Graphics\/terms_of_reference_for_the_Joint_Implementation_Group.pdf?tid=a_inl\">accord plus formel entre Washington et Moscou<\/a> est toujours sur la table.\u00a0Un humanitaire britannique, actif sur le terrain \u00e0 Alep, met en garde contre le <a href=\"https:\/\/theintercept.com\/2016\/08\/15\/aid-worker-in-aleppo-says-joint-u-s-russian-airstrikes-would-be-diabolical\/\">caract\u00e8re \u00ab\u00a0diabolique\u00a0\u00bb d\u2019\u00e9ventuelles frappes conjointes <\/a>des Etats-Unis et de la Russie contre le nord de la Syrie.\u00a0Washington vient d\u2019ailleurs de donner des gages \u00e0 Moscou en contraignant <a href=\"http:\/\/understandingwar.org\/sites\/default\/files\/August12-18%20EDITS%20COT_0.pdf\">les forces anti-Assad \u00e0 suspendre leur offensive contre Sheikh Miskeen,<\/a> dans la province m\u00e9ridionale de Deraa.<\/p>\n<p><strong>Le futur locataire de la Maison blanche h\u00e9ritera d\u2019une situation calamiteuse face \u00e0 Daech. Il ou elle sera contraint, avant de pouvoir concevoir et mettre en \u0153uvre une politique anti-jihadiste digne de ce nom, de d\u00e9m\u00ealer le vrai du faux dans l\u2019accumulation de mensonges d\u2019Etat cautionn\u00e9s par Obama. La t\u00e2che s\u2019annonce rude.<\/strong><\/p>\n<p><a href=\"http:\/\/filiu.blog.lemonde.fr\/2016\/08\/19\/comment-lamerique-dobama-ment-sur-la-menace-jihadiste\/\"><strong>Le Monde<\/strong><\/a><\/p>\n<\/div>\n","protected":false},"excerpt":{"rendered":"<p>Barack Obama persiste \u00e0 falsifier la r\u00e9alit\u00e9 des faits au Moyen-Orient avec la m\u00eame impudeur que son pr\u00e9d\u00e9cesseur l\u2019avait fait pour justifier en 2003 la d\u00e9sastreuse invasion de l\u2019Irak. Le pr\u00e9sident am\u00e9ricain intoxique le monde entier sur l\u2019\u00e9tat effectif de la menace jihadiste afin de justifier une politique pourtant d\u00e9faillante. La commission du renseignement de<\/p>\n","protected":false},"author":347,"featured_media":14204,"comment_status":"open","ping_status":"open","sticky":false,"template":"","format":"standard","meta":{"_uf_show_specific_survey":0,"_uf_disable_surveys":false,"footnotes":""},"categories":[25],"tags":[],"class_list":{"0":"post-14201","1":"post","2":"type-post","3":"status-publish","4":"format-standard","5":"has-post-thumbnail","7":"category-decryptages"},"aioseo_notices":[],"_links":{"self":[{"href":"https:\/\/middleeasttransparent.com\/fr\/wp-json\/wp\/v2\/posts\/14201","targetHints":{"allow":["GET"]}}],"collection":[{"href":"https:\/\/middleeasttransparent.com\/fr\/wp-json\/wp\/v2\/posts"}],"about":[{"href":"https:\/\/middleeasttransparent.com\/fr\/wp-json\/wp\/v2\/types\/post"}],"author":[{"embeddable":true,"href":"https:\/\/middleeasttransparent.com\/fr\/wp-json\/wp\/v2\/users\/347"}],"replies":[{"embeddable":true,"href":"https:\/\/middleeasttransparent.com\/fr\/wp-json\/wp\/v2\/comments?post=14201"}],"version-history":[{"count":0,"href":"https:\/\/middleeasttransparent.com\/fr\/wp-json\/wp\/v2\/posts\/14201\/revisions"}],"wp:featuredmedia":[{"embeddable":true,"href":"https:\/\/middleeasttransparent.com\/fr\/wp-json\/wp\/v2\/media\/14204"}],"wp:attachment":[{"href":"https:\/\/middleeasttransparent.com\/fr\/wp-json\/wp\/v2\/media?parent=14201"}],"wp:term":[{"taxonomy":"category","embeddable":true,"href":"https:\/\/middleeasttransparent.com\/fr\/wp-json\/wp\/v2\/categories?post=14201"},{"taxonomy":"post_tag","embeddable":true,"href":"https:\/\/middleeasttransparent.com\/fr\/wp-json\/wp\/v2\/tags?post=14201"}],"curies":[{"name":"wp","href":"https:\/\/api.w.org\/{rel}","templated":true}]}}