{"id":141109,"date":"2015-03-26T12:50:00","date_gmt":"2015-03-26T11:50:00","guid":{"rendered":"https:\/\/middleeasttransparent.com\/table-ronde-patrimoine-des-chretiens-dorient\/"},"modified":"2024-01-23T13:57:25","modified_gmt":"2024-01-23T12:57:25","slug":"table-ronde-patrimoine-des-chretiens-dorient","status":"publish","type":"post","link":"https:\/\/middleeasttransparent.com\/fr\/table-ronde-patrimoine-des-chretiens-dorient\/","title":{"rendered":"Table ronde: \u00ab Patrimoine des chr\u00e9tiens d\u2019Orient \u00bb"},"content":{"rendered":"<p><strong>Table ronde \u00e0 l\u2019Institut du monde arabe : \u00ab Patrimoine des chr\u00e9tiens d\u2019Orient : une richesse \u00e0 faire conna\u00eetre \u00bb<\/strong><\/p>\n<p><strong>Mercredi 15 avril 2015 \u00e0 18h30<br \/>\n<\/strong><\/p>\n<p><strong>Irak, Turquie, Arm\u00e9nie, Yemen &#8230;<br \/>\n<\/strong><\/p>\n<p><img5050|center><\/p>\n<p>De la r\u00e9novation du monast\u00e8re du Tur Abdin \u00e0 l\u2019enseignement de la langue arm\u00e9nienne dans la diaspora, de la sauvegarde des manuscrits syriaques devant l\u2019avanc\u00e9e de DAESH aux d\u00e9couvertes arch\u00e9ologiques comme celle d\u2019une grande \u00e9glise \u00e0 Sanaa, au Y\u00e9men, au sud de la p\u00e9ninsule arabique, le patrimoine chr\u00e9tien en Orient constitue un t\u00e9moin irrempla\u00e7able de la diversit\u00e9 des cultures au Proche et au Moyen-Orient. Comment prot\u00e9ger et le mettre en valeur ce Patrimoine dans un Moyen-Orient en \u00e9bullition ?<\/p>\n<p>A l\u2019heure o\u00f9 des sites historiques, des monuments, des \u0153uvres \u2026 sont d\u00e9truits en Irak et en Syrie, Mgr Pascal Gollnisch appelle la communaut\u00e9 internationale \u00e0 ce que soit institu\u00e9e la notion de \u00ab crime culturel contre l\u2019humanit\u00e9 \u00bb.<\/p>\n<p>L\u2019\u0152uvre d\u2019Orient, association de soutien aux chr\u00e9tiens d\u2019Orient depuis 1856, souhaite agir pour faire conna\u00eetre et conserver ce patrimoine.<\/p>\n<p>*     <strong>PROGRAMME<\/strong> :<\/p>\n<p><strong>Introduction de Mgr Gollnisch, Directeur G\u00e9n\u00e9ral de l\u2019\u0152uvre d\u2019Orient<\/strong><\/p>\n<p>\u00b7         <strong>Tur Abdin<\/strong> : la mosa\u00efque des confins, bilan d&rsquo;une sauvegarde&#8230;<\/p>\n<p><strong>Patrick Blanc<\/strong> : directeur de l\u2019Atelier de conservation et de restauration du Mus\u00e9e d\u00e9partemental Arles antique<\/p>\n<p><strong>Alain Desreumaux<\/strong>, Directeur de recherche au CNRS, Pr\u00e9sident de la Soci\u00e9t\u00e9 d&rsquo;\u00e9tudes syriaques<\/p>\n<p>\u00b7         <strong>La grande \u00e9glise \u00e0 Sanaa, au Y\u00e9men, au sud de la p\u00e9ninsule arabique<br \/>\n<\/strong><\/p>\n<p><strong>Christian Darles<\/strong> : Architecte-Arch\u00e9ologue, Professeur \u00e9m\u00e9rite \u00e0 l\u2019\u00c9cole Nationale Sup\u00e9rieure d&rsquo;Architecture de Toulouse<\/p>\n<p><strong>Christian Robin<\/strong> : membre de l\u2019Institut, CNRS<\/p>\n<p><strong>\u00b7         Pr\u00e9servation du patrimoine linguistique dans la diaspora arm\u00e9nienne<br \/>\n<\/strong><\/p>\n<p><strong>Anahide Terminassian<\/strong> : Ma\u00eetre de Conf\u00e9rences \u00e9m\u00e9rite de l&rsquo;Universit\u00e9 de Paris I- Sorbonne<\/p>\n<p>\u00b7         I<strong>rak. Manuscrits chr\u00e9tiens sauv\u00e9s<\/strong> : l&rsquo;histoire fabuleuse d&rsquo;une mission hors du commun<\/p>\n<p><strong>Fr Najeeb Michael<\/strong>, o.p., dominicain, fondateur du Centre num\u00e9rique des Manuscrits orientaux<\/p>\n<p>Le d\u00e9bat sera anim\u00e9 par <strong>S\u00e9bastien de Courtois<\/strong>, \u00e9crivain, historien et journaliste \u00e0 France Culture; sp\u00e9cialiste du christianisme oriental.<\/p>\n<p><strong>Date : Mercredi 15 avril 2015 de 18h30 \u00e0 21h30 dans le cadre des Jeudis de l\u2019IMA.<br \/>\n<\/strong><\/p>\n<p>Lieu : Institut du monde arabe, 1 rue des Foss\u00e9s Saint-Bernard 75005 Paris, Salle de l\u2019Auditorium (-2).<\/p>\n<p>Entr\u00e9e libre, dans la limite des places disponibles.<\/p>\n<p>Toutes les informations sur www.oeuvre-orient.fr<\/p>\n","protected":false},"excerpt":{"rendered":"<p>Table ronde \u00e0 l\u2019Institut du monde arabe : \u00ab Patrimoine des chr\u00e9tiens d\u2019Orient : une richesse \u00e0 faire conna\u00eetre \u00bb Mercredi 15 avril 2015 \u00e0 18h30 Irak, Turquie, Arm\u00e9nie, Yemen &#8230; De la r\u00e9novation du monast\u00e8re du Tur Abdin \u00e0 l\u2019enseignement de la langue arm\u00e9nienne dans la diaspora, de la sauvegarde des manuscrits syriaques devant<\/p>\n","protected":false},"author":1,"featured_media":0,"comment_status":"closed","ping_status":"closed","sticky":false,"template":"","format":"standard","meta":{"_uf_show_specific_survey":0,"_uf_disable_surveys":false,"footnotes":""},"categories":[],"tags":[],"class_list":["post-141109","post","type-post","status-publish","format-standard"],"aioseo_notices":[],"_links":{"self":[{"href":"https:\/\/middleeasttransparent.com\/fr\/wp-json\/wp\/v2\/posts\/141109","targetHints":{"allow":["GET"]}}],"collection":[{"href":"https:\/\/middleeasttransparent.com\/fr\/wp-json\/wp\/v2\/posts"}],"about":[{"href":"https:\/\/middleeasttransparent.com\/fr\/wp-json\/wp\/v2\/types\/post"}],"author":[{"embeddable":true,"href":"https:\/\/middleeasttransparent.com\/fr\/wp-json\/wp\/v2\/users\/1"}],"replies":[{"embeddable":true,"href":"https:\/\/middleeasttransparent.com\/fr\/wp-json\/wp\/v2\/comments?post=141109"}],"version-history":[{"count":0,"href":"https:\/\/middleeasttransparent.com\/fr\/wp-json\/wp\/v2\/posts\/141109\/revisions"}],"wp:attachment":[{"href":"https:\/\/middleeasttransparent.com\/fr\/wp-json\/wp\/v2\/media?parent=141109"}],"wp:term":[{"taxonomy":"category","embeddable":true,"href":"https:\/\/middleeasttransparent.com\/fr\/wp-json\/wp\/v2\/categories?post=141109"},{"taxonomy":"post_tag","embeddable":true,"href":"https:\/\/middleeasttransparent.com\/fr\/wp-json\/wp\/v2\/tags?post=141109"}],"curies":[{"name":"wp","href":"https:\/\/api.w.org\/{rel}","templated":true}]}}