{"id":141069,"date":"2015-03-16T20:50:36","date_gmt":"2015-03-16T19:50:36","guid":{"rendered":"https:\/\/middleeasttransparent.com\/au-coeur-des-tenebres\/"},"modified":"2024-01-23T13:57:21","modified_gmt":"2024-01-23T12:57:21","slug":"au-coeur-des-tenebres","status":"publish","type":"post","link":"https:\/\/middleeasttransparent.com\/fr\/au-coeur-des-tenebres\/","title":{"rendered":"Au c\u0153ur des t\u00e9n\u00e8bres&#8230;"},"content":{"rendered":"<p><em>\u00ab La croyance en une origine surnaturelle du mal n&rsquo;est pas n\u00e9cessaire. Les hommes sont \u00e0 eux seuls capables des pires atrocit\u00e9s. \u00bb<\/em><\/p>\n<p>La phrase est de Joseph Conrad. <\/p>\n<p>Jamais citation n&rsquo;a sonn\u00e9 aussi juste. Depuis, en tout cas, que les pirates de Daech, ces anomalies de la modernit\u00e9, s\u00e9vissent en Syrie, exterminant toute forme de culture, de civilisation et d&rsquo;humanit\u00e9. Ou depuis que Kassem Suleimani et ses hordes perses frappent aux portes des grandes villes arabes, habit\u00e9s par le spectre des Cyrus, Darius et autres Xerx\u00e8s. Ou encore depuis que Atef Negib et les s\u00e9ides de Bachar ont arrach\u00e9 les ongles et tortur\u00e9 ces jeunes gar\u00e7ons du clan Abazid \u00e0 Deraa, avant de plonger la Syrie \u00e0 feu et \u00e0 sang. Depuis la guerre de Gaza, aussi, et les crimes commis par Netanyahu, le nouveau grand C\u00e9sar de Washington, et ses pr\u00e9d\u00e9cesseurs, contre les peuples palestinien et libanais. Depuis l&rsquo;assassinat de Rafic Hariri \u2013 ou encore celui de Kamal Joumblatt. Ou \u00e9tait-ce celui de S\u00e9lim Laouzi ? Je ne sais plus&#8230;<\/p>\n<p>Je pourrais continuer longuement comme \u00e7a, et remonter tr\u00e8s loin dans le temps, jusque avant ma naissance, pour v\u00e9rifier la justesse de ces mots. Jusqu&rsquo;\u00e0 l&rsquo;origine du monde, m\u00eame. Tiens, cela me mettrait, pour une fraction de seconde, en phase avec l&rsquo;id\u00e9ologie mahdiste et jihadiste. Le waliy el-faqih et le nouveau calife seraient si fiers de moi&#8230;<\/p>\n<p>Plus le temps passe et plus je me rends compte combien l&rsquo;id\u00e9e d&rsquo;un esprit du mal ext\u00e9rieur n&rsquo;est, en d\u00e9finitive, qu&rsquo;un justificatif invoqu\u00e9 par les hommes pour justifier leur soif inalt\u00e9rable de sang et de violence.<\/p>\n<p>\u00ab Tous les hommes sont fr\u00e8res, et, comme tels, savent trop de choses sur leur compte r\u00e9ciproque. \u00bb Encore Conrad. Comme il a raison.<\/p>\n<p>On ne s&rsquo;\u00e9tonnera gu\u00e8re que je sois d&rsquo;humeur sombre, apocalyptique. Comment pourrait-il en \u00eatre autrement ?<\/p>\n<p>De la r\u00e9volution du C\u00e8dre, hormis quelques slogans creux, et le souvenir, imp\u00e9rissable, de personnalit\u00e9s exceptionnelles, il ne reste plus qu&rsquo;un r\u00eave, merveilleux, magnifique. La violence a tout emport\u00e9. Sauf, peut-\u00eatre, quelques images inoubliables de pur bonheur, \u00e0 l&rsquo;instar de la r\u00e9conciliation de la Montagne avec le patriarche maronite, Mgr Nasrallah Sfeir, en ao\u00fbt 2001, et de la foule citoyenne rassembl\u00e9e le 14 mars 2005. Probablement, aussi, la chute des statues du despote, artificiellement \u00e9rig\u00e9es par le pouvoir tyrannique un peu partout au Liban, comme en Syrie.<\/p>\n<p>Oh, il s&rsquo;en trouvera certes toujours quelques-uns, ici et l\u00e0, qui, au nom d&rsquo;une \u00e9thique douteuse, pour se pr\u00e9cipiter au chevet de leurs anciens tortionnaires, qui n&rsquo;ont pas ch\u00f4m\u00e9 depuis le 15 mars 2011 dans leur r\u00f4le de bourreau de premi\u00e8re cat\u00e9gorie, mais qu&rsquo;importe ? Ils font \u00e9cho \u00e0 ce quatuor de parlementaires qui, se prenant pour de nouveaux Charlie Wilson, ont pris sans vergogne le chemin de Damas au nom de la \u00ab lutte contre le terrorisme \u00bb. Les images des femmes et des enfants ensevelis sous les d\u00e9bris, victimes des barils d&rsquo;explosifs, \u00e9touffant du fait des attaques chimiques, ou photographi\u00e9s, les corps mutil\u00e9s comme \u00e0 Auschwitz, par C\u00e9sar, ne les ont pas emp\u00each\u00e9s de dormir. Chez certaines petites gens atteints d&rsquo;une c\u00e9cit\u00e9 volontaire incurable, le fantasme de (Ba)Charles Martel a la vie dure.<\/p>\n<p>En d\u00e9pit des t\u00e9n\u00e8bres qui n&rsquo;ont cess\u00e9 de s&rsquo;\u00e9paissir, depuis dix ans, je reste attach\u00e9 \u00e0 la beaut\u00e9. Je ne renoncerai pas au souvenir du vieux Alep. Je ne renoncerai pas aux promesses du printemps de Beyrouth et de Damas, voire de tout le printemps arabe. \u00c0 la bonhommie de Rafic Hariri. \u00c0 la fougue de Samir Kassir. \u00c0 la clairvoyance de Georges Haoui. \u00c0 l&rsquo;\u00e9loquence de Gebran Tu\u00e9ni. \u00c0 la jeunesse de Pierre Gemayel, et tous les autres.<\/p>\n<p>\u00ab Je reverrai ce spectre \u00e9loquent aussi longtemps que je vivrai, et je la reverrai, elle aussi, une Ombre tragique et famili\u00e8re, ressemblant dans ce geste \u00e0 une autre, tragique aussi, et orn\u00e9e d&rsquo;amulettes impuissantes, tendant la nudit\u00e9 de ses bras bruns par-dessus le scintillement du fleuve infernal, le fleuve des t\u00e9n\u00e8bres. Elle dit soudain tr\u00e8s bas, \u00bb Il est mort comme il a v\u00e9cu \u00ab \u00bb, \u00e9crit Conrad dans Au c\u0153ur des t\u00e9n\u00e8bres.<\/p>\n<p>Cette ombre, c&rsquo;est la libert\u00e9 des peuples arabes, la vraie, d\u00e9mocratique et pacifique. Mais elle finira indubitablement, au terme de ce sinistre voyage au bout de l&rsquo;enfer, par triompher.<\/p>\n<p>La lumi\u00e8re finira par entrer, \u00e0 travers les fissures des c\u0153urs implos\u00e9s, car, comme le disait le po\u00e8te argentin Homero Exp\u00f3sito, \u00ab c&rsquo;est avec des r\u00eaves en morceaux qu&rsquo;on descend, comme tout le monde, le fleuve de la vie&#8230; \u00bb<\/p>\n<p><a href=\"http:\/\/www.lorientlejour.com\/article\/915918\/une-semaine-un-theme-2-les-revolutions-de-mars.html\">L&rsquo;Orient-Le Jour<\/a><\/p>\n","protected":false},"excerpt":{"rendered":"<p>\u00ab La croyance en une origine surnaturelle du mal n&rsquo;est pas n\u00e9cessaire. Les hommes sont \u00e0 eux seuls capables des pires atrocit\u00e9s. \u00bb La phrase est de Joseph Conrad. Jamais citation n&rsquo;a sonn\u00e9 aussi juste. Depuis, en tout cas, que les pirates de Daech, ces anomalies de la modernit\u00e9, s\u00e9vissent en Syrie, exterminant toute forme<\/p>\n","protected":false},"author":1,"featured_media":0,"comment_status":"closed","ping_status":"closed","sticky":false,"template":"","format":"standard","meta":{"_uf_show_specific_survey":0,"_uf_disable_surveys":false,"footnotes":""},"categories":[],"tags":[],"class_list":["post-141069","post","type-post","status-publish","format-standard"],"aioseo_notices":[],"_links":{"self":[{"href":"https:\/\/middleeasttransparent.com\/fr\/wp-json\/wp\/v2\/posts\/141069","targetHints":{"allow":["GET"]}}],"collection":[{"href":"https:\/\/middleeasttransparent.com\/fr\/wp-json\/wp\/v2\/posts"}],"about":[{"href":"https:\/\/middleeasttransparent.com\/fr\/wp-json\/wp\/v2\/types\/post"}],"author":[{"embeddable":true,"href":"https:\/\/middleeasttransparent.com\/fr\/wp-json\/wp\/v2\/users\/1"}],"replies":[{"embeddable":true,"href":"https:\/\/middleeasttransparent.com\/fr\/wp-json\/wp\/v2\/comments?post=141069"}],"version-history":[{"count":0,"href":"https:\/\/middleeasttransparent.com\/fr\/wp-json\/wp\/v2\/posts\/141069\/revisions"}],"wp:attachment":[{"href":"https:\/\/middleeasttransparent.com\/fr\/wp-json\/wp\/v2\/media?parent=141069"}],"wp:term":[{"taxonomy":"category","embeddable":true,"href":"https:\/\/middleeasttransparent.com\/fr\/wp-json\/wp\/v2\/categories?post=141069"},{"taxonomy":"post_tag","embeddable":true,"href":"https:\/\/middleeasttransparent.com\/fr\/wp-json\/wp\/v2\/tags?post=141069"}],"curies":[{"name":"wp","href":"https:\/\/api.w.org\/{rel}","templated":true}]}}