{"id":140810,"date":"2015-02-26T21:51:07","date_gmt":"2015-02-26T20:51:07","guid":{"rendered":"https:\/\/middleeasttransparent.com\/bachir-hilal-un-combattant-de-la-liberte\/"},"modified":"2024-01-23T13:57:15","modified_gmt":"2024-01-23T12:57:15","slug":"bachir-hilal-un-combattant-de-la-liberte-2","status":"publish","type":"post","link":"https:\/\/middleeasttransparent.com\/fr\/bachir-hilal-un-combattant-de-la-liberte-2\/","title":{"rendered":"Bachir Hilal, un combattant de la libert\u00e9"},"content":{"rendered":"<p><strong>Peu de Libanais et de Syriens \u00e9tablis \u00e0 Paris ne connaissent pas Bachir Hilal, l&rsquo;\u00e9crivain libanais qui nous a quitt\u00e9s lundi dernier. Il \u00e9tait arriv\u00e9 en France apr\u00e8s le d\u00e9clenchement de la guerre libanaise et il \u00e9tait \u00e0 l&rsquo;\u00e9poque l&rsquo;un des avocats de gauche sortis des rangs du Parti communiste.<br \/>\n<\/strong><\/p>\n<p>D\u00e8s son installation en France, et tout au long des ann\u00e9es 80, Hilal a particip\u00e9 \u00e0 plus d&rsquo;une campagne contre la guerre et la violence communautaire. Il a adh\u00e9r\u00e9 \u00e0 plus d&rsquo;un club culturel, et dans les ann\u00e9es 90, son nom a \u00e9t\u00e9 li\u00e9 \u00e0 une biblioth\u00e8que de la rue cardinal Lemoine, dans le 5e arrondissement de Paris. Il a dirig\u00e9 cette biblioth\u00e8que qu&rsquo;il a transform\u00e9e en lieu de rencontre pour les intellectuels libanais, syriens, palestiniens et irakiens.<\/p>\n<p>En 2004, Hilal a particip\u00e9 au lancement du mouvement de la Gauche d\u00e9mocratique et c&rsquo;est dans ce cadre qu&rsquo;il a suivi de pr\u00e8s l&rsquo;intifada de l&rsquo;ind\u00e9pendance en mars 2005. Sa biblioth\u00e8que s&rsquo;est transform\u00e9e alors en centre de r\u00e9unions et de d\u00e9bats. Apr\u00e8s l&rsquo;assassinat de Samir Kassir, cette biblioth\u00e8que a vu la fondation, par nombre d&rsquo;hommes de lettres libanais, syriens et fran\u00e7ais, de l&rsquo;Association des amis de Samir Kassir qui a organis\u00e9 des causeries et des marches pacifiques en hommage \u00e0 l&rsquo;historien et au journaliste martyr.<\/p>\n<p>Entre 2006 et 2010, Bachir Hilal a particip\u00e9 \u00e0 toutes les rencontres et tous les sit-in pour la d\u00e9fense de la libert\u00e9 au Liban. Il a \u00e9galement particip\u00e9 dans la capitale fran\u00e7aise \u00e0 toutes les activit\u00e9s de l&rsquo;opposition syrienne, ayant alors pour porte-\u00e9tendard la \u00ab d\u00e9claration de Damas \u00bb. Avec le d\u00e9clenchement de la r\u00e9volution syrienne en mars 2011, Bachir Hilal a \u00e9t\u00e9 constamment aux c\u00f4t\u00e9s des Syriens dans leurs activit\u00e9s parisiennes, dans leur dialogue et leurs \u00e9changes, dont il appr\u00e9ciait la vitalit\u00e9, estimant que celle-ci compensait le recul de la vitalit\u00e9 de l&rsquo;action publique libanaise.<\/p>\n<p>Bachir Hilal a \u00e9crit des dizaines d&rsquo;articles dans la presse arabe, notamment dans le quotidien al-Hayat. Il diffusait en outre ses commentaires politiques et ses sentiments litt\u00e9raires sur les r\u00e9seaux sociaux.<\/p>\n<p>Au cours des derniers mois qui ont pr\u00e9c\u00e9d\u00e9 son d\u00e9c\u00e8s subit \u2013 des suites d&rsquo;une maladie dont il n&rsquo;avait fait \u00e9tat \u00e0 personne \u2013 il avait convaincu des intellectuels libanais d&rsquo;initier une p\u00e9tition politique, appel\u00e9e \u00e0 prendre une ampleur populaire, pour r\u00e9clamer le retrait du Hezbollah de Syrie, comme condition \u00e0 l&rsquo;amorce d&rsquo;un dialogue national visant \u00e0 pr\u00e9munir le pays des dangers n\u00e9s de la participation du parti libanais aux combats contre les Syriens.<\/p>\n<p>Bachir Hilal illustrait la culture de la citoyennet\u00e9 et de la la\u00efcit\u00e9 libanaise. Son lib\u00e9ralisme politique n&rsquo;\u00e9tait pas incompatible avec son background gauchiste. La justice sociale et les droits de l&rsquo;homme \u00e9taient au centre de son combat et dictaient son comportement \u00e9lectoral en France. Dans le m\u00eame temps, il avait \u00e9tabli un \u00e9quilibre entre sa citoyennet\u00e9 libanaise, dont il avait d\u00e9couvert les fondements au cours de son exil, et son soutien aux causes arabo-palestiniennes, et notamment syriennes, qui lui permettaient de s&rsquo;engager dans les questions en rapport avec la lib\u00e9ration et la d\u00e9mocratie.<\/p>\n<p>Bachir Hilal nous a quitt\u00e9s \u00e0 Paris, en silence. Son \u00e9pouse Nadia et ses fils Salam et Jad, ainsi que nombre de Libanais et de Syriens de diff\u00e9rentes g\u00e9n\u00e9rations se sont rassembl\u00e9s autour de son lit, pour le dernier adieu \u00e0 un citoyen exemplaire qui m\u00e9ritait de vivre longuement dans une patrie libre, parmi ses concitoyens.<\/p>\n<p><a href=\"http:\/\/www.lorientlejour.com\/article\/912882\/bachir-hilal-un-combattant-de-la-liberte.html\">L&rsquo;Orient Le Jour<\/a><\/p>\n","protected":false},"excerpt":{"rendered":"<p>Peu de Libanais et de Syriens \u00e9tablis \u00e0 Paris ne connaissent pas Bachir Hilal, l&rsquo;\u00e9crivain libanais qui nous a quitt\u00e9s lundi dernier. Il \u00e9tait arriv\u00e9 en France apr\u00e8s le d\u00e9clenchement de la guerre libanaise et il \u00e9tait \u00e0 l&rsquo;\u00e9poque l&rsquo;un des avocats de gauche sortis des rangs du Parti communiste. D\u00e8s son installation en France,<\/p>\n","protected":false},"author":1,"featured_media":0,"comment_status":"closed","ping_status":"closed","sticky":false,"template":"","format":"standard","meta":{"_uf_show_specific_survey":0,"_uf_disable_surveys":false,"footnotes":""},"categories":[],"tags":[],"class_list":["post-140810","post","type-post","status-publish","format-standard"],"aioseo_notices":[],"_links":{"self":[{"href":"https:\/\/middleeasttransparent.com\/fr\/wp-json\/wp\/v2\/posts\/140810","targetHints":{"allow":["GET"]}}],"collection":[{"href":"https:\/\/middleeasttransparent.com\/fr\/wp-json\/wp\/v2\/posts"}],"about":[{"href":"https:\/\/middleeasttransparent.com\/fr\/wp-json\/wp\/v2\/types\/post"}],"author":[{"embeddable":true,"href":"https:\/\/middleeasttransparent.com\/fr\/wp-json\/wp\/v2\/users\/1"}],"replies":[{"embeddable":true,"href":"https:\/\/middleeasttransparent.com\/fr\/wp-json\/wp\/v2\/comments?post=140810"}],"version-history":[{"count":0,"href":"https:\/\/middleeasttransparent.com\/fr\/wp-json\/wp\/v2\/posts\/140810\/revisions"}],"wp:attachment":[{"href":"https:\/\/middleeasttransparent.com\/fr\/wp-json\/wp\/v2\/media?parent=140810"}],"wp:term":[{"taxonomy":"category","embeddable":true,"href":"https:\/\/middleeasttransparent.com\/fr\/wp-json\/wp\/v2\/categories?post=140810"},{"taxonomy":"post_tag","embeddable":true,"href":"https:\/\/middleeasttransparent.com\/fr\/wp-json\/wp\/v2\/tags?post=140810"}],"curies":[{"name":"wp","href":"https:\/\/api.w.org\/{rel}","templated":true}]}}