{"id":14043,"date":"2016-08-15T18:08:44","date_gmt":"2016-08-15T17:08:44","guid":{"rendered":"http:\/\/middleeasttransparent.com\/?p=14043"},"modified":"2016-12-10T21:32:49","modified_gmt":"2016-12-10T20:32:49","slug":"le-ministre-al-humoud-nous-allons-ouvrir-une-nouvelle-page-avec-les-organisations-internationales","status":"publish","type":"post","link":"https:\/\/middleeasttransparent.com\/fr\/le-ministre-al-humoud-nous-allons-ouvrir-une-nouvelle-page-avec-les-organisations-internationales\/","title":{"rendered":"Le ministre\u00a0 al Humoud: Nous allons ouvrir une nouvelle page avec les organisations internationales."},"content":{"rendered":"<h2 class=\"p1\"><span class=\"s1\">Le d\u00e9fi auquel nous sommes dor\u00e9navant confront\u00e9s est de savoir si nous pourrons r\u00e9ussir ou non<\/span><\/h2>\n<p class=\"p1\"><strong><span class=\"s1\">Par Bassem Abdel-Rahman, al-Rai du 13 ao\u00fbt 2016<\/span><\/strong><\/p>\n<p class=\"p1\"><span class=\"s1\">Le 11 ao\u00fbt dernier, le ministre de l\u2019Information et de la Jeunesse du Koweit, Cheikh Salman al Humoud<span class=\"Apple-converted-space\">\u00a0 <\/span>a inaugur\u00e9 la strat\u00e9gie de la commission g\u00e9n\u00e9rale de la Jeunesse et assurant que les jeunes Koweitiens ne se laisseront pas affecter par une suspension sportive, ni par des int\u00e9r\u00eats personnels.<\/span><\/p>\n<p class=\"p1\"><span class=\"s1\">Le dernier d\u00e9veloppement apr\u00e8s la suspension des activit\u00e9s sportives koweitiennes au niveau international, la victoire du Koweitien Fehaid Al-Deehani, qui a emport\u00e9 la m\u00e9daille d\u2019or olympique dans la comp\u00e9tition du double tir trap, a suscit\u00e9 de la part du ministre le commentaire suivant confi\u00e9 \u00e0 al-Rai\u00a0: \u00ab\u00a0Le gouvernement se pr\u00e9pare \u00e0 mettre en application la loi n\u00b0 34 qui permettra de tourner la page dans nos relations avec les organisations et les f\u00e9d\u00e9rations internationales. \u00ab\u00a0Il importe beaucoup, a ajout\u00e9 le ministre Al-Humoud, de faire \u00e9voluer le sport, car le d\u00e9veloppement et la r\u00e9forme de l\u2019activit\u00e9 sportive sont un devoir national que nous assumons, et dont le gouvernement est pleinement conscient. En effet, le sport ne se r\u00e9duit pas \u00e0 des comp\u00e9titions olympiques, c\u2019est un moyen important de d\u00e9velopper les soci\u00e9t\u00e9s dans tous les domaines. La dimension propre \u00e0 la jeunesse s\u2019exprime par la mobilisation de l\u2019ardeur et de l\u2019\u00e9nergie des jeunes dans des activit\u00e9s sportives importantes. Dans le pass\u00e9, les initiatives \u00e9taient nombreuses et les budgets importants, mais ils n\u2019ont pas permis d\u2019atteindre les objectifs requis.\u00a0\u00bb<\/span><\/p>\n<p class=\"p1\"><span class=\"s1\">Le ministre ajoute\u00a0: \u00ab\u00a0Avant qu\u2019on nous impose une suspension injustifi\u00e9e, la situation du sport koweitien n\u2019\u00e9tait pas satisfaisante, et les \u00e9quipements \u00e9taient dans un mauvais \u00e9tat. Les performances de nos \u00e9quipes, au niveau tant national que r\u00e9gional et international, n\u2019\u00e9tait pas \u00e0 la hauteur des investissements de l\u2019Etat\u00a0; ce qui nous a pouss\u00e9s \u00e0 d\u00e9velopper le sport pour tous, le sport de loisir et de d\u00e9tente, autant que le sport de comp\u00e9tition. Cela signifie que le probl\u00e8me d\u00e9passe de loin la question des financements.\u00a0\u00bb<\/span><\/p>\n<p class=\"p1\"><span class=\"s1\">Le ministre mart\u00e8le\u00a0: \u00ab\u00a0Nous ne passerons pas notre temps \u00e0 nous battre pour des si\u00e8ges et des positions. Ce qui nous int\u00e9resse particuli\u00e8rement est d\u2019inscrire la vision de l\u2019avenir sportif telle que la d\u00e9fend le Conseil des ministres, dans un plan programmatique.\u00a0\u00bb Dans le m\u00eame temps seront respect\u00e9es les conventions internationales, la charte olympique, les r\u00e8gles sportives internationales,<span class=\"Apple-converted-space\">\u00a0 <\/span>communes. \u00ab\u00a0Cependant, ajoute Cheikh Al-Hammoud, nous sommes un Etat souverain, quant aux organisations internationales, elles ont leurs propres r\u00e8glements, et il n\u2019est pas acceptable que l\u2019une des parties impose son point de vue \u00e0 l\u2019autre partie.\u00a0\u00bb<\/span><\/p>\n<p class=\"p1\"><span class=\"s1\">Sur la suspension sportive contre le Koweit, le ministre consid\u00e8re qu\u2019elle a \u00e9t\u00e9 d\u00e9cid\u00e9e de fa\u00e7on injuste et sans raison claire. \u00ab\u00a0Nous avons tout fait pourtant. Nous nous sommes rendus \u00e0 Lausanne avec notre groupe d\u2019experts juridiques, mais en arrivant l\u00e0-bas, nous avons eu la surprise de d\u00e9couvrir que les points litigieux soulev\u00e9s, qui avaient \u00e9t\u00e9 adress\u00e9s depuis le Koweit, \u00e9taient erron\u00e9s.\u00a0\u00bb<\/span><\/p>\n<p class=\"p1\"><span class=\"s1\">Malgr\u00e9 cela, nous avons demand\u00e9 q\u2019une r\u00e9union se tienne avec nos experts, ce qui a \u00e9t\u00e9 refus\u00e9. Il fut alors d\u00e9cid\u00e9 la suspension ill\u00e9gitime de nos activit\u00e9s, le 17 octobre<span class=\"Apple-converted-space\">\u00a0 <\/span>par la Fifa et le 27 octobre par le Comit\u00e9 olympique international. Cependant, le Koweit tient \u00e0 conserver de bonnes relations et \u00e0 faire lever la suspension qui avait \u00e9t\u00e9 d\u00e9cr\u00e9t\u00e9e. \u00ab\u00a0Notre seul but est de faire appliquer la justice et lever la suspension sportive.\u00a0\u00bb<\/span><\/p>\n<p class=\"p1\"><span class=\"s1\"><b>Le ministre ajoute\u00a0: \u00ab\u00a0D\u00e8s le d\u00e9but, les repr\u00e9sentants de l\u2019Etat au sein des organisations et des f\u00e9d\u00e9rations internationales se sont parfaitement entendus avec leur gouvernement et ces organisations n\u2019ont pas r\u00e9ussi \u00e0 stopper l\u2019activit\u00e9 sportive koweitienne. Mais ce qui est anormal, c\u2019est que ce sont des gens de l\u2019int\u00e9rieur qui ont, pour des raisons personnelles, r\u00e9ussi \u00e0 retourner ces organisations contre le Koweit.<\/b> Il en r\u00e9sulta ce qu\u2019on voit aujourd\u2019hui\u00a0: nos sportifs ont \u00e9t\u00e9 priv\u00e9s de porter le drapeau du Koweit aux Olympiades de Rio de Janeiro. Il s\u2019agit l\u00e0 d\u2019une attitude bien \u00e9trange, d\u2019autant que les documents et les rapports que nous avons r\u00e9ussi \u00e0 obtenir et qui \u00e9taient adress\u00e9s aux organisations internationales et aux tribunaux sportifs suisses ( <span class=\"Apple-converted-space\">\u00a0 <\/span>) \u00e9taient des plaintes \u00e9crites et des documents exp\u00e9di\u00e9s du Koweit huit mois avant la suspension.\u00a0\u00bb<\/span><\/p>\n<p class=\"p1\"><span class=\"s1\">Le ministre exprime son \u00e9tonnement. \u00ab\u00a0Comment peut-on accuser le gouvernement d\u2019avoir \u0153uvr\u00e9 \u00e0 cette suspension\u00a0?\u00a0C\u2019est illogique\u2026 et injuste. Si nous ne mettons pas au premier plan l\u2019int\u00e9r\u00eat du Koweit, il n\u2019y aura pas de solution au probl\u00e8me. Nous souhaitons que soit confort\u00e9 et poursuivi ce que Fehaid Al-Deehani a r\u00e9alis\u00e9. La jeunesse koweitienne est bien plus forte qu\u2019une suspension ou que le jeu d\u2019int\u00e9r\u00eats personnels.\u00a0\u00bb<\/span><\/p>\n<p class=\"p1\"><span class=\"s1\">Et le ministre de conclure\u00a0: \u00ab\u00a0Le d\u00e9fi est aujourd\u2019hui de savoir si nous pouvons. Oui, nous pourrons\u00a0\u00bb.<\/span><\/p>\n","protected":false},"excerpt":{"rendered":"<p>Le d\u00e9fi auquel nous sommes dor\u00e9navant confront\u00e9s est de savoir si nous pourrons r\u00e9ussir ou non Par Bassem Abdel-Rahman, al-Rai du 13 ao\u00fbt 2016 Le 11 ao\u00fbt dernier, le ministre de l\u2019Information et de la Jeunesse du Koweit, Cheikh Salman al Humoud\u00a0 a inaugur\u00e9 la strat\u00e9gie de la commission g\u00e9n\u00e9rale de la Jeunesse et assurant<\/p>\n","protected":false},"author":87,"featured_media":14047,"comment_status":"open","ping_status":"open","sticky":false,"template":"","format":"standard","meta":{"_uf_show_specific_survey":0,"_uf_disable_surveys":false,"footnotes":""},"categories":[361],"tags":[],"class_list":{"0":"post-14043","1":"post","2":"type-post","3":"status-publish","4":"format-standard","5":"has-post-thumbnail","7":"category-sport-international"},"aioseo_notices":[],"_links":{"self":[{"href":"https:\/\/middleeasttransparent.com\/fr\/wp-json\/wp\/v2\/posts\/14043","targetHints":{"allow":["GET"]}}],"collection":[{"href":"https:\/\/middleeasttransparent.com\/fr\/wp-json\/wp\/v2\/posts"}],"about":[{"href":"https:\/\/middleeasttransparent.com\/fr\/wp-json\/wp\/v2\/types\/post"}],"author":[{"embeddable":true,"href":"https:\/\/middleeasttransparent.com\/fr\/wp-json\/wp\/v2\/users\/87"}],"replies":[{"embeddable":true,"href":"https:\/\/middleeasttransparent.com\/fr\/wp-json\/wp\/v2\/comments?post=14043"}],"version-history":[{"count":0,"href":"https:\/\/middleeasttransparent.com\/fr\/wp-json\/wp\/v2\/posts\/14043\/revisions"}],"wp:featuredmedia":[{"embeddable":true,"href":"https:\/\/middleeasttransparent.com\/fr\/wp-json\/wp\/v2\/media\/14047"}],"wp:attachment":[{"href":"https:\/\/middleeasttransparent.com\/fr\/wp-json\/wp\/v2\/media?parent=14043"}],"wp:term":[{"taxonomy":"category","embeddable":true,"href":"https:\/\/middleeasttransparent.com\/fr\/wp-json\/wp\/v2\/categories?post=14043"},{"taxonomy":"post_tag","embeddable":true,"href":"https:\/\/middleeasttransparent.com\/fr\/wp-json\/wp\/v2\/tags?post=14043"}],"curies":[{"name":"wp","href":"https:\/\/api.w.org\/{rel}","templated":true}]}}