{"id":140414,"date":"2014-12-27T22:43:05","date_gmt":"2014-12-27T21:43:05","guid":{"rendered":"https:\/\/middleeasttransparent.com\/yusuf-kanli-daesh-malheureusement-a-ete-une-maladie-des-societes-arabes-musulmanes-depuis-des-siecles\/"},"modified":"2024-01-23T13:54:01","modified_gmt":"2024-01-23T12:54:01","slug":"yusuf-kanli-daesh-malheureusement-a-ete-une-maladie-des-societes-arabes-musulmanes-depuis-des-siecles","status":"publish","type":"post","link":"https:\/\/middleeasttransparent.com\/fr\/yusuf-kanli-daesh-malheureusement-a-ete-une-maladie-des-societes-arabes-musulmanes-depuis-des-siecles\/","title":{"rendered":"Yusuf Kanli: Daesh, malheureusement, a \u00e9t\u00e9 une maladie des soci\u00e9t\u00e9s arabes musulmanes depuis des si\u00e8cles"},"content":{"rendered":"<p><strong>Propos recueillis par Pierre Akel<br \/>\n<\/strong><\/p>\n<p><em>Comment le boulversement de l\u2019Etat Islamique et la dislocation de la Syrie et de l&rsquo;Irak sont vus d&rsquo;une perspective turque. Discussion avec le journaliste du <em>Hurriyet Daily News<\/em>, Yusuf Kanli.<br \/>\n<\/em><\/p>\n<p><strong>Shaffaf- A quoi ressemble le Daesh\/ Etat Islamique en Irak et en Syrie vu de la Turquie ? Diriez-vous que c&rsquo;est plut\u00f4t un d\u00e9veloppement \u00ab\u00a0Islamique\u00a0\u00bb ou \u00ab\u00a0arabe\u00a0\u00bb (des Pays arabes comme \u00ab\u00a0des soci\u00e9t\u00e9s en panne\u00a0\u00bb ?) Votre avis sur ce nouveau ph\u00e9nom\u00e8ne ?<\/strong><\/p>\n<p><strong>Yusuf Kanli<\/strong>&#8211; Je dois dire nous avons deux Turquie sur cette question.<\/p>\n<p>Selon l&rsquo;approche la\u00efciste, le Jihadisme, le Salafisme ou Daesh, autrement dit \u00ab\u00a0l&rsquo;Islam radical\u00a0\u00bb, semblent \u00eatre totalement incompatibles avec l&rsquo;Islam puisqu\u2019il celui-ci enseigne que \u00ab tuer une personne est \u00e9quivalent au meurtre de l&rsquo;humanit\u00e9 enti\u00e8re \u00bb. En outre, non seulement l&rsquo;Islam mais toutes les religions monoth\u00e9istes soulignent un pr\u00e9cepte disant \u00ab\u00a0Vous ne tuerez pas\u00a0\u00bb. Du point de vue de la Turquie, Daesh semble \u00eatre une organisation barbare et dangereuse non seulement pour les non-musulmans, ou pour des soci\u00e9t\u00e9s de Musulmans non-sunnites comme les Nusayris ou les Alevis, mais pour la r\u00e9gion enti\u00e8re et la paix mondiale.<\/p>\n<p><strong>Quant \u00e0 la majorit\u00e9 sunnites de la Turquie, tandis que Daesh est publiquement un groupe \u00ab\u00a0inacceptable\u00a0\u00bb, en priv\u00e9 il y a de la sympathie et du soutien.<br \/>\n<\/strong><\/p>\n<p>C&rsquo;est en effet pourquoi Daesh a un nombre important de recrues en Turquie. Ce n&rsquo;est pas non plus un secret que des bureaux de recrutement de Daesh &#8211; les librairies Islamiques radicales \u2013 op\u00e8rent toujours dans le coeur d&rsquo;Ankara bien qu&rsquo;officiellement la Turquie ait finalement condamn\u00e9 le groupe comme une organisation terroriste. Cette approche hypocrite du gouvernement &#8211; qui, en effet, est souvent accus\u00e9e de vouloir cr\u00e9er une alliance Sunnite dans la r\u00e9gion &#8211; est devenue encore plus compliqu\u00e9e avec les attaques de Daesh sur Kobane ou Ayn Al-` l&rsquo;Arabe.  <\/p>\n<p>La population Kurde et beaucoup d&rsquo;Alevis, des intellectuels turcs non-Alevis et des gauchistes de la Turquie ont exig\u00e9 une intervention turque pour sauver la ville. Un tel mouvement signifierait que la Turquie entrerais en guerre avec la Syrie. Finalement, la Turquie a permis \u00e0 l\u2019arm\u00e9e nord irakienne de Peshmergas de voyager par le territoire turc \u00e0 Kobane, mais m\u00eame aujourd&rsquo;hui il y a des all\u00e9gations que certains \u00e9l\u00e9ments turcs locaux aideraient Daesh.<\/p>\n<p><strong>Daesh, malheureusement, a \u00e9t\u00e9 une maladie des soci\u00e9t\u00e9s arabes musulmanes depuis des si\u00e8cles. Mais le probl\u00e8me actuel est un sous-produit de la Guerre du Golfe et la dissolution ult\u00e9rieure par les Am\u00e9ricains de l&rsquo;arm\u00e9e r\u00e9guli\u00e8re irakienne<\/strong>. L&rsquo;interf\u00e9rence \u00e9trang\u00e8re dans les affaires des peuples de cette r\u00e9gion g\u00e9ographique, malheureusement,  n\u2019a jamais produit de bons r\u00e9sultats. Dispositions de fronti\u00e8res par pouvoirs \u00e9trangers, comme les Accord Sykes-Picot, ont apport\u00e9 des solutions artificielles mais aussi la division permanente les populations arabes. Peut-\u00eatre est-il grand temps d\u2019essayer de rem\u00e8des internes aux probl\u00e8mes internes.<\/p>\n<p><strong>Shaffaf- Comment se fait-il que la Turquie, le pays du dernier Califat, a \u00e9vit\u00e9 la l&rsquo;ascension de mouvements terroristes Islamiques ? Gr\u00e2ce \u00e0 son r\u00e9gime \u00ab la\u00efc\u00bb? Ou aux origines Sufis de l&rsquo;Islam turc ? Ou, \u00e0 d&rsquo;autres raisons ?<br \/>\n<\/strong><\/p>\n<p><strong>Yusuf Kanli<\/strong>&#8211; La Turquie a beaucoup souffert de mouvements terroristes Islamiques. Quand les Grecs s&rsquo;approchaient d\u2019Ankara pendant la Guerre de Lib\u00e9ration, il y avait environ 30 soul\u00e8vements dans tout le pays, un d&rsquo;entre eux dans Konya. C&rsquo;\u00e9tait \u00e0 cause de ce soul\u00e8vement de 1925 \u00e0 Konya que la Turquie a accept\u00e9 d\u2019abandonner ses revendications sur Mosul. Pourquoi ? Juste parce que la Turquie  a voulu que les Anglais, qui soutenaient, ou qu\u2019on a cru qu\u2019ils soutenaient, le soul\u00e8vement, arr\u00eatent leur soutien.<\/p>\n<p><strong>Les traditions chamaniques Pr\u00e9 Islamiques des populations d\u2019Anatolie<br \/>\n<\/strong><\/p>\n<p>Beaucoup de personnes consid\u00e8rent le soul\u00e8vement 1925 comme un soul\u00e8vement Kurde, mais, en fait, c&rsquo;\u00e9tait un soul\u00e8vement islamique radical men\u00e9 par le cheik musulman radical kurde, cheik Sa\u00efd.<\/p>\n<p>Durant les 90 derni\u00e8res ann\u00e9es, la Turquie a \u00e9lev\u00e9 une d\u00e9mocratie bas\u00e9es sur des politiques la\u00efques. Malheureusement le principe de la\u00efcit\u00e9, souvent mal compris comme ath\u00e9isme, fut une vraie traumatisme v\u00e9cue par les segments pieux de la soci\u00e9t\u00e9. <\/p>\n<p>La Turquie, malgr\u00e9 cela, a r\u00e9ussi effectivement \u00e0 faire de la d\u00e9mocratie un mode de vie. Les Alevis progressistes, les traditions chamaniques pr\u00e9-Islamiques des Anatoliens et, bien s\u00fbr, l&rsquo;interpr\u00e9tation tol\u00e9rante de l&rsquo;Islam par les ordres Sufis ont aid\u00e9 les Turcs \u00e0 d\u00e9velopper une relation coh\u00e9rente et tol\u00e9rante avec toutes les communaut\u00e9s et toutes les religions. <strong>La nature multi culturelle de l\u2019Empire Ottoman<\/strong> a aussi aid\u00e9 \u00e0 d\u00e9velopper une tradition de tol\u00e9rance \u00e0 toutes les religions de la soci\u00e9t\u00e9 turque.<\/p>\n<p><strong>Shaffaf- Certains citoyens turcs ont rejoint Daesh : avons-nous des chiffres? Est-ce que c&rsquo;est un d\u00e9veloppement marginal pour la Turquie?<br \/>\n<\/strong><\/p>\n<p><strong>Yusuf Kanli<\/strong>&#8211; Nous n&rsquo;avons pas de chiffres quant aux Turcs qui ont rejoint Daesh. Certains disent qu\u2019ils sont pr\u00e8s de 10,000 ou plus; d\u2019autres disent qu\u2019ils sont dans les centaines. D\u2019aucune fa\u00e7on, rejoindre Daesh n\u2019est pas un sport national pour les Turcs\u2026 Cependant, comme dit pr\u00e9c\u00e9demment, il y a des rumeurs qui disent que, dans les zones frontali\u00e8res avec la Syrie, aussi bien que dans de grandes villes, le groupe op\u00e8re toujours \u00ab librement \u00bb dans ses recrutements.<\/p>\n<p>Le gouvernement, bien s\u00fbr, r\u00e9agit violement \u00e0 de tels rapports dans les m\u00e9dias, mais une visite dans le vieux quartier d&rsquo;Ankara pourrait r\u00e9v\u00e9ler la r\u00e9alit\u00e9 tr\u00e8s triste de jeunes conservateurs d\u00e9sesp\u00e9r\u00e9s rejoignant Daesh pour des raisons diverses.<\/p>\n<p><strong>Shaffaf- L\u2019ascension de Daesh pourrait-elle constituer une menace pour la Turquie? C\u2019est-\u00e0-dire, pour sa coh\u00e9sion sociale?<br \/>\n<\/strong><\/p>\n<p><strong>Yusuf Kanli<\/strong>&#8211; L&rsquo;ascension de Daesh, aussi bien que les Turcs impliqu\u00e9s dans Daesh, est bien s\u00fbr une menace, aujourd&rsquo;hui aussi bien que demain, pour la Turquie. <\/p>\n<p>Finalement, ce probl\u00e8me sera r\u00e9solu, d\u2019une mani\u00e8re ou d\u2019une autre et Daesh sera dissous, jusqu&rsquo;\u00e0 leur prochain regroupement, qui sait quand. Qu\u2019arrivera-t-il \u00e0 ces Turcs qui ont \u00e9t\u00e9 habitu\u00e9s \u00e0 toutes sortes de banditisme, cruaut\u00e9 et sauvagerie avec Daesh ? Ils deviendront un risque s\u00e9rieux pour la s\u00e9curit\u00e9 nationale turque. Il y a d\u00e9j\u00e0 des plaintes concernant les Turcs revenus de Daesh qui causeraient des ennuis dans leurs villes d\u2019origines.<\/p>\n<p><strong>Shaffaf- J\u2019usqu&rsquo;\u00e0 ce que AKP arrive au pouvoir, la Turquie avait gard\u00e9 une distance concernant les affaires arabes de mani\u00e8re g\u00e9n\u00e9ral. \u00c0 la lumi\u00e8re des d\u00e9veloppements en Syrie, en Irak, en \u00c9gypte, etc, diriez-vous que la Turquie deverait retourner \u00e0 son ancienne posture de tourner le dos aux affaires arabes?<br \/>\n<\/strong><\/p>\n<p><strong>Yusuf Kanli<\/strong>&#8211; Dans le monde d\u2019aujourd\u2019hui, la Turquie est une r\u00e9alit\u00e9. M\u00eame si la Turquie ne le veut pas, elle est oblig\u00e9e de jouer un r\u00f4le majeur dans les affaires de sa r\u00e9gion. Nous ne devrions pas parler de choses comme \u00ab\u00a0des affaires arabes\u00a0\u00bb ou \u00ab\u00a0des affaires du bassin m\u00e9diterran\u00e9en\u00a0\u00bb, ou \u00ab\u00a0des affaires nord-africaine\u00a0\u00bb ou de tels st\u00e9r\u00e9otypes. Ceux-ci sont des probl\u00e8mes r\u00e9gionaux et la Turquie, \u00e9tant une puissance r\u00e9gionale, ne peut pas rester inactive, qu\u2019il y ait une gouvernement Kemalist, nationaliste ou Islamiste.<\/p>\n<p><strong>Shaffaf- Une Turquie men\u00e9e par un parti \u00ab\u00a0K\u00e9malist\u00a0\u00bb aurait-elle de meilleurs r\u00e9sultats que l&rsquo;AKP dans la situation pr\u00e9sente pour la r\u00e9gion arabe?<br \/>\n<\/strong><\/p>\n<p><strong>Yusuf Kanli<\/strong>&#8211; Certainement, oui \u2026 Une Turquie K\u00e9maliste essayerait de jouer le r\u00f4le de m\u00e9diateur plut\u00f4t que devenir un partenaire. Cela vaudrait pour la guerre civile syrienne ou dans le cas du conflit isra\u00e9lo-arabe. La Turquie, en tant que puissance r\u00e9gionale, doit \u00eatre int\u00e9ress\u00e9e par des probl\u00e8mes r\u00e9gionaux, mais doit rester \u00e0 \u00e9gale distance de tous les antagonistes pour jouer le r\u00f4le de courtier de paix. Agir comme une ancienne puissance coloniale ou avec une mentalit\u00e9 n\u00e9o-ottomaniste, ne fera qu\u2019ajouter de nouveaux probl\u00e8mes au climat d\u00e9j\u00e0 probl\u00e9matique de la r\u00e9gion.<\/p>\n","protected":false},"excerpt":{"rendered":"<p>Propos recueillis par Pierre Akel Comment le boulversement de l\u2019Etat Islamique et la dislocation de la Syrie et de l&rsquo;Irak sont vus d&rsquo;une perspective turque. Discussion avec le journaliste du Hurriyet Daily News, Yusuf Kanli. Shaffaf- A quoi ressemble le Daesh\/ Etat Islamique en Irak et en Syrie vu de la Turquie ? Diriez-vous que<\/p>\n","protected":false},"author":1,"featured_media":0,"comment_status":"closed","ping_status":"closed","sticky":false,"template":"","format":"standard","meta":{"_uf_show_specific_survey":0,"_uf_disable_surveys":false,"footnotes":""},"categories":[],"tags":[],"class_list":["post-140414","post","type-post","status-publish","format-standard"],"aioseo_notices":[],"_links":{"self":[{"href":"https:\/\/middleeasttransparent.com\/fr\/wp-json\/wp\/v2\/posts\/140414","targetHints":{"allow":["GET"]}}],"collection":[{"href":"https:\/\/middleeasttransparent.com\/fr\/wp-json\/wp\/v2\/posts"}],"about":[{"href":"https:\/\/middleeasttransparent.com\/fr\/wp-json\/wp\/v2\/types\/post"}],"author":[{"embeddable":true,"href":"https:\/\/middleeasttransparent.com\/fr\/wp-json\/wp\/v2\/users\/1"}],"replies":[{"embeddable":true,"href":"https:\/\/middleeasttransparent.com\/fr\/wp-json\/wp\/v2\/comments?post=140414"}],"version-history":[{"count":0,"href":"https:\/\/middleeasttransparent.com\/fr\/wp-json\/wp\/v2\/posts\/140414\/revisions"}],"wp:attachment":[{"href":"https:\/\/middleeasttransparent.com\/fr\/wp-json\/wp\/v2\/media?parent=140414"}],"wp:term":[{"taxonomy":"category","embeddable":true,"href":"https:\/\/middleeasttransparent.com\/fr\/wp-json\/wp\/v2\/categories?post=140414"},{"taxonomy":"post_tag","embeddable":true,"href":"https:\/\/middleeasttransparent.com\/fr\/wp-json\/wp\/v2\/tags?post=140414"}],"curies":[{"name":"wp","href":"https:\/\/api.w.org\/{rel}","templated":true}]}}