{"id":14009,"date":"2016-08-12T18:43:20","date_gmt":"2016-08-12T17:43:20","guid":{"rendered":"http:\/\/middleeasttransparent.com\/?p=14009"},"modified":"2016-08-12T18:43:20","modified_gmt":"2016-08-12T17:43:20","slug":"le-koweitien-fehaid-al-deehani-titre-au-tir-double-trap-sous-la-banniere-olympique","status":"publish","type":"post","link":"https:\/\/middleeasttransparent.com\/fr\/le-koweitien-fehaid-al-deehani-titre-au-tir-double-trap-sous-la-banniere-olympique\/","title":{"rendered":"Le Kowe\u00eftien Fehaid Al-Deehani\u00a0titr\u00e9 au tir double trap sous la banni\u00e8re olympique"},"content":{"rendered":"<header class=\"header\">\n<h1 class=\"headline\"><\/h1>\n<\/header>\n<div class=\"credit-bar clearfix \">\n<div class=\"credit-bar-inner\">\n<div class=\"credit\">\n<div id=\"yui_3_18_1_1_1471023466107_588\" class=\"credit-bar-inner\">\n<div id=\"yui_3_18_1_1_1471023466107_587\" class=\"credit\"><img decoding=\"async\" id=\"yui_3_18_1_1_1471023466107_590\" class=\"provider-img\" src=\"https:\/\/s3.yimg.com\/bt\/api\/res\/1.2\/xkeAVR777TOLT8wNmsNtwA--\/YXBwaWQ9eW5ld3NfbGVnbztxPTg1\/http:\/\/l.yimg.com\/os\/publish-images\/sports\/2013-09-06\/8eda5ab1-c5e3-4d1f-84dc-3c3ba74e74df_yahoo_sports_fr-FR_s_f_pw_351x40_sports.png\" alt=\"Yahoo Sport\" \/><\/p>\n<div id=\"yui_3_18_1_1_1471023466107_586\" class=\"credit-text\"><cite id=\"yui_3_18_1_1_1471023466107_585\" class=\"byline vcard top-line\"><span id=\"yui_3_18_1_1_1471023466107_600\">Par <\/span><span id=\"yui_3_18_1_1_1471023466107_584\" class=\"fn\"><a id=\"yui_3_18_1_1_1471023466107_583\" href=\"https:\/\/fr.sports.yahoo.com\/blogs\/author\/sarah-frise\/\" rel=\"author\" data-ylk=\"sec:content;slk:author;ltxt:SarahFrise;itc:0;tar:fr.sports.yahoo.com;\" data-rapid_p=\"1\">Sarah Frise<\/a><\/span><\/cite><\/div>\n<\/div>\n<\/div>\n<\/div>\n<\/div>\n<\/div>\n<div class=\"body yom-art-content clearfix\">\n<div class=\"body-slot-mod\"><\/div>\n<p>Un moment historique. Ce mercredi, \u00e0 Rio, Fehaid Al-Deehani a d\u00e9croch\u00e9 la m\u00e9daille d\u2019or au tir double trap. S\u2019il aurait certainement pr\u00e9f\u00e9r\u00e9 remporter ce titre sous les couleurs de son pays, le Kowe\u00eftien a \u00e9t\u00e9 titr\u00e9 sous la banni\u00e8re olympique. Une premi\u00e8re dans l\u2019histoire des Jeux.<\/p>\n<p>A 49 ans, Al-Deehani a fait les frais de la suspension de son pays. Le CIO a en effet exclu le Kowe\u00eft pour ing\u00e9rence gouvernementale dans les affaires locales. Malgr\u00e9 l\u2019appel, le pays a \u00e9t\u00e9 d\u00e9bout\u00e9 au d\u00e9but du mois.<\/p>\n<p>Pour ses cinqui\u00e8mes Olympiades, l\u2019athl\u00e8te a donc d\u00e9fil\u00e9 sous la banni\u00e8re olympique lors de la c\u00e9r\u00e9monie d\u2019ouverture. En 2000 et 2012, il avait d\u00e9croch\u00e9 le bronze pour cette figure du tir.<\/p>\n<\/div>\n","protected":false},"excerpt":{"rendered":"<p>Par Sarah Frise Un moment historique. Ce mercredi, \u00e0 Rio, Fehaid Al-Deehani a d\u00e9croch\u00e9 la m\u00e9daille d\u2019or au tir double trap. S\u2019il aurait certainement pr\u00e9f\u00e9r\u00e9 remporter ce titre sous les couleurs de son pays, le Kowe\u00eftien a \u00e9t\u00e9 titr\u00e9 sous la banni\u00e8re olympique. Une premi\u00e8re dans l\u2019histoire des Jeux. A 49 ans, Al-Deehani a fait<\/p>\n","protected":false},"author":87,"featured_media":14010,"comment_status":"open","ping_status":"open","sticky":false,"template":"","format":"standard","meta":{"_uf_show_specific_survey":0,"_uf_disable_surveys":false,"footnotes":""},"categories":[361],"tags":[],"class_list":{"0":"post-14009","1":"post","2":"type-post","3":"status-publish","4":"format-standard","5":"has-post-thumbnail","7":"category-sport-international"},"aioseo_notices":[],"_links":{"self":[{"href":"https:\/\/middleeasttransparent.com\/fr\/wp-json\/wp\/v2\/posts\/14009","targetHints":{"allow":["GET"]}}],"collection":[{"href":"https:\/\/middleeasttransparent.com\/fr\/wp-json\/wp\/v2\/posts"}],"about":[{"href":"https:\/\/middleeasttransparent.com\/fr\/wp-json\/wp\/v2\/types\/post"}],"author":[{"embeddable":true,"href":"https:\/\/middleeasttransparent.com\/fr\/wp-json\/wp\/v2\/users\/87"}],"replies":[{"embeddable":true,"href":"https:\/\/middleeasttransparent.com\/fr\/wp-json\/wp\/v2\/comments?post=14009"}],"version-history":[{"count":0,"href":"https:\/\/middleeasttransparent.com\/fr\/wp-json\/wp\/v2\/posts\/14009\/revisions"}],"wp:featuredmedia":[{"embeddable":true,"href":"https:\/\/middleeasttransparent.com\/fr\/wp-json\/wp\/v2\/media\/14010"}],"wp:attachment":[{"href":"https:\/\/middleeasttransparent.com\/fr\/wp-json\/wp\/v2\/media?parent=14009"}],"wp:term":[{"taxonomy":"category","embeddable":true,"href":"https:\/\/middleeasttransparent.com\/fr\/wp-json\/wp\/v2\/categories?post=14009"},{"taxonomy":"post_tag","embeddable":true,"href":"https:\/\/middleeasttransparent.com\/fr\/wp-json\/wp\/v2\/tags?post=14009"}],"curies":[{"name":"wp","href":"https:\/\/api.w.org\/{rel}","templated":true}]}}