{"id":13979,"date":"2016-08-09T22:13:47","date_gmt":"2016-08-09T21:13:47","guid":{"rendered":"http:\/\/middleeasttransparent.com\/?p=13979"},"modified":"2016-08-09T22:13:47","modified_gmt":"2016-08-09T21:13:47","slug":"il-faut-sauver-la-democratie-en-turquie-estiment-robert-badinter-et-plusieurs-magistrats","status":"publish","type":"post","link":"https:\/\/middleeasttransparent.com\/fr\/il-faut-sauver-la-democratie-en-turquie-estiment-robert-badinter-et-plusieurs-magistrats\/","title":{"rendered":"\u00ab\u00a0Il faut sauver la d\u00e9mocratie en Turquie\u00a0\u00bb, estiment Robert Badinter et plusieurs magistrats"},"content":{"rendered":"<p><span style=\"text-decoration: underline;\"><\/span><strong>Par Robert Badinter, Virginie Duval, Clarisse Taron, Christophe R\u00e9gnard et Simone Gaboriau<\/strong><\/p>\n<div id=\"articleBody\" class=\"contenu_article js_article_body\">\n<p>Qu\u2019on ne s\u2019y trompe pas\u00a0: la purge de l\u2019institution judiciaire, de la fonction publique et des <a class=\"lien_interne rub\" title=\"Toute l\u2019actualit\u00e9 m\u00e9dias\" href=\"http:\/\/www.lemonde.fr\/actualite-medias\/\">m\u00e9dias<\/a> par le pr\u00e9sident Recep Tayyip Erdogan n\u2019est pas une r\u00e9ponse \u00e0 la tentative de coup d\u2019Etat. Il ne s\u2019agit pas de <a class=\"lien_interne conjug\" title=\"Conjugaison du verbe sauvegarder\" href=\"http:\/\/conjugaison.lemonde.fr\/conjugaison\/premier-groupe\/sauvegarder\/\" target=\"_blank\">sauvegarder<\/a> l\u2019Etat de droit, comme on a pu le <a class=\"lien_interne conjug\" title=\"Conjugaison du verbe dire\" href=\"http:\/\/conjugaison.lemonde.fr\/conjugaison\/troisieme-groupe\/dire\/\" target=\"_blank\">dire<\/a> au lendemain du 15\u00a0juillet 2016. La lame de fond autoritaire qui sape les fondements des institutions depuis 2013 traduit la volont\u00e9 du pr\u00e9sident turc de <a class=\"lien_interne conjug\" title=\"Conjugaison du verbe museler\" href=\"http:\/\/conjugaison.lemonde.fr\/conjugaison\/premier-groupe\/museler\/\" target=\"_blank\">museler<\/a> toute opposition. Les r\u00e9centes r\u00e9vocations en cascade et les arrestations arbitraires s\u2019inscrivent dans la dynamique de neutralisation des contre-pouvoirs \u00e0 l\u2019\u0153uvre depuis plusieurs ann\u00e9es.<\/p>\n<p>Printemps 2013\u00a0: l\u2019invalidation judiciaire du <a class=\"lien_interne rub\" title=\"Toute l\u2019actualit\u00e9 projet\" href=\"http:\/\/www.lemonde.fr\/projet\/\">projet<\/a> d\u2019urbanisation du parc Gezi, \u00e0 Istanbul, provoque la crispation des autorit\u00e9s politiques et conduit au remplacement de certains des juges, qui ont rendu la d\u00e9cision controvers\u00e9e. La m\u00eame ann\u00e9e, en d\u00e9cembre, la r\u00e9v\u00e9lation d\u2019affaires de corruption impliquant le parti au <a class=\"lien_interne conjug\" title=\"Conjugaison du verbe pouvoir\" href=\"http:\/\/conjugaison.lemonde.fr\/conjugaison\/troisieme-groupe\/pouvoir\/\" target=\"_blank\">pouvoir<\/a> sur fond de contrebande d\u2019armes vers la <a class=\"lien_interne rub\" title=\"Toute l\u2019actualit\u00e9 Syrie\" href=\"http:\/\/www.lemonde.fr\/syrie\/\">Syrie<\/a> justifie opportun\u00e9ment mutations d\u2019office, suspensions, r\u00e9vocations de plus de 40\u00a0000 policiers, fonctionnaires et magistrats. Certains d\u2019entre eux seront m\u00eame plac\u00e9s en d\u00e9tention provisoire.<\/p>\n<p>Octobre\u00a02014\u00a0: le pouvoir ex\u00e9cutif d\u00e9cide cette fois de s\u2019assurer de l\u2019all\u00e9geance des membres du Haut Conseil des juges et procureurs turcs, l\u2019\u00e9quivalent de notre Conseil sup\u00e9rieur de la magistrature, comp\u00e9tent pour les nominations. Au terme d\u2019\u00e9lections savamment orchestr\u00e9es par le biais de pressions et de promesses, le gouvernement d\u2019Erdogan obtient un Haut Conseil \u00e0 sa botte. Mars\u00a02016\u00a0: le Haut Conseil suspend 680 magistrats au motif de leur appartenance \u00e0 une \u00ab\u00a0organisation parall\u00e8le\u00a0\u00bb, terme utilis\u00e9 par le pouvoir pour<a class=\"lien_interne conjug\" title=\"Conjugaison du verbe d\u00e9signer\" href=\"http:\/\/conjugaison.lemonde.fr\/conjugaison\/premier-groupe\/d%C3%A9signer\/\" target=\"_blank\">d\u00e9signer<\/a> tous ceux qui osent une parole critique sur le r\u00e9gime. Il annonce qu\u2019il en a identifi\u00e9 5\u00a0000 autres. A la m\u00eame date, l\u2019association de magistrats d\u00e9mocrates Yarsav, qui alerte la communaut\u00e9 internationale sur l\u2019aggravation de la mise au pas de la magistrature depuis plusieurs ann\u00e9es, lance le <em>\u00ab\u00a0dernier SOS des juges turcs libres\u00a0\u00bb. <\/em>Elle est aujourd\u2019hui dissoute et sa voix s\u2019est tue.<\/p>\n<div class=\"video_player\"><iframe id=\"ul-uumrru_0_1470776897\" src=\"http:\/\/www.ultimedia.com\/deliver\/generic\/iframe\/mdtk\/01637594\/src\/uumrru\/zone\/1\/showtitle\/1\" width=\"534\" height=\"320\" frameborder=\"0\" marginwidth=\"0\" marginheight=\"0\" scrolling=\"no\" allowfullscreen=\"allowfullscreen\"><\/iframe><\/div>\n<h2 class=\"intertitre\">Epuration<\/h2>\n<p>Depuis le 16\u00a0juillet, 1\u00a0125 associations et 19 syndicats ont \u00e9galement \u00e9t\u00e9 dissous. Plus de 10\u00a0000 personnes ont \u00e9t\u00e9 plac\u00e9es en garde \u00e0 vue, et pr\u00e8s de la moiti\u00e9 incarc\u00e9r\u00e9es. Parmi elles, des milliers de magistrats et avocats ont \u00e9t\u00e9 arr\u00eat\u00e9s au seul motif de la pr\u00e9sence de leurs noms sur une liste \u00e9tablie avant m\u00eame la tentative de coup d\u2019Etat, comme en t\u00e9moigne la mention de personnes d\u00e9c\u00e9d\u00e9es et d\u2019affectations obsol\u00e8tes. Ils sont priv\u00e9s des droits les plus fondamentaux. Retenus pour des gardes \u00e0 vue allant jusqu\u2019\u00e0 trente jours, ils n\u2019ont ni connaissance des charges pesant sur eux, ni acc\u00e8s \u00e0 un avocat, sous pr\u00e9texte d\u2019<em>\u00ab\u00a0ordonnances de confidentialit\u00e9\u00a0\u00bb.<\/em> Quoi qu\u2019il en soit, rares sont les avocats qui acceptent encore d\u2019intervenir, tant ils subissent d\u2019intimidations.<\/p>\n<p>La d\u00e9mocratie turque n\u2019en a pas fini avec ses heures sombres\u00a0: une nouvelle liste de 2\u00a0000\u00a0magistrats \u00ab\u00a0suspects\u00a0\u00bb vient d\u2019\u00eatre \u00e9tablie, tandis que 340 nouveaux juges et procureurs inf\u00e9od\u00e9s au pouvoir ont \u00e9t\u00e9 install\u00e9s. Les victimes de l\u2019\u00e9puration sont d\u00e9sormais priv\u00e9es, comme tous les citoyens turcs, de tout espoir de recours \u00e0 une <a class=\"lien_interne rub\" title=\"Toute l\u2019actualit\u00e9 justice\" href=\"http:\/\/www.lemonde.fr\/justice\/\">justice<\/a> ind\u00e9pendante. Le gouvernement de la <a class=\"lien_interne rub\" title=\"Toute l\u2019actualit\u00e9 Turquie\" href=\"http:\/\/www.lemonde.fr\/turquie\/\">Turquie<\/a>, pourtant membre du Conseil de l\u2019Europe et signataire de la Convention europ\u00e9enne des droits de l\u2019homme, pi\u00e9tine les principes d\u00e9mocratiques. Il est essentiel que dans toute l\u2019<a class=\"lien_interne rub\" title=\"Toute l\u2019actualit\u00e9 Europe\" href=\"http:\/\/www.lemonde.fr\/europe\/\">Europe<\/a>, des voix s\u2019\u00e9l\u00e8vent pour <a class=\"lien_interne conjug\" title=\"Conjugaison du verbe rappeler\" href=\"http:\/\/conjugaison.lemonde.fr\/conjugaison\/premier-groupe\/rappeler\/\" target=\"_blank\">rappeler<\/a> qu\u2019ils sont notre socle commun suffisamment fort pour que, du fond de leurs ge\u00f4les, nos amis turcs les entendent.<\/p>\n<p class=\"reference\"><strong>Robert Badinter<\/strong>, ancien pr\u00e9sident du Conseil constitutionnel, ancien garde des sceaux,<br \/>\n<strong>Virginie Duval<\/strong>, pr\u00e9sidente de l\u2019Union syndicale des magistrats,<br \/>\n<strong>Clarisse Taron<\/strong>, pr\u00e9sidente du Syndicat de la magistrature,<br \/>\n<strong>Christophe R\u00e9gnard<\/strong>, pr\u00e9sident de l\u02bcAssociation europ\u00e9enne des magistrats,<br \/>\n<strong>Simone Gaboriau<\/strong>, membre du conseil d\u02bcadministration de l\u02bcassociation Magistrats europ\u00e9ens pour la d\u00e9mocratie et les libert\u00e9s<\/p>\n<p class=\"reference\"><a href=\"http:\/\/www.lemonde.fr\/idees\/article\/2016\/08\/09\/il-faut-sauver-la-democratie-en-turquie_4980084_3232.html\">LE MONDE<\/a><\/p>\n<\/div>\n","protected":false},"excerpt":{"rendered":"<p>Par Robert Badinter, Virginie Duval, Clarisse Taron, Christophe R\u00e9gnard et Simone Gaboriau Qu\u2019on ne s\u2019y trompe pas\u00a0: la purge de l\u2019institution judiciaire, de la fonction publique et des m\u00e9dias par le pr\u00e9sident Recep Tayyip Erdogan n\u2019est pas une r\u00e9ponse \u00e0 la tentative de coup d\u2019Etat. Il ne s\u2019agit pas de sauvegarder l\u2019Etat de droit, comme<\/p>\n","protected":false},"author":134,"featured_media":13980,"comment_status":"open","ping_status":"open","sticky":false,"template":"","format":"standard","meta":{"_uf_show_specific_survey":0,"_uf_disable_surveys":false,"footnotes":""},"categories":[22],"tags":[],"class_list":{"0":"post-13979","1":"post","2":"type-post","3":"status-publish","4":"format-standard","5":"has-post-thumbnail","7":"category-actualites-fr"},"aioseo_notices":[],"_links":{"self":[{"href":"https:\/\/middleeasttransparent.com\/fr\/wp-json\/wp\/v2\/posts\/13979","targetHints":{"allow":["GET"]}}],"collection":[{"href":"https:\/\/middleeasttransparent.com\/fr\/wp-json\/wp\/v2\/posts"}],"about":[{"href":"https:\/\/middleeasttransparent.com\/fr\/wp-json\/wp\/v2\/types\/post"}],"author":[{"embeddable":true,"href":"https:\/\/middleeasttransparent.com\/fr\/wp-json\/wp\/v2\/users\/134"}],"replies":[{"embeddable":true,"href":"https:\/\/middleeasttransparent.com\/fr\/wp-json\/wp\/v2\/comments?post=13979"}],"version-history":[{"count":0,"href":"https:\/\/middleeasttransparent.com\/fr\/wp-json\/wp\/v2\/posts\/13979\/revisions"}],"wp:featuredmedia":[{"embeddable":true,"href":"https:\/\/middleeasttransparent.com\/fr\/wp-json\/wp\/v2\/media\/13980"}],"wp:attachment":[{"href":"https:\/\/middleeasttransparent.com\/fr\/wp-json\/wp\/v2\/media?parent=13979"}],"wp:term":[{"taxonomy":"category","embeddable":true,"href":"https:\/\/middleeasttransparent.com\/fr\/wp-json\/wp\/v2\/categories?post=13979"},{"taxonomy":"post_tag","embeddable":true,"href":"https:\/\/middleeasttransparent.com\/fr\/wp-json\/wp\/v2\/tags?post=13979"}],"curies":[{"name":"wp","href":"https:\/\/api.w.org\/{rel}","templated":true}]}}