{"id":139032,"date":"2014-03-25T06:10:00","date_gmt":"2014-03-25T05:10:00","guid":{"rendered":"https:\/\/middleeasttransparent.com\/les-sujets-conflictuels-soigneusement-evites-au-sommet-daujourdhui-a-koweit\/"},"modified":"2024-01-23T13:39:08","modified_gmt":"2024-01-23T12:39:08","slug":"les-sujets-conflictuels-soigneusement-evites-au-sommet-daujourdhui-a-koweit","status":"publish","type":"post","link":"https:\/\/middleeasttransparent.com\/fr\/les-sujets-conflictuels-soigneusement-evites-au-sommet-daujourdhui-a-koweit\/","title":{"rendered":"Les sujets conflictuels soigneusement \u00e9vit\u00e9s au sommet d\u2019aujourd\u2019hui \u00e0 Kowe\u00eft"},"content":{"rendered":"<p><strong>L\u2019\u00c9CLAIRAGE<br \/>\n<\/strong><\/p>\n<p><strong>C&rsquo;est aujourd&rsquo;hui que s&rsquo;ouvrira, pour la premi\u00e8re fois au Kowe\u00eft, le 25e sommet arabe ordinaire, avec pour th\u00e8me : \u00ab La solidarit\u00e9 pour un avenir meilleur \u00bb. Un th\u00e8me tr\u00e8s ambitieux \u00e9tant donn\u00e9 l&rsquo;importance des conflits entre plusieurs \u00c9tats et les divergences autour d&rsquo;un grand nombre de dossiers.<br \/>\n<\/strong><\/p>\n<p>\u00c9tal\u00e9s sur deux jours, les travaux du sommet se concentreront, selon des sources minist\u00e9rielles kowe\u00eftiennes, sur des questions fondamentales en rapport avec la compl\u00e9mentarit\u00e9, la coop\u00e9ration et la coordination entre les \u00c9tats membres ainsi que sur les d\u00e9veloppements qui s&rsquo;acc\u00e9l\u00e8rent dans la r\u00e9gion, sans pour autant toucher aux sujets qui f\u00e2chent. Les d\u00e9lib\u00e9rations auront lieu sur base du projet de communiqu\u00e9 et des recommandations \u00e9tablis par la conf\u00e9rence minist\u00e9rielle, qui s&rsquo;\u00e9tait tenue dimanche, indique-t-on de m\u00eames sources, en soulignant que la pr\u00e9sence massive de souverains, d&rsquo;\u00e9mirs et de chefs d&rsquo;\u00c9tat arabes t\u00e9moigne de l&rsquo;importance de cette r\u00e9union au sommet \u00e0 laquelle participera, pour la premi\u00e8re fois, un repr\u00e9sentant du sud du Soudan.<\/p>\n<p>\u00c0 la veille de l&rsquo;ouverture du sommet, les contacts se sont intensifi\u00e9s, afin d&rsquo;\u00e9viter des conflits ou des \u00e9changes acerbes, suivant les v\u0153ux de l&rsquo;\u00e9mir du Kowe\u00eft qui esp\u00e8re que cette r\u00e9union permettra de rompre la glace entre plusieurs \u00c9tats et de paver la voie devant l&rsquo;\u00e9mirat pour qu&rsquo;il puisse entreprendre plus tard une m\u00e9diation entre les pays du Conseil de coop\u00e9ration du Golfe, notamment apr\u00e8s le rappel par l&rsquo;Arabie saoudite, les \u00c9mirats arabes unis et Bahre\u00efn de leurs ambassadeurs au Qatar, reprochant \u00e0 Doha ses ing\u00e9rences dans les affaires de ses voisins.<\/p>\n<p>Certains observateurs n&rsquo;ont pas exclu dans ce cadre une \u00e9ventuelle rencontre entre l&rsquo;\u00e9mir du Qatar et le prince h\u00e9ritier saoudien et font \u00e9tat d&rsquo;une initiative kowe\u00eftienne dans ce sens. Le conflit entre les pays du CCG plane sur le sommet, m\u00eame si, de sources minist\u00e9rielles, on affirme que les monarchies du Golfe sont soucieuses de ne pas importuner leur h\u00f4te et de s&rsquo;efforcer de maintenir les d\u00e9bats dans un cadre positif, \u00ab par respect pour l&rsquo;\u00c9tat h\u00f4te et en signe d&rsquo;appr\u00e9ciation de la politique qu&rsquo;il suit et de son r\u00f4le au niveau du r\u00e8glement des crises qui soufflent sur la r\u00e9gion \u00bb.<\/p>\n<p>Dans ce contexte, il ne faut pas s&rsquo;attendre \u00e0 ce que des sujets en rapport avec la repr\u00e9sentation syrienne au sommet, la pr\u00e9sidence de la d\u00e9l\u00e9gation \u00e9gyptienne, la guerre en Syrie ou l&rsquo;adjonction des Fr\u00e8res musulmans sur la liste des organisation terroristes soient abord\u00e9s par les dirigeants arabes. Plusieurs chefs arabes doivent intervenir \u00e0 la s\u00e9ance d&rsquo;ouverture, dont le pr\u00e9sident Michel Sleiman, qui prendra la parole apr\u00e8s le roi Abdallah de Jordanie.<\/p>\n<p>Selon des sources inform\u00e9es, la d\u00e9l\u00e9gation libanaise que pr\u00e9side M. Sleiman et qui est notamment compos\u00e9e du chef de la diplomatie, Gebran Bassil, et des ministres des Finances, Ali Hassan Khalil, et de la Sant\u00e9, Wa\u00ebl Abou Faour, a multipli\u00e9 les contacts afin d&rsquo;introduire des amendements au texte du communiqu\u00e9 final du sommet. Dans sa nouvelle mouture, le texte doit faire part de l&rsquo;appui du sommet arabe \u00e0 la d\u00e9claration de Baabda, aux r\u00e9solutions du Groupe international d&rsquo;appui au Liban, au Tribunal international sp\u00e9cial pour le Liban, \u00e0 l&rsquo;arm\u00e9e libanaise ainsi qu&rsquo;\u00e0 un r\u00e8glement du dossier des r\u00e9fugi\u00e9s syriens.<\/p>\n<p>Parall\u00e8lement, M. Bassil multiplie ses contacts en marge des travaux du sommet, pour encourager ses homologues arabes \u00e0 user de pressions sur leurs gouvernements respectifs pour qu&rsquo;ils maintiennent le contact avec le Liban et qu&rsquo;ils l\u00e8vent l&rsquo;interdiction faite \u00e0 leurs ressortissants de se rendre au pays du C\u00e8dre. Dans ce m\u00eame contexte, il a notamment invit\u00e9 son homologue saoudien \u00e0 autoriser l&rsquo;ambassadeur d&rsquo;Arabie \u00e0 regagner son poste \u00e0 Beyrouth.<\/p>\n<p>De m\u00eames sources, on souligne que ces modifications ont \u00e9t\u00e9 agr\u00e9\u00e9es par tous les participants arabes au sommet dont une grande partie devrait quitter le Kowe\u00eft apr\u00e8s la s\u00e9ance d&rsquo;ouverture, aujourd&rsquo;hui. Les sujets conflictuels pourraient \u00eatre ainsi examin\u00e9s au niveau des chefs de la diplomatie, \u00e0 la faveur d&rsquo;entretiens bilat\u00e9raux ou multilat\u00e9raux, en marge des travaux du sommet. Au sommet, ce sont donc les questions qui rapprochent qui seraient abord\u00e9es, comme la cause palestinienne, le rejet d&rsquo;une demande isra\u00e9lienne de reconnaissance du caract\u00e8re juif de l&rsquo;\u00c9tat et un accord sur la tenue du prochain sommet au Caire.<\/p>\n<p>La culture aura par ailleurs la part belle au cours de la r\u00e9union du Kowe\u00eft, puisqu&rsquo;il est question, pour la premi\u00e8re fois, d&rsquo;un sommet arabe culturel dont la date et le lieu restent \u00e0 d\u00e9terminer.<\/p>\n<p><a href=\"http:\/\/www.lorientlejour.com\/article\/860362\/les-sujets-conflictuels-soigneusement-evites-au-sommet-daujourdhui-a-koweit.html\">L&rsquo;Orient Le Jour<\/a><\/p>\n","protected":false},"excerpt":{"rendered":"<p>L\u2019\u00c9CLAIRAGE C&rsquo;est aujourd&rsquo;hui que s&rsquo;ouvrira, pour la premi\u00e8re fois au Kowe\u00eft, le 25e sommet arabe ordinaire, avec pour th\u00e8me : \u00ab La solidarit\u00e9 pour un avenir meilleur \u00bb. Un th\u00e8me tr\u00e8s ambitieux \u00e9tant donn\u00e9 l&rsquo;importance des conflits entre plusieurs \u00c9tats et les divergences autour d&rsquo;un grand nombre de dossiers. \u00c9tal\u00e9s sur deux jours, les travaux<\/p>\n","protected":false},"author":1,"featured_media":0,"comment_status":"closed","ping_status":"closed","sticky":false,"template":"","format":"standard","meta":{"_uf_show_specific_survey":0,"_uf_disable_surveys":false,"footnotes":""},"categories":[],"tags":[],"class_list":["post-139032","post","type-post","status-publish","format-standard"],"aioseo_notices":[],"_links":{"self":[{"href":"https:\/\/middleeasttransparent.com\/fr\/wp-json\/wp\/v2\/posts\/139032","targetHints":{"allow":["GET"]}}],"collection":[{"href":"https:\/\/middleeasttransparent.com\/fr\/wp-json\/wp\/v2\/posts"}],"about":[{"href":"https:\/\/middleeasttransparent.com\/fr\/wp-json\/wp\/v2\/types\/post"}],"author":[{"embeddable":true,"href":"https:\/\/middleeasttransparent.com\/fr\/wp-json\/wp\/v2\/users\/1"}],"replies":[{"embeddable":true,"href":"https:\/\/middleeasttransparent.com\/fr\/wp-json\/wp\/v2\/comments?post=139032"}],"version-history":[{"count":0,"href":"https:\/\/middleeasttransparent.com\/fr\/wp-json\/wp\/v2\/posts\/139032\/revisions"}],"wp:attachment":[{"href":"https:\/\/middleeasttransparent.com\/fr\/wp-json\/wp\/v2\/media?parent=139032"}],"wp:term":[{"taxonomy":"category","embeddable":true,"href":"https:\/\/middleeasttransparent.com\/fr\/wp-json\/wp\/v2\/categories?post=139032"},{"taxonomy":"post_tag","embeddable":true,"href":"https:\/\/middleeasttransparent.com\/fr\/wp-json\/wp\/v2\/tags?post=139032"}],"curies":[{"name":"wp","href":"https:\/\/api.w.org\/{rel}","templated":true}]}}