{"id":138103,"date":"2014-02-25T16:11:45","date_gmt":"2014-02-25T15:11:45","guid":{"rendered":"https:\/\/middleeasttransparent.com\/liban-la-detente-politique-faciliterait-la-tenue-de-lelection-presidentielle\/"},"modified":"2024-01-23T13:39:04","modified_gmt":"2024-01-23T12:39:04","slug":"liban-la-detente-politique-faciliterait-la-tenue-de-lelection-presidentielle","status":"publish","type":"post","link":"https:\/\/middleeasttransparent.com\/fr\/liban-la-detente-politique-faciliterait-la-tenue-de-lelection-presidentielle\/","title":{"rendered":"LIBAN: La d\u00e9tente politique faciliterait la tenue de l\u2019\u00e9lection pr\u00e9sidentielle"},"content":{"rendered":"<p><strong>L\u2019\u00c9CLAIRAGE<br \/>\n<\/strong><\/p>\n<p><strong>Un \u00e9minent diplomate a fait savoir \u00e0 un responsable libanais que son pays \u00e9tait satisfait de la formation du gouvernement au Liban, dans la mesure o\u00f9 ce d\u00e9veloppement barre la route \u00e0 l&rsquo;installation du vide institutionnel tant au Grand S\u00e9rail, dans l&rsquo;imm\u00e9diat, qu&rsquo;ult\u00e9rieurement \u00e0 la pr\u00e9sidence de la R\u00e9publique.<br \/>\n<\/strong><\/p>\n<p>La mise sur pied du gouvernement, de la fa\u00e7on dont elle a eu lieu, traduit, en effet, une volont\u00e9 locale et r\u00e9gionale de s&rsquo;acquitter de l&rsquo;\u00e9ch\u00e9ance pr\u00e9sidentielle dans les d\u00e9lais constitutionnels. Tout le monde para\u00eet ainsi conscient du fait qu&rsquo;une vacance de la pr\u00e9sidence dans les circonstances actuelles, notamment en rapport avec l&rsquo;\u00e9volution de la crise syrienne et avec la vague d&rsquo;attentats terroristes qui frappe le Liban, serait dangereuse et m\u00eame effrayante pour le sort du pays et de l&rsquo;\u00c9tat libanais.<\/p>\n<p>Voil\u00e0 pourquoi le diplomate pr\u00e9cit\u00e9 s&rsquo;est dit pr\u00eat \u00e0 recommencer, aux c\u00f4t\u00e9s de ses coll\u00e8gues concern\u00e9s, les d\u00e9marches qu&rsquo;ils avaient entreprises pour aplanir les obstacles qui entravaient la formation du cabinet. Ils avaient \u00e0 cet effet effectu\u00e9 des visites en Arabie saoudite, en Iran et en France. Les entretiens qu&rsquo;ils avaient eus avec les dirigeants de ces pays avaient d\u00e9bouch\u00e9 sur une lev\u00e9e des entraves.<\/p>\n<p>Des efforts similaires, souligne le diplomate, pourraient \u00eatre d\u00e9ploy\u00e9s \u00e0 pr\u00e9sent afin de paver la voie \u00e0 une tenue \u00e0 temps du scrutin pr\u00e9sidentiel. De nouvelles visites, essentiellement \u00e0 Riyad et T\u00e9h\u00e9ran, seraient donc envisag\u00e9es.<\/p>\n<p>Plus g\u00e9n\u00e9ralement, on affirme dans les milieux diplomatiques que l&rsquo;\u00e9ch\u00e9ance pr\u00e9sidentielle est \u00e0 pr\u00e9sent le th\u00e8me prioritaire pour toutes les puissances concern\u00e9es par le Liban. Et ces puissances estiment que du moment o\u00f9 il a \u00e9t\u00e9 possible de former un gouvernement constitutionnel et rassembleur, il n&rsquo;y a plus de risque de vacance au niveau de la pr\u00e9sidence de la R\u00e9publique.<\/p>\n<p>Dans ce cadre, il convient de rappeler, comme le souligne une source inform\u00e9e, que des milieux diplomatiques avaient clairement \u0153uvr\u00e9 en vue du r\u00e9tablissement des contacts entre le Courant patriotique libre du g\u00e9n\u00e9ral Michel Aoun et le courant du Futur. Un \u00e9minent diplomate, qui a lui-m\u00eame contribu\u00e9 au rapprochement survenu entre les deux parties, encourage cette ouverture aouniste dans la perspective d&rsquo;un repositionnement du CPL au centre. Or, les milieux diplomatiques sont conscients du fait que le g\u00e9n\u00e9ral Aoun est demandeur d&rsquo;une telle ouverture \u00e0 la veille de la pr\u00e9sidentielle, dans la mesure o\u00f9 il se comporte comme le candidat le plus fort \u00e0 la premi\u00e8re magistrature.<\/p>\n<p>Il reste que des milieux du 8 Mars s&rsquo;efforcent de faire circuler le bruit selon lequel toute l&rsquo;action du g\u00e9n\u00e9ral Aoun ces derniers temps, et notamment son ouverture en direction du chef du courant du Futur Saad Hariri, avait re\u00e7u l&rsquo;aval, voire l&rsquo;encouragement, du Hezbollah, lui-m\u00eame d\u00e9sireux de rompre la glace avec la partie adverse.<\/p>\n<p>Toujours est-il que les diplomates tentent actuellement de capitaliser sur le climat de d\u00e9tente qui a pr\u00e9valu lors de la formation du cabinet pour le consolider et l&rsquo;\u00e9tendre \u00e0 l&rsquo;ensemble des parties politiques du pays. C&rsquo;est la raison pour laquelle l&rsquo;initiative du Hezbollah de d\u00e9p\u00eacher chez le nouveau ministre de la Justice, Achraf Rifi, l&rsquo;un de ses hauts responsables, Wafic Safa, a \u00e9t\u00e9 bien accueillie.<\/p>\n<p>Toutefois, il reste bien s\u00fbr le probl\u00e8me de la participation du Hezbollah \u00e0 la guerre en Syrie. Un ministre au sein du cabinet estime qu&rsquo;il revient au parti de Dieu de prendre sur ce plan une d\u00e9cision courageuse et de retirer ses combattants du territoire syrien en vue de renforcer le climat de d\u00e9tente et d&rsquo;\u00e9teindre le feu de la discorde, et ce d&rsquo;autant plus que l&rsquo;id\u00e9e selon laquelle l&rsquo;intensification des attentats terroristes contre les r\u00e9gions chiites est li\u00e9e \u00e0 l&rsquo;implication du Hezb en Syrie est de plus en plus ancr\u00e9e chez le public de ce parti.<\/p>\n<p><a href=\"http:\/\/www.lorientlejour.com\/article\/856157\/la-detente-politique-faciliterait-la-tenue-de-lelection-presidentielle.html\">L&rsquo;Orient Le Jour<\/a><\/p>\n","protected":false},"excerpt":{"rendered":"<p>L\u2019\u00c9CLAIRAGE Un \u00e9minent diplomate a fait savoir \u00e0 un responsable libanais que son pays \u00e9tait satisfait de la formation du gouvernement au Liban, dans la mesure o\u00f9 ce d\u00e9veloppement barre la route \u00e0 l&rsquo;installation du vide institutionnel tant au Grand S\u00e9rail, dans l&rsquo;imm\u00e9diat, qu&rsquo;ult\u00e9rieurement \u00e0 la pr\u00e9sidence de la R\u00e9publique. La mise sur pied du<\/p>\n","protected":false},"author":1,"featured_media":0,"comment_status":"closed","ping_status":"closed","sticky":false,"template":"","format":"standard","meta":{"_uf_show_specific_survey":0,"_uf_disable_surveys":false,"footnotes":""},"categories":[],"tags":[],"class_list":["post-138103","post","type-post","status-publish","format-standard"],"aioseo_notices":[],"_links":{"self":[{"href":"https:\/\/middleeasttransparent.com\/fr\/wp-json\/wp\/v2\/posts\/138103","targetHints":{"allow":["GET"]}}],"collection":[{"href":"https:\/\/middleeasttransparent.com\/fr\/wp-json\/wp\/v2\/posts"}],"about":[{"href":"https:\/\/middleeasttransparent.com\/fr\/wp-json\/wp\/v2\/types\/post"}],"author":[{"embeddable":true,"href":"https:\/\/middleeasttransparent.com\/fr\/wp-json\/wp\/v2\/users\/1"}],"replies":[{"embeddable":true,"href":"https:\/\/middleeasttransparent.com\/fr\/wp-json\/wp\/v2\/comments?post=138103"}],"version-history":[{"count":0,"href":"https:\/\/middleeasttransparent.com\/fr\/wp-json\/wp\/v2\/posts\/138103\/revisions"}],"wp:attachment":[{"href":"https:\/\/middleeasttransparent.com\/fr\/wp-json\/wp\/v2\/media?parent=138103"}],"wp:term":[{"taxonomy":"category","embeddable":true,"href":"https:\/\/middleeasttransparent.com\/fr\/wp-json\/wp\/v2\/categories?post=138103"},{"taxonomy":"post_tag","embeddable":true,"href":"https:\/\/middleeasttransparent.com\/fr\/wp-json\/wp\/v2\/tags?post=138103"}],"curies":[{"name":"wp","href":"https:\/\/api.w.org\/{rel}","templated":true}]}}