{"id":13700,"date":"2016-07-27T18:38:40","date_gmt":"2016-07-27T17:38:40","guid":{"rendered":"http:\/\/middleeasttransparent.com\/?p=13700"},"modified":"2016-07-27T18:39:36","modified_gmt":"2016-07-27T17:39:36","slug":"le-combat-essentiel-contre-le-djihadisme-ne-se-livre-pas-en-syrie-mais-en-france","status":"publish","type":"post","link":"https:\/\/middleeasttransparent.com\/fr\/le-combat-essentiel-contre-le-djihadisme-ne-se-livre-pas-en-syrie-mais-en-france\/","title":{"rendered":"\u00abLe combat essentiel contre le djihadisme ne se livre pas en Syrie, mais en France\u00bb"},"content":{"rendered":"<p class=\"story-title\"><strong>Si nous n\u2019arrivons pas \u00e0 vaincre le terrorisme islamiste, c\u2019est parce que nous commettons trois erreurs.<\/strong><\/p>\n<p class=\"story-title\">La premi\u00e8re erreur tient dans notre r\u00e9action imm\u00e9diate, prisonni\u00e8re du narcissisme m\u00e9diatique et de la dictature de l\u2019\u00e9motion. L\u00e0 o\u00f9 nos adversaires ont des kalachnikovs, nous avons des bougies, des hashtags, des comm\u00e9morations et des minutes de silence. Comprenons bien que la force des terroristes est d\u2019utiliser les armes de l\u2019Occident (\u00c9tat de droit, respect des libert\u00e9s, nouvelles technologies, r\u00e9seaux sociaux\u2026) pour les retourner contre lui et que nos r\u00e9actions \u00e9motionnelles ne font qu\u2019exhiber notre impuissance et confirmer les terroristes dans l\u2019id\u00e9e de faiblesse qu\u2019ils se font de nous.<\/p>\n<p class=\"story-title\"><strong>Notre deuxi\u00e8me erreur<\/strong> est de tout miser sur une strat\u00e9gie d\u00e9fensive qui vise \u00e0 prot\u00e9ger les cibles potentielles. Apr\u00e8s Mohamed Merah, nous avons prot\u00e9g\u00e9 les synagogues et les \u00e9coles juives. Apr\u00e8s l\u2019attaque rat\u00e9e de Sid Ahmed Ghlam contre une \u00e9glise \u00e0 Villejuif le 19 avril 2015, nous avons prot\u00e9g\u00e9 des \u00e9glises. Apr\u00e8s la tentative d\u2019attentat du Thalys du 21 ao\u00fbt 2015, nous avons envoy\u00e9 les Chasseurs alpins dans les gares. Apr\u00e8s le 14 juillet 2016 sanglant \u00e0 Nice, nous parlons des camions. Mais ces propositions oublient que dans le combat entre la lance et le bouclier c\u2019est toujours la lance qui finit par l\u2019emporter. Le terrorisme est par nature polymorphe et opportuniste, pouvant frapper une infinit\u00e9 de cibles, que nous n\u2019avons pas les moyens de toutes prot\u00e9ger. La bataille contre le terrorisme se gagne en amont. Faire patrouiller nos soldats dans les rues ne sert \u00e0 rien, car ainsi ils sont vus sans rien voir alors que dans la lutte contre le terrorisme il faut au contraire voir sans \u00eatre vu. Non seulement, cela gaspille des moyens financiers et humains qui pourraient \u00eatre employ\u00e9s plus efficacement ailleurs, mais en plus cela fatigue inutilement nos soldats. Ces patrouilles se font au d\u00e9triment du triptyque \u00abentra\u00eenement-mission-repos\u00bb. \u00c0 cause de l\u2019op\u00e9ration \u00abSentinelle\u00bb, v\u00e9ritable ligne Maginot du XXIe si\u00e8cle, nous avons d\u00fb rappeler une partie de nos soldats qui \u00e9taient engag\u00e9s dans des op\u00e9rations ext\u00e9rieures, o\u00f9 ils \u0153uvraient pourtant \u00e0 notre s\u00e9curit\u00e9, rogner sur le temps d\u2019entra\u00eenement de nos soldats (qui sont ainsi moins bien pr\u00e9par\u00e9s), r\u00e9duire leur temps de repos, auquel ils ont pourtant droit et qui les aide \u00e0 \u00eatre plus vigilants sur le terrain, r\u00e9duisant le risque d\u2019accidents ou de blessures.<\/p>\n<p class=\"story-title\"><strong>Notre troisi\u00e8me erreur<\/strong> est de penser qu\u2019une destruction de Daech au Moyen-Orient nous apporterait la s\u00e9curit\u00e9. Certes, l\u2019organisation a revendiqu\u00e9 et planifi\u00e9 certains attentats. Certes, certains terroristes islamistes \u00e9taient pass\u00e9s par la Syrie. Mais h\u00e9las, le n\u0153ud de la menace terroriste qui vise la France n\u2019est pas en Syrie, mais en France m\u00eame. Bien davantage qu\u2019\u00e0 Rakka, il est \u00e0 Molenbeek et dans bon nombre d\u2019autres villes belges et fran\u00e7aises. Il est illusoire de penser que si Daech disparaissait les attentats cesseraient. Il y a eu des attentats avant Daech, il y en aura apr\u00e8s. La disparition de Daech ne signifiera pas la disparition de l\u2019id\u00e9ologie djihadiste. Ceux qui sont pr\u00eats \u00e0 commettre des attentats les commettront simplement sous le drapeau d\u2019une autre organisation. Le probl\u00e8me n\u2019est pas tant l\u2019organisation qui t\u00e9l\u00e9guide les terroristes islamistes vivant en France que leur haine de notre pays qui les pousse \u00e0 accepter d\u2019\u00eatre ainsi t\u00e9l\u00e9guid\u00e9s. Tant que l\u2019islamisme prosp\u00e9rera chez nous, nous ne serons pas en s\u00e9curit\u00e9.<\/p>\n<p class=\"story-title\">Pour r\u00e9gler ce probl\u00e8me, il faut d\u2019abord changer notre politique migratoire. Nous devons r\u00e9duire, provisoirement mais massivement, l\u2019immigration. Et ce, tant que toutes les personnes issues de l\u2019immigration n\u2019auront pas \u00e9t\u00e9 correctement assimil\u00e9es. Nous devons reprendre le contr\u00f4le de nos fronti\u00e8res, suspendre le regroupement familial, r\u00e9tablir la double peine, lutter drastiquement contre l\u2019immigration clandestine. Toute personne \u00e9trang\u00e8re qui commet un acte de violence ou conna\u00eet un d\u00e9but de criminalisation doit \u00eatre aussit\u00f4t expuls\u00e9e. R\u00e9duisons le nombre d\u2019immigr\u00e9s l\u00e9gaux, choisissons ces immigr\u00e9s l\u00e9gaux de fa\u00e7on \u00e0 passer d\u2019une immigration subie \u00e0 une immigration r\u00e9fl\u00e9chie et \u00e0 refuser ceux qui menacent notre s\u00e9curit\u00e9 et nos valeurs. \u00c0 cela doit s\u2019ajouter une politique active de cod\u00e9veloppement avec les pays pauvres afin de leur permettre un d\u00e9veloppement \u00e9conomique, respectueux de l\u2019environnement, cr\u00e9ateur d\u2019emplois et r\u00e9ducteur d\u2019in\u00e9galit\u00e9s, de fa\u00e7on \u00e0 r\u00e9duire la tentation du d\u00e9part. En parall\u00e8le, il faut faire reculer dans notre pays l\u2019islamisme radical et ses capacit\u00e9s d\u2019action. \u00c0 court terme, cela implique de r\u00e9cup\u00e9rer toutes les armes de guerre qui circulent clandestinement sur notre territoire. \u00c0 moyen terme, nous devons d\u00e9manteler toutes les cellules islamistes, arr\u00eater les militants djihadistes, mettre \u00e0 l\u2019isolement complet les prisonniers radicalis\u00e9s, fermer tous les lieux o\u00f9 se tiennent des pr\u00eaches radicaux, expulser tous les islamistes \u00e9trangers, \u00e0 commencer par les imams radicaux. Nous devons instiller un climat de peur chez ces militants.<\/p>\n<p class=\"story-title\">\u00c0 long terme, nous devons mettre en place des politiques assimilationnistes, remettre la discipline et la transmission des savoirs au c\u0153ur de l\u2019\u00e9cole, refuser l\u2019assistanat en mati\u00e8re sociale et le laxisme en mati\u00e8re judiciaire et r\u00e9habiliter le roman national. Il faut s\u2019opposer avec fermet\u00e9 \u00e0 toutes les pressions communautaristes et \u00e0 toutes les exigences des islamistes. Il faut r\u00e9apprendre \u00e0 aimer et faire aimer notre pays avec notre identit\u00e9, nos valeurs, notre drapeau. L\u2019excellent slogan \u00abLa France, tu l\u2019aimes ou tu la quittes\u00bb doit \u00eatre ici parfaitement assum\u00e9. Ce slogan s\u2019oppose aussi bien \u00e0 la situation actuelle qu\u2019au racisme. Il s\u2019oppose \u00e0 la situation actuelle en affirmant que personne n\u2019est oblig\u00e9 de venir en France et qu\u2019on ne doit pas \u00eatre accept\u00e9 ici si l\u2019on n\u2019aime pas la France et si l\u2019on ne respecte pas ses lois et ses m\u0153urs, ce qui rel\u00e8ve du plus \u00e9l\u00e9mentaire bon sens. Mais ce slogan s\u2019oppose aussi \u00e0 une vision raciste, car il ne croit pas \u00e0 l\u2019immigration z\u00e9ro et affirme qu\u2019\u00eatre fran\u00e7ais n\u2019est pas une question de sang, d\u2019origine, de couleur de peau ou de religion, mais une question d\u2019adh\u00e9sion aux valeurs r\u00e9publicaines et d\u2019amour pour notre pays.<\/p>\n<div id=\"content-area\">\n<p>Source :<br \/>\n<a href=\"http:\/\/premium.lefigaro.fr\/vox\/monde\/2016\/07\/25\/31002-20160725ARTFIG00195-renaud-girard-le-combat-essentiel-contre-le-djihadisme-ne-se-livre-pas-en-syrie-mais-en-france.php\">http:\/\/premium.lefigaro.fr\/vox\/monde\/2016\/07\/25\/31002-20160725ARTFIG00195-renaud-girard-le-combat-essentiel-contre-le-djihadisme-ne-se-livre-pas-en-syrie-mais-en-france.php<\/a><\/p>\n<\/div>\n","protected":false},"excerpt":{"rendered":"<p>Si nous n\u2019arrivons pas \u00e0 vaincre le terrorisme islamiste, c\u2019est parce que nous commettons trois erreurs. La premi\u00e8re erreur tient dans notre r\u00e9action imm\u00e9diate, prisonni\u00e8re du narcissisme m\u00e9diatique et de la dictature de l\u2019\u00e9motion. L\u00e0 o\u00f9 nos adversaires ont des kalachnikovs, nous avons des bougies, des hashtags, des comm\u00e9morations et des minutes de silence. Comprenons<\/p>\n","protected":false},"author":1,"featured_media":13702,"comment_status":"open","ping_status":"open","sticky":false,"template":"","format":"standard","meta":{"_uf_show_specific_survey":0,"_uf_disable_surveys":false,"footnotes":""},"categories":[25],"tags":[],"class_list":{"0":"post-13700","1":"post","2":"type-post","3":"status-publish","4":"format-standard","5":"has-post-thumbnail","7":"category-decryptages"},"aioseo_notices":[],"_links":{"self":[{"href":"https:\/\/middleeasttransparent.com\/fr\/wp-json\/wp\/v2\/posts\/13700","targetHints":{"allow":["GET"]}}],"collection":[{"href":"https:\/\/middleeasttransparent.com\/fr\/wp-json\/wp\/v2\/posts"}],"about":[{"href":"https:\/\/middleeasttransparent.com\/fr\/wp-json\/wp\/v2\/types\/post"}],"author":[{"embeddable":true,"href":"https:\/\/middleeasttransparent.com\/fr\/wp-json\/wp\/v2\/users\/1"}],"replies":[{"embeddable":true,"href":"https:\/\/middleeasttransparent.com\/fr\/wp-json\/wp\/v2\/comments?post=13700"}],"version-history":[{"count":0,"href":"https:\/\/middleeasttransparent.com\/fr\/wp-json\/wp\/v2\/posts\/13700\/revisions"}],"wp:featuredmedia":[{"embeddable":true,"href":"https:\/\/middleeasttransparent.com\/fr\/wp-json\/wp\/v2\/media\/13702"}],"wp:attachment":[{"href":"https:\/\/middleeasttransparent.com\/fr\/wp-json\/wp\/v2\/media?parent=13700"}],"wp:term":[{"taxonomy":"category","embeddable":true,"href":"https:\/\/middleeasttransparent.com\/fr\/wp-json\/wp\/v2\/categories?post=13700"},{"taxonomy":"post_tag","embeddable":true,"href":"https:\/\/middleeasttransparent.com\/fr\/wp-json\/wp\/v2\/tags?post=13700"}],"curies":[{"name":"wp","href":"https:\/\/api.w.org\/{rel}","templated":true}]}}