{"id":13671,"date":"2016-07-26T11:25:31","date_gmt":"2016-07-26T10:25:31","guid":{"rendered":"http:\/\/middleeasttransparent.com\/?p=13671"},"modified":"2016-07-26T11:25:31","modified_gmt":"2016-07-26T10:25:31","slug":"le-camp-juppe-veut-sinspirer-de-napoleon-pour-creer-lislam-de-france","status":"publish","type":"post","link":"https:\/\/middleeasttransparent.com\/fr\/le-camp-juppe-veut-sinspirer-de-napoleon-pour-creer-lislam-de-france\/","title":{"rendered":"Le camp Jupp\u00e9 veut s&rsquo;inspirer de Napol\u00e9on pour \u00abcr\u00e9er l&rsquo;islam de France\u00bb"},"content":{"rendered":"<div class=\"fig-article-header\">\n<p>Par <a class=\" fig-picto-journaliste-haut journaliste\" href=\"http:\/\/plus.lefigaro.fr\/page\/arthur-berdah\">Arthur Berdah<\/a><\/p>\n<\/div>\n<p class=\"fig-chapo\"><strong>LE SCAN POLITIQUE\/VID\u00c9O &#8211; Invit\u00e9 de RMC\/BFM TV, le d\u00e9put\u00e9 LR de la Marne et porte-parole du candidat \u00e0 la primaire \u00e0 droite, Benoist Apparu, a dit souhaiter \u00abun grand d\u00e9bat public entre l&rsquo;\u00c9tat fran\u00e7ais et cette religion\u00bb.<\/strong><\/p>\n<div class=\"fig-article-body\">\n<p>L&rsquo;encha\u00eenement des attentats n&rsquo;aura pas raison de leur concept \u00abd&rsquo;identit\u00e9 heureuse\u00bb. Apr\u00e8s la surench\u00e8re s\u00e9curitaire \u00e0 laquelle s&rsquo;est livr\u00e9e la droite au lendemain de la terrible attaque terroriste de Nice, <a href=\"http:\/\/www.lefigaro.fr\/politique\/le-scan\/citations\/2016\/07\/15\/25002-20160715ARTFIG00128-juppe-si-tous-les-moyens-avaient-ete-pris-le-drame-de-nice-n-aurait-pas-eu-lieu.php\" target=\"_self\">le camp Jupp\u00e9 &#8211; qui y a largement particip\u00e9 &#8211;<\/a> semble vouloir d\u00e9sormais entrer dans une phase d&rsquo;apaisement. C&rsquo;est en tout cas ce qu&rsquo;a laiss\u00e9 entendre le d\u00e9put\u00e9-maire les R\u00e9publicains (LR) de Ch\u00e2lons-en-Champagne (Marne) et porte-parole du candidat \u00e0 la primaire, Benoist Apparu, invit\u00e9 de <a href=\"http:\/\/www.bfmtv.com\/politique\/apparu-les-polemiques-sur-nice-ne-sont-pas-saines-1019610.html\" target=\"_blank\">RMC\/BFM TV<\/a> ce mardi matin.<\/p>\n<p>Revenant sur les pol\u00e9miques politiques n\u00e9es d\u00e8s le 14 juillet au soir, le parlementaire a d&rsquo;abord jug\u00e9 que celles-ci n&rsquo;\u00e9taient \u00abpas saines\u00bb. \u00abIl y a des mauvaises choses, on le voit dans le d\u00e9bat public qui n&rsquo;est pas \u00e0 la hauteur des enjeux (&#8230;). Mais nous avons tout en notre pouvoir pour pouvoir nous en sortir\u00bb, esp\u00e8re-t-il. Pour ce faire, l&rsquo;\u00e9lu juge ainsi n\u00e9cessaire de \u00abretrouver le go\u00fbt d&rsquo;\u00eatre Fran\u00e7ais (et insuffler) un nouveau patriotisme en France\u00bb, <a href=\"http:\/\/www.lefigaro.fr\/actualite-france\/2015\/11\/29\/01016-20151129ARTFIG00168-l-islam-de-france-affiche-son-unite-contre-le-terrorisme.php\" target=\"_self\">sans pour autant \u00abse tromper d&rsquo;ennemi\u00bb en confondant Daech et l&rsquo;islam<\/a>.<\/p>\n<p>Toutefois, bien qu&rsquo;il d\u00e9nonce l&rsquo;\u00c9tat islamique comme \u00e9tant une \u00abpseudo-religion qui n&rsquo;a strictement rien \u00e0 voir avec l&rsquo;islam\u00bb, Benoist Apparu juge utile de se pencher sur la question de l&rsquo;int\u00e9gration de l&rsquo;islam \u00e0 la R\u00e9publique. \u00abL&rsquo;id\u00e9e c&rsquo;est de se dire qu&rsquo;il y a des valeurs non-n\u00e9gociables, intangibles: les trois mots de notre devise, la la\u00efcit\u00e9, l&rsquo;\u00e9galite homme-femme&#8230; Et \u00e7a, il n&rsquo;y a pas de discussion possible. C&rsquo;est comme \u00e7a, et ceux qui ne sont pas d&rsquo;accord, tant pis pour eux. On l&rsquo;impose \u00e0 tout le monde\u00bb, a-t-il martel\u00e9.<\/p>\n<h2>Jupp\u00e9 \u00abint\u00e9ress\u00e9\u00bb mais pas encore acquis<\/h2>\n<p>Une fois toutes ces conditions remplies, l&rsquo;\u00e9dile juge \u00abqu&rsquo;on pourra enfin se poser des questions sur l&rsquo;organisation de l&rsquo;islam \u201cen\u201d France pour ensuite cr\u00e9er l&rsquo;islam \u201cde\u201d France\u00bb. \u00ab\u00c7a peut passer par un grand d\u00e9bat public entre l&rsquo;\u00c9tat et cette religion. <a href=\"http:\/\/www.lefigaro.fr\/vox\/histoire\/2016\/06\/10\/31005-20160610ARTFIG00258-patrice-gueniffey-comment-napoleon-a-reussi-l-assimilation-des-juifs.php\" target=\"_self\">Il y a un souvenir que j&rsquo;aime beaucoup, c&rsquo;est ce qui a \u00e9t\u00e9 fait en 1807 par Napol\u00e9on, avec une autre religion<\/a>: (il) a pos\u00e9 12 questions d&rsquo;une \u00e9tonnante actualit\u00e9 aux Juifs de France. Il a r\u00e9uni 72 grands dignitaires pour qu&rsquo;ils r\u00e9pondent officiellement: \u201cEst-ce que vous vous soumettez \u00e0 la loi fran\u00e7aise par rapport aux lois religieuses?\u201d\u00bb, a-t-il notamment rappel\u00e9, en allusion au <a href=\"http:\/\/www.lefigaro.fr\/politique\/2012\/01\/26\/01002-20120126ARTFIG00484-pourquoi-le-concordat-s-applique-en-alsace-moselle.php\" target=\"_self\">r\u00e9gime concordataire r\u00e9gissant le rapport entre l&rsquo;\u00c9tat et les religions de 1801 \u00e0 1905<\/a> (date de s\u00e9paration de l&rsquo;\u00c9glise et de l&rsquo;\u00c9tat).<\/p>\n<p>\u00ab\u00c7a, \u00e7&rsquo;a \u00e9t\u00e9 l&rsquo;organisation du culte juda\u00efque en France, \u00e7&rsquo;a \u00e9t\u00e9 la cr\u00e9ation du Consistoire, et donc d&rsquo;un clerg\u00e9, d&rsquo;une hi\u00e9rarchie pour cette religion. Il faut arriver \u00e0 cr\u00e9er une hi\u00e9rarchie au sein de l&rsquo;islam de France pour avoir des interlocuteurs du quotidien (&#8230;) (et) cr\u00e9er une concorde entre les uns et les autres\u00bb, a-t-il encore d\u00e9taill\u00e9. Contact\u00e9 par Le Scan, le parlementaire assure que sa proposition \u00abint\u00e9resse\u00bb Alain Jupp\u00e9, m\u00eame si celui-ci ne l&rsquo;a \u00abpour l&rsquo;instant pas reprise pour argent comptant\u00bb. Il se f\u00e9licite par ailleurs que le maire LR de Tourcoing (Nord),<a href=\"http:\/\/www.lefigaro.fr\/politique\/2015\/06\/04\/01002-20150604ARTFIG00407-islam-de-france-darmanin-promet-des-propositions-pour-une-vie-en-commun.php\" target=\"\">G\u00e9rald Darmanin, s&rsquo;en soit inspir\u00e9 dans son <\/a><i><a href=\"http:\/\/www.lefigaro.fr\/politique\/2015\/06\/04\/01002-20150604ARTFIG00407-islam-de-france-darmanin-promet-des-propositions-pour-une-vie-en-commun.php\" target=\"_self\">Plaidoyer pour un Islam fran\u00e7ais<\/a><\/i>.<\/p>\n<p><a href=\"http:\/\/www.lefigaro.fr\/politique\/le-scan\/2016\/07\/26\/25001-20160726ARTFIG00090-le-camp-juppe-veut-s-inspirer-de-napoleon-pour-creer-l-islam-de-france.php\">LE FIGARO<\/a><\/p>\n<p><a href=\"http:\/\/www.middleeasttransparent.com\/spip.php?page=article&amp;id_article=9407&amp;lang=fr\">Pierre Akel: \u00a0Le grand Sanh\u00e9drin Juif comme un exemple de r\u00e9forme de l\u2019Islam<\/a><\/p>\n<\/div>\n","protected":false},"excerpt":{"rendered":"<p>Par Arthur Berdah LE SCAN POLITIQUE\/VID\u00c9O &#8211; Invit\u00e9 de RMC\/BFM TV, le d\u00e9put\u00e9 LR de la Marne et porte-parole du candidat \u00e0 la primaire \u00e0 droite, Benoist Apparu, a dit souhaiter \u00abun grand d\u00e9bat public entre l&rsquo;\u00c9tat fran\u00e7ais et cette religion\u00bb. L&rsquo;encha\u00eenement des attentats n&rsquo;aura pas raison de leur concept \u00abd&rsquo;identit\u00e9 heureuse\u00bb. Apr\u00e8s la surench\u00e8re<\/p>\n","protected":false},"author":152,"featured_media":13674,"comment_status":"open","ping_status":"open","sticky":false,"template":"","format":"standard","meta":{"_uf_show_specific_survey":0,"_uf_disable_surveys":false,"footnotes":""},"categories":[22],"tags":[],"class_list":{"0":"post-13671","1":"post","2":"type-post","3":"status-publish","4":"format-standard","5":"has-post-thumbnail","7":"category-actualites-fr"},"aioseo_notices":[],"_links":{"self":[{"href":"https:\/\/middleeasttransparent.com\/fr\/wp-json\/wp\/v2\/posts\/13671","targetHints":{"allow":["GET"]}}],"collection":[{"href":"https:\/\/middleeasttransparent.com\/fr\/wp-json\/wp\/v2\/posts"}],"about":[{"href":"https:\/\/middleeasttransparent.com\/fr\/wp-json\/wp\/v2\/types\/post"}],"author":[{"embeddable":true,"href":"https:\/\/middleeasttransparent.com\/fr\/wp-json\/wp\/v2\/users\/152"}],"replies":[{"embeddable":true,"href":"https:\/\/middleeasttransparent.com\/fr\/wp-json\/wp\/v2\/comments?post=13671"}],"version-history":[{"count":0,"href":"https:\/\/middleeasttransparent.com\/fr\/wp-json\/wp\/v2\/posts\/13671\/revisions"}],"wp:featuredmedia":[{"embeddable":true,"href":"https:\/\/middleeasttransparent.com\/fr\/wp-json\/wp\/v2\/media\/13674"}],"wp:attachment":[{"href":"https:\/\/middleeasttransparent.com\/fr\/wp-json\/wp\/v2\/media?parent=13671"}],"wp:term":[{"taxonomy":"category","embeddable":true,"href":"https:\/\/middleeasttransparent.com\/fr\/wp-json\/wp\/v2\/categories?post=13671"},{"taxonomy":"post_tag","embeddable":true,"href":"https:\/\/middleeasttransparent.com\/fr\/wp-json\/wp\/v2\/tags?post=13671"}],"curies":[{"name":"wp","href":"https:\/\/api.w.org\/{rel}","templated":true}]}}