{"id":135886,"date":"2013-10-22T14:13:55","date_gmt":"2013-10-22T13:13:55","guid":{"rendered":"https:\/\/middleeasttransparent.com\/des-vertus-du-rapprochement-americano-iranien\/"},"modified":"2024-01-23T13:22:15","modified_gmt":"2024-01-23T12:22:15","slug":"des-vertus-du-rapprochement-americano-iranien","status":"publish","type":"post","link":"https:\/\/middleeasttransparent.com\/fr\/des-vertus-du-rapprochement-americano-iranien\/","title":{"rendered":"Des vertus du rapprochement am\u00e9ricano-iranien&#8230;"},"content":{"rendered":"<p><strong>L\u2019\u00c9CLAIRAGE<br \/>\n<\/strong><\/p>\n<p>C\u2019est un ministre ayant suivi de pr\u00e8s cette affaire \u00e9pique qui le dit : le retour des otages de Aazaz apr\u00e8s 530 jours de captivit\u00e9 marque le d\u00e9but d\u2019une nouvelle \u00e9tape dans l\u2019histoire de la r\u00e9gion, qui suit l\u2019accord am\u00e9ricano-russe sur la n\u00e9cessit\u00e9 de mettre un terme \u00e0 la crise syrienne \u00e0 travers d\u2019abord la destruction des armes chimiques, puis la tenue de Gen\u00e8ve 2 le 23 novembre prochain. Gen\u00e8ve 2, qui regroupera les deux parties en conflit, le r\u00e9gime et l\u2019opposition, l\u2019\u00e9missaire onusien Lakhdar Brahimi ayant \u00e9t\u00e9 du reste charg\u00e9 de d\u00e9terminer la liste des pr\u00e9sents, dont l\u2019Iran fera certainement partie.<\/p>\n<p>La lib\u00e9ration des p\u00e8lerins de Aazaz s\u2019accompagne aussi du r\u00e9chauffement du climat dans les relations am\u00e9ricano-iraniennes. La derni\u00e8re r\u00e9union entre l\u2019Iran et le G 5+1 \u00e0 Vienne s\u2019est d\u00e9roul\u00e9e dans une atmosph\u00e8re positive concernant le dossier nucl\u00e9aire. Par ailleurs, Washington souhaite r\u00e9ussir une certaine avanc\u00e9e dans les n\u00e9gociations isra\u00e9lo-palestiniennes. Le secr\u00e9taire d\u2019\u00c9tat John Kerry a ainsi exprim\u00e9 sa volont\u00e9 de participer aux n\u00e9gociations pour leur donner un coup de fouet, apr\u00e8s une demande dans ce sens formul\u00e9e par les Palestiniens.<\/p>\n<p>C\u2019est dans ce contexte que s\u2019inscrit le retour \u00e0 la lumi\u00e8re des otages de Aazaz ; c\u2019est-\u00e0-dire \u00e0 l\u2019heure o\u00f9 tous les dossiers en suspens commencent \u00e0 faire l\u2019objet d\u2019un dialogue. La participation de la Turquie, du Qatar et des Palestiniens \u00e0 la solution est en soi la preuve que c\u2019est une grande d\u00e9cision qui a permis la lib\u00e9ration des otages ; quand bien m\u00eame le r\u00e9gime syrien n\u2019a pas tenu ses promesses et n\u2019a pas lib\u00e9r\u00e9 les d\u00e9tenues syriennes. Il avait pourtant promis au directeur de la S\u00fbret\u00e9 g\u00e9n\u00e9rale, Abbas Ibrahim, de faire tout ce qui est en son pouvoir pour contribuer \u00e0 la lib\u00e9ration des p\u00e8lerins, en signe de reconnaissance envers le Hezbollah pour sa participation aux combats \u00e0 ses c\u00f4t\u00e9s sur le territoire syrien. Cependant, des d\u00e9veloppements de derni\u00e8re minute semblent avoir entrav\u00e9 la lib\u00e9ration des prisonni\u00e8res syriennes. Des sources du 14 Mars estiment ainsi que le r\u00e9gime syrien souhaiterait proc\u00e9der \u00e0 une vaste op\u00e9ration de chantage en direction de l\u2019\u00c9tat libanais par le biais de ce dossier, en vertu de l\u2019\u00e9quation suivante : la lib\u00e9ration des prisonni\u00e8res en \u00e9change d\u2019une s\u00e9rie de \u00ab preuves de docilit\u00e9 \u00bb de la part du Liban vis-\u00e0-vis du r\u00e9gime&#8230;<\/p>\n<p>De sources des milieux financiers et \u00e9conomiques qui se trouvaient r\u00e9cemment \u00e0 Washington dans le cadre des r\u00e9unions annuelles de la Banque mondiale, et qui ont donc rencontr\u00e9 des responsables au sein de l\u2019administration US, confirment que l\u2019ouverture am\u00e9ricaine sur l\u2019Iran est s\u00e9rieuse. Washington attend donc de voir quel sera le degr\u00e9 d\u2019ouverture de T\u00e9h\u00e9ran sur la communaut\u00e9 internationale. Les sanctions \u00e9conomiques US continueront d\u2019\u00eatre appliqu\u00e9es dans une premi\u00e8re phase, dans la mesure o\u00f9 elles s\u2019av\u00e8rent donner de bien meilleurs r\u00e9sultats que n\u2019importe quelle pression d\u2019ordre politique ou militaire, selon les responsables am\u00e9ricains. Ces m\u00eames responsables soulignent la possibilit\u00e9 d\u2019une solution \u00e0 la crise syrienne par le biais d\u2019un accord avec Moscou et affirment appr\u00e9cier la coop\u00e9ration du r\u00e9gime avec les Russes dans le cadre du processus de destruction des armes chimiques. Ils expriment de m\u00eame un souci particulier pour le cas libanais et les r\u00e9percussions de la crise syrienne sur ce pays, notamment aux plans \u00e9conomique, financier et s\u00e9curitaire, en souhaitant que le statu quo actuel se maintienne. Mais ils insistent cependant sur la n\u00e9cessit\u00e9 de former un cabinet pour que le Liban puisse enfin b\u00e9n\u00e9ficier d\u2019un gouvernement dot\u00e9 de l\u2019ensemble de ses pr\u00e9rogatives&#8230; Un cabinet qui b\u00e9n\u00e9ficierait de \u00ab leur soutien \u00bb, sans rentrer dans les d\u00e9tails.<\/p>\n<p>Pour le ministre sortant de l\u2019Int\u00e9rieur, Marwan Charbel, toutes les parties ont admis qu\u2019il existe des lignes rouges infranchissables pour \u00e9viter une d\u00e9t\u00e9rioration de la situation, d\u00e9j\u00e0 extr\u00eamement pr\u00e9caire. Selon lui, la lib\u00e9ration des otages permettra d\u2019immuniser davantage la sc\u00e8ne locale au plan s\u00e9curitaire et d\u2019acc\u00e9l\u00e9rer le plan pour Tripoli. De m\u00eame, cet \u00e9v\u00e9nement pourrait enfin dynamiser le dossier de la formation du cabinet, comme le montrerait la r\u00e9union de samedi entre Nabih Berry et Fouad Siniora, preuve flagrante, selon un observateur avis\u00e9, de l\u2019avis des deux parties de mettre fin \u00e0 la rupture et r\u00e9soudre les dossiers en suspens. Et c\u2019est bien une dynamique qui aurait \u00e9t\u00e9 initi\u00e9e loin des projecteurs pour r\u00e9soudre la question du gouvernement, par le Premier ministre d\u00e9sign\u00e9 et le pr\u00e9sident de la R\u00e9publique, dont les r\u00e9sultats devraient \u00eatre r\u00e9v\u00e9l\u00e9s dans les jours \u00e0 venir. Les deux hommes sont en effet plus que jamais convaincus que l\u2019ampleur de la situation n\u00e9cessite un cabinet responsable capable d\u2019interagir avec la communaut\u00e9 internationale et les instances internationales pour r\u00e9gler diff\u00e9rents dossiers, dont celui des d\u00e9plac\u00e9s syriens. Ce nouveau cabinet ne vivra pas d\u2019ailleurs plus de six mois, soit jusqu\u2019\u00e0 la fin du mandat Sleiman, rappellent les observateurs. Il s\u2019agit donc d\u2019un cabinet de transition en attendant que l\u2019\u00e9lection pr\u00e9sidentielle ait lieu dans les d\u00e9lais impartis.<\/p>\n<p>Certaines parties politiques r\u00e9clament dans ce cadre l\u2019organisation des l\u00e9gislatives avant la pr\u00e9sidentielle, afin que ce soit la nouvelle Chambre qui \u00e9lise le nouveau pr\u00e9sident, compte tenu du fait de la violente polarisation actuelle entre le 14 Mars et le 8 Mars. Des sources politiques affirment ainsi que les capitales \u00e9trang\u00e8res mijoteraient dans ce sens une s\u00e9rie d\u2019initiatives pour rapprocher les parties en pr\u00e9sence et mettre fin au clivage actuel, en favorisant le courant des mod\u00e9r\u00e9s et des ind\u00e9pendants, et en les aidant \u00e0 se manifester davantage. Aussi un responsable europ\u00e9en, dont les propos sont relay\u00e9s par un responsable local, affirme-t-il qu\u2019il n\u2019y a pas de place sur la sc\u00e8ne libanaise pour le radicalisme et que les prochains pr\u00e9sidents de la R\u00e9publique et du Conseil seront in\u00e9luctablement des mod\u00e9r\u00e9s et des ind\u00e9pendants, loin des camps politiques rivaux&#8230;<\/p>\n<p><a href=\"http:\/\/www.lorientlejour.com\/article\/838605\/des-vertus-du-rapprochement-americano-iranien.html\">L&rsquo;Orient Le Jour<br \/>\n<\/a><\/p>\n","protected":false},"excerpt":{"rendered":"<p>L\u2019\u00c9CLAIRAGE C\u2019est un ministre ayant suivi de pr\u00e8s cette affaire \u00e9pique qui le dit : le retour des otages de Aazaz apr\u00e8s 530 jours de captivit\u00e9 marque le d\u00e9but d\u2019une nouvelle \u00e9tape dans l\u2019histoire de la r\u00e9gion, qui suit l\u2019accord am\u00e9ricano-russe sur la n\u00e9cessit\u00e9 de mettre un terme \u00e0 la crise syrienne \u00e0 travers d\u2019abord<\/p>\n","protected":false},"author":1,"featured_media":0,"comment_status":"closed","ping_status":"closed","sticky":false,"template":"","format":"standard","meta":{"_uf_show_specific_survey":0,"_uf_disable_surveys":false,"footnotes":""},"categories":[],"tags":[],"class_list":["post-135886","post","type-post","status-publish","format-standard"],"aioseo_notices":[],"_links":{"self":[{"href":"https:\/\/middleeasttransparent.com\/fr\/wp-json\/wp\/v2\/posts\/135886","targetHints":{"allow":["GET"]}}],"collection":[{"href":"https:\/\/middleeasttransparent.com\/fr\/wp-json\/wp\/v2\/posts"}],"about":[{"href":"https:\/\/middleeasttransparent.com\/fr\/wp-json\/wp\/v2\/types\/post"}],"author":[{"embeddable":true,"href":"https:\/\/middleeasttransparent.com\/fr\/wp-json\/wp\/v2\/users\/1"}],"replies":[{"embeddable":true,"href":"https:\/\/middleeasttransparent.com\/fr\/wp-json\/wp\/v2\/comments?post=135886"}],"version-history":[{"count":0,"href":"https:\/\/middleeasttransparent.com\/fr\/wp-json\/wp\/v2\/posts\/135886\/revisions"}],"wp:attachment":[{"href":"https:\/\/middleeasttransparent.com\/fr\/wp-json\/wp\/v2\/media?parent=135886"}],"wp:term":[{"taxonomy":"category","embeddable":true,"href":"https:\/\/middleeasttransparent.com\/fr\/wp-json\/wp\/v2\/categories?post=135886"},{"taxonomy":"post_tag","embeddable":true,"href":"https:\/\/middleeasttransparent.com\/fr\/wp-json\/wp\/v2\/tags?post=135886"}],"curies":[{"name":"wp","href":"https:\/\/api.w.org\/{rel}","templated":true}]}}