{"id":135837,"date":"2013-10-12T10:39:38","date_gmt":"2013-10-12T09:39:38","guid":{"rendered":"https:\/\/middleeasttransparent.com\/la-presidentielle-de-nouveau-sur-la-sellette-une-prorogation-du-mandat-sleiman-nest-pas-a-exclure\/"},"modified":"2024-01-23T13:22:07","modified_gmt":"2024-01-23T12:22:07","slug":"la-presidentielle-de-nouveau-sur-la-sellette-une-prorogation-du-mandat-sleiman-nest-pas-a-exclure","status":"publish","type":"post","link":"https:\/\/middleeasttransparent.com\/fr\/la-presidentielle-de-nouveau-sur-la-sellette-une-prorogation-du-mandat-sleiman-nest-pas-a-exclure\/","title":{"rendered":"La pr\u00e9sidentielle de nouveau sur la sellette : une prorogation du mandat Sleiman n\u2019est pas \u00e0 exclure"},"content":{"rendered":"<p><strong>L\u2019\u00c9CLAIRAGE<br \/>\n<\/strong><\/p>\n<p>Le dossier de la pr\u00e9sidentielle est de nouveau sur la sellette, alors m\u00eame que le Liban peine \u00e0 former un nouveau gouvernement. Le Parlement \u00e9lira-t-il un nouveau chef de l\u2019\u00c9tat avant le 25 mai, date \u00e0 laquelle le mandat du pr\u00e9sident Michel Sleiman expire, ou bien ce sont les l\u00e9gislatives qui seront organis\u00e9es en premier et c\u2019est une nouvelle Chambre qui \u00e9lira le locataire de Baabda ?<\/p>\n<p>Curieusement, telles sont les questions qui occupent actuellement les milieux politiques libanais et auxquelles les capitales occidentales commencent \u00e9galement \u00e0 s\u2019int\u00e9resser \u00e0 l\u2019heure o\u00f9 rien ne va plus dans le pays. Elles se justifient par le fait que d\u2019aucuns consid\u00e8rent que le Parlement actuel, compte tenu de sa composition, n\u2019est pas en mesure d\u2019assurer l\u2019\u00e9lection d\u2019un chef de l\u2019\u00c9tat aux deux tiers des voix.<\/p>\n<p>Selon des observateurs politiques, si le dossier de la pr\u00e9sidentielle refait surface actuellement, c\u2019est parce qu\u2019il existe une volont\u00e9 de le soustraire aux tiraillements politiques en tentant de mettre en place un package deal autour de la pr\u00e9sidentielle, de la loi \u00e9lectorale et du gouvernement. En d\u2019autres termes, il s\u2019agit d\u2019aboutir \u00e0 une sorte de nouvel accord de Doha. Une tentative qui explique, pour certains, le blocage actuel au niveau du dossier gouvernemental que des parties politiques exploiteraient afin d\u2019aboutir \u00e0 ce package deal.<\/p>\n<p>Organiser cependant les l\u00e9gislatives avant la pr\u00e9sidentielle commande imp\u00e9rativement une prolongation du mandat du pr\u00e9sident Michel Sleiman, ce dernier devant superviser la consultation populaire. Cela suppose \u00e9ventuellement un retour \u00e0 l\u2019\u00e9ch\u00e9ance qui pr\u00e9valait avant Ta\u00ebf pour ce qui est de l\u2019\u00e9lection pr\u00e9sidentielle. Le chef de l\u2019\u00c9tat devait \u00eatre \u00e9lu \u00e0 l\u2019\u00e9poque avant la date butoir du 23 septembre.<\/p>\n<p>On ignore cependant si un tel sc\u00e9nario serait accept\u00e9 par le pr\u00e9sident qui refuse cat\u00e9goriquement une rallonge de son mandat. Mais de sources diplomatiques, on indique que le dossier de la pr\u00e9sidentielle et les diff\u00e9rents sc\u00e9narios avanc\u00e9s commencent \u00e0 attirer l\u2019attention des d\u00e9cideurs arabes et internationaux. De m\u00eames sources, on affirme que les noms d\u2019\u00e9ventuels pr\u00e9sidentiables commencent \u00e0 \u00eatre pass\u00e9s en revue. Dans ce contexte, les visiteurs de certaines capitales font \u00e9tat de quatre formules en cours. La premi\u00e8re consiste \u00e0 convaincre Michel Sleiman, soucieux de respecter le principe de l\u2019alternance au pouvoir, d\u2019accepter une rallonge de deux ans de son mandat pour superviser les l\u00e9gislatives de sorte que son successeur soit \u00e9lu par la nouvelle Chambre. La deuxi\u00e8me consiste \u00e0 hisser une figure \u00e9conomique \u00e0 la magistrature supr\u00eame. Dans ce cadre, c\u2019est le nom du gouverneur de la Banque du Liban, Riad Salam\u00e9, qui est avanc\u00e9. La troisi\u00e8me porte sur l\u2019\u00e9lection d\u2019une personnalit\u00e9 politique. Trois noms ont la cote : un ancien ministre, un ministre et un d\u00e9put\u00e9 actuels. Quant \u00e0 la quatri\u00e8me, elle se rapporte \u00e0 l\u2019\u00e9lection d\u2019une personnalit\u00e9 militaire, en l\u2019occurrence le commandant en chef de l\u2019arm\u00e9e, le g\u00e9n\u00e9ral Jean Kahwagi.<\/p>\n<p>Il semble que ces quatre formules soient minutieusement \u00e9tudi\u00e9es par les d\u00e9cideurs, soucieux d\u2019\u00e9viter un vide institutionnel au Liban. De sources diplomatiques, on fait \u00e9tat \u00e0 ce propos d\u2019une d\u00e9cision internationalo-r\u00e9gionale de garantir l\u2019\u00e9lection d\u2019un chef de l\u2019\u00c9tat dans les d\u00e9lais constitutionnels et d\u2019\u00e9viter co\u00fbte que co\u00fbte un vide similaire \u00e0 celui de 2007.<\/p>\n<p>Au niveau local, les forces du 14 Mars accusent cependant le Hezbollah de chercher \u00e0 maintenir le blocage actuel en attendant de voir l\u2019\u00e9volution de la situation en Syrie et des rapports am\u00e9ricano-iraniens. Selon elles, le parti chiite a int\u00e9r\u00eat \u00e0 ce que l\u2019\u00e9quipe Mikati reste en place, ce qui lui permet, avec les composantes du 8 Mars, d\u2019imposer ses conditions et \u00e9ventuellement d\u2019appeler \u00e0 l\u2019organisation d\u2019une assembl\u00e9e constituante au cas o\u00f9 une entente saoudo-iranienne n\u2019aurait pas lieu.<\/p>\n<p>Le chef de cette formation, Hassan Nasrallah, se serait ainsi rendu en Iran d\u00e9but septembre, au moment o\u00f9 les Am\u00e9ricains mena\u00e7aient de lancer des frappes contre Damas, et aurait pr\u00e9sid\u00e9 \u00e0 son retour \u00e0 Beyrouth une s\u00e9rie de r\u00e9unions de concertations, dont un des aboutissements a \u00e9t\u00e9 de demander au pr\u00e9sident de la Chambre, Nabih Berry, de prendre contact avec le courant du Futur dans la perspective d\u2019une prise de langue ult\u00e9rieure avec la formation de Saad Hariri. M. Berry a effectivement entam\u00e9 des contacts avec le chef du bloc parlementaire du Futur, Fouad Siniora, qu\u2019il est appel\u00e9 \u00e0 voir sous peu pour poursuivre avec lui les contacts entam\u00e9s depuis quelque temps.<\/p>\n<p>C\u2019est peut-\u00eatre dans ce contexte d\u2019ouverture qu\u2019il faut placer la d\u00e9cision du Hezbollah de d\u00e9manteler les Brigades de la r\u00e9sistance \u00e0 Sa\u00efda, puis \u00e0 Tripoli. Une mesure que le 14 Mars juge cependant insuffisante, puisque ce rassemblement consid\u00e8re que le parti chiite devrait retirer ses forces de Syrie s\u2019il veut donner un signal positif en direction de ses adversaires.<\/p>\n<p>L&rsquo;Orient Le Jour<\/p>\n","protected":false},"excerpt":{"rendered":"<p>L\u2019\u00c9CLAIRAGE Le dossier de la pr\u00e9sidentielle est de nouveau sur la sellette, alors m\u00eame que le Liban peine \u00e0 former un nouveau gouvernement. Le Parlement \u00e9lira-t-il un nouveau chef de l\u2019\u00c9tat avant le 25 mai, date \u00e0 laquelle le mandat du pr\u00e9sident Michel Sleiman expire, ou bien ce sont les l\u00e9gislatives qui seront organis\u00e9es en<\/p>\n","protected":false},"author":1,"featured_media":0,"comment_status":"closed","ping_status":"closed","sticky":false,"template":"","format":"standard","meta":{"_uf_show_specific_survey":0,"_uf_disable_surveys":false,"footnotes":""},"categories":[],"tags":[],"class_list":["post-135837","post","type-post","status-publish","format-standard"],"aioseo_notices":[],"_links":{"self":[{"href":"https:\/\/middleeasttransparent.com\/fr\/wp-json\/wp\/v2\/posts\/135837","targetHints":{"allow":["GET"]}}],"collection":[{"href":"https:\/\/middleeasttransparent.com\/fr\/wp-json\/wp\/v2\/posts"}],"about":[{"href":"https:\/\/middleeasttransparent.com\/fr\/wp-json\/wp\/v2\/types\/post"}],"author":[{"embeddable":true,"href":"https:\/\/middleeasttransparent.com\/fr\/wp-json\/wp\/v2\/users\/1"}],"replies":[{"embeddable":true,"href":"https:\/\/middleeasttransparent.com\/fr\/wp-json\/wp\/v2\/comments?post=135837"}],"version-history":[{"count":0,"href":"https:\/\/middleeasttransparent.com\/fr\/wp-json\/wp\/v2\/posts\/135837\/revisions"}],"wp:attachment":[{"href":"https:\/\/middleeasttransparent.com\/fr\/wp-json\/wp\/v2\/media?parent=135837"}],"wp:term":[{"taxonomy":"category","embeddable":true,"href":"https:\/\/middleeasttransparent.com\/fr\/wp-json\/wp\/v2\/categories?post=135837"},{"taxonomy":"post_tag","embeddable":true,"href":"https:\/\/middleeasttransparent.com\/fr\/wp-json\/wp\/v2\/tags?post=135837"}],"curies":[{"name":"wp","href":"https:\/\/api.w.org\/{rel}","templated":true}]}}