{"id":135807,"date":"2013-10-07T15:19:03","date_gmt":"2013-10-07T14:19:03","guid":{"rendered":"https:\/\/middleeasttransparent.com\/walid-joumblatt-bachar-est-un-psychopathe\/"},"modified":"2024-01-23T13:22:05","modified_gmt":"2024-01-23T12:22:05","slug":"walid-joumblatt-bachar-est-un-psychopathe","status":"publish","type":"post","link":"https:\/\/middleeasttransparent.com\/fr\/walid-joumblatt-bachar-est-un-psychopathe\/","title":{"rendered":"Walid Joumblatt : \u00ab\u00a0Bachar est un psychopathe\u00a0\u00bb"},"content":{"rendered":"<p><strong>EXCLUSIF &#8211; Walid Joumblatt, leader de la communaut\u00e9 druze au Liban et opposant au pr\u00e9sident syrien, d\u00e9nonce l'\u00a0\u00bbabandon\u00a0\u00bb dont est victime son pays.<br \/>\n<\/strong><\/p>\n<p>Il a \u00e9t\u00e9 pro-syrien comme son p\u00e8re, l&rsquo;un des plus grands dirigeants politiques libanais, avant de devenir l&rsquo;une des voix les plus hostiles au r\u00e9gime de Bachar El-Assad, qu&rsquo;il a rencontr\u00e9 plusieurs fois \u00e0 Damas. D\u00e9sormais au centre de l&rsquo;\u00e9chiquier politique libanais, il d\u00e9nonce un r\u00e9gime syrien \u00ab\u00a0blanchi\u00a0\u00bb pour ses crimes et le \u00ab cynisme \u00bb des Occidentaux vis \u00e0 vis de l&rsquo;opposition syrienne. Il a re\u00e7u le JDD cette semaine \u00e0 Beyrouth.<\/p>\n<p><strong>Comment jugez-vous l&rsquo;accord sur le d\u00e9sarmement chimique de la Syrie, qui commence \u00e0 entrer en application?<br \/>\n<\/strong><\/p>\n<p><strong>Cet accord est d&rsquo;une hypocrisie inimaginable.<\/strong> Parce qu&rsquo;on oublie qu&rsquo;avant les 1.300 morts de l&rsquo;attaque chimique du 21 ao\u00fbt, il y a eu plus de 100.000 morts, des milliers de tortur\u00e9s, des millions de Syriens d\u00e9plac\u00e9s dans leur propre pays, plus de 800.000 r\u00e9fugi\u00e9s chez nous au Liban et des villes enti\u00e8res compl\u00e8tement d\u00e9truites. Dans le jeu des grandes puissances, il y avait un conflit d&rsquo;int\u00e9r\u00eats sur l&rsquo;avenir de la Syrie avec les Russes et les Iraniens, d&rsquo;un c\u00f4t\u00e9, les Am\u00e9ricains et les Europ\u00e9ens, de l&rsquo;autre. <strong>Le seul \u00e0 avoir pris une position courageuse c&rsquo;est Fran\u00e7ois Hollande<\/strong>. Bachar a accept\u00e9 les inspections qui pr\u00e9c\u00e9deront peut-\u00eatre la destruction de son arsenal chimique, mais c&rsquo;est comme s&rsquo;il \u00e9tait blanchi pour les autres crimes avec une autre supercherie qui s&rsquo;annonce : le dialogue \u00e0 Gen\u00e8ve pr\u00e9vu pour novembre, la fameuse solution d&rsquo;un gouvernement transitoire avec un gouvernement qui prendrait toutes les pr\u00e9rogatives du pouvoir d&rsquo;Assad.<\/p>\n<p>\u00abLe seul \u00e0 avoir prix une d\u00e9cision courageuse, c&rsquo;est Hollande.\u00bb<\/p>\n<p><strong>Une supercherie?<br \/>\n<\/strong><\/p>\n<p>C&rsquo;est une illusion : je connais bien ce syst\u00e8me totalitaire. Le r\u00e9gime, c&rsquo;est qui? C&rsquo;est lui, Bachar, son fr\u00e8re, Maher, et les cousins, je ne vois pas comment cette clique mafieuse accepterait de rendre le pouvoir. <strong>\u00c7a rappelle un peu l&rsquo;Allemagne nazie<\/strong>. Hitler, apr\u00e8s l&rsquo;attentat rat\u00e9 de Von Stauffenberg du 20 juillet 1944, a mat\u00e9 toute r\u00e9bellion et a entra\u00een\u00e9 l&rsquo;Allemagne jusqu&rsquo;\u00e0 la destruction finale. Il faut donc trouver une solution, mais sans Assad. <\/p>\n<p>Peut-\u00eatre que ses patrons iraniens et russes pourraient le prendre quelque part en Sib\u00e9rie ou dans le d\u00e9sert de Qom, ce qui permettrait de pr\u00e9server les institutions, et donc l&rsquo;arm\u00e9e qui reste le noyau essentiel.<\/p>\n<p><strong>Souhaitiez-vous que la Syrie soit frapp\u00e9e militairement?<br \/>\n<\/strong><\/p>\n<p>De toute fa\u00e7on, c&rsquo;\u00e9tait trop peu et trop tard. Cette frappe n&rsquo;aurait rien donn\u00e9, elle aurait affaibli un peu le r\u00e9gime mais pour \u00eatre efficace, elle aurait d\u00fb \u00eatre men\u00e9e il y a un an et demi, lors de la premi\u00e8re bataille de Homs. De toute fa\u00e7on, le pr\u00e9sident am\u00e9ricain ne voulait pas frapper. Je comprends qu&rsquo;au sortir de deux guerres d\u00e9sastreuses en Afghanistan et en Irak, qui ont dur\u00e9 onze ans au total, Barack Obama ne tenait pas \u00e0 se lancer dans une troisi\u00e8me en Syrie. R\u00e9sultat, <strong>en dix minutes \u00e0 Saint-P\u00e9tersbourg, les Am\u00e9ricains et les Russes ont scell\u00e9 le sort de l&rsquo;opposition syrienne<\/strong>. Dans cette histoire cynique et cruelle, il faut malgr\u00e9 tout que l&rsquo;opposition aille \u00e0 Gen\u00e8ve, pour au moins ne pas donner un argument suppl\u00e9mentaire \u00e0 Assad, qui consid\u00e8re avoir affaire \u00e0 une alliance de terroristes.<\/p>\n<p><strong>Vous avez \u00e9t\u00e9 longtemps pro-syrien et aujourd&rsquo;hui vous \u00eates un des porte-voix les plus virulents contre Bachar El-Assad. Pourquoi?<br \/>\n<\/strong><\/p>\n<p>J&rsquo;ai bien connu le p\u00e8re. C&rsquo;\u00e9tait un dictateur, un criminel, mais beaucoup plus civilis\u00e9 que le fils. Malgr\u00e9 le massacre des islamistes \u00e0 Hama, en 1982, il avait r\u00e9ussi \u00e0 faire de la Syrie un pivot central de la politique au Moyen-Orient. <strong>En discutant avec Bachar, il m&rsquo;a dit qu&rsquo;il n&rsquo;y avait plus de photos de son p\u00e8re, comme s&rsquo;il avait voulu l&rsquo;effacer<\/strong>. Il faut \u00eatre psychiatre pour comprendre que c&rsquo;est un menteur pathologique. Alors que le fr\u00e8re, Maher, est un tueur psychopathe. Je suis devenu anti-Bachar apr\u00e8s la tentative de meurtre sur mon ami Marwan Hamad\u00e9 en 2004 puis avec l&rsquo;assassinat du Premier ministre libanais Rafic Hariri en 2005.<\/p>\n<p><strong>Vous avez rencontr\u00e9 Bachar El-Assad trois fois\u2026<br \/>\n<\/strong><\/p>\n<p>Lors de ma troisi\u00e8me et derni\u00e8re rencontre avec lui, en juin 2011, juste apr\u00e8s la mort du premier martyr de la r\u00e9volution syrienne, le jeune Hamza El-Khatib, qui avait \u00e9t\u00e9 tortur\u00e9 et tu\u00e9, je lui ai demand\u00e9 ce qui s&rsquo;\u00e9tait pass\u00e9. Il m&rsquo;a dit : \u00ab\u00a0On ne l&rsquo;a pas tortur\u00e9.\u00a0\u00bb Alors je lui ai r\u00e9pondu : \u00ab\u00a0Oui, mais vous l&rsquo;avez tu\u00e9.\u00a0\u00bb Et il a avou\u00e9 : \u00ab\u00a0Oui, on l&rsquo;a tu\u00e9.\u00a0\u00bb On a affaire \u00e0 un psychopathe dot\u00e9 d&rsquo;une double personnalit\u00e9, effroyablement menteur et brutal. J&rsquo;ai d\u00e9couvert quelqu&rsquo;un de machiav\u00e9lique. Je ne comprends pas que l&rsquo;Occident ait pu \u00eatre dupe.<\/p>\n<p><strong>Vous comparez le fils et le p\u00e8re, comme si vous regrettiez Hafez El-Assad\u2026<br \/>\n<\/strong><\/p>\n<p>J&rsquo;ai \u00e9t\u00e9 pro-syrien pour la d\u00e9fense de ma propre communaut\u00e9 druze mais aussi \u00e0 une \u00e9poque, au d\u00e9but des ann\u00e9es 1980, o\u00f9 le Liban \u00e9tait sous influence isra\u00e9lienne. Or, avant d&rsquo;\u00eatre druze, je suis arabe. C&rsquo;est l&rsquo;h\u00e9ritage de mon p\u00e8re et de Nasser. Je me suis donc engag\u00e9 aux c\u00f4t\u00e9s de la Syrie et de l&rsquo;URSS. La guerre civile qui s&rsquo;est ensuivie n&rsquo;a pas eu de gagnant. Nous n&rsquo;\u00e9tions que des pions. Mon p\u00e8re, qui repr\u00e9sentait la gauche libanaise progressiste, a \u00e9t\u00e9 assassin\u00e9 en 1977. L&rsquo;ann\u00e9e derni\u00e8re, pour les 35 ans de sa mort, je suis all\u00e9 d\u00e9poser le drapeau de la r\u00e9sistance syrienne sur sa tombe afin de rendre hommage aux morts, aux prisonniers et aux disparus de Syrie.<\/p>\n<p><strong>Vous imaginez la fin de Bachar?<br \/>\n<\/strong><\/p>\n<p>Tant que la famille restera soud\u00e9e, Bachar perdurera. Car le r\u00e9gime, c&rsquo;est la famille, y compris l&rsquo;oncle de Bachar et sa m\u00e8re. Ils avaient form\u00e9 une cellule de crise pr\u00e9sid\u00e9e par le beau-fr\u00e8re de Bachar, Assaf Chawkat, l&rsquo;homme fort du r\u00e9gime. L&rsquo;an dernier, cette cellule a \u00e9t\u00e9 cibl\u00e9e par un attentat \u00e0 l&rsquo;explosif. <strong>Chawkat \u00e9tait sans doute le seul officier alaouite valable pour pouvoir remplacer le clan. Maintenant, sans lui, c&rsquo;est peut-\u00eatre trop tard.<\/strong><\/p>\n<p>Fran\u00e7ois Clemenceau, envoy\u00e9 sp\u00e9cial, Beyrouth (Liban) &#8211; Le Journal du Dimanche<\/p>\n<p><a href=\"http:\/\/www.lejdd.fr\/International\/Moyen-Orient\/Walid-Joumblatt-Bachar-est-un-psychopathe-632558\">Journal du Dimanche<\/a><\/p>\n","protected":false},"excerpt":{"rendered":"<p>EXCLUSIF &#8211; Walid Joumblatt, leader de la communaut\u00e9 druze au Liban et opposant au pr\u00e9sident syrien, d\u00e9nonce l&rsquo;\u00a0\u00bbabandon\u00a0\u00bb dont est victime son pays. Il a \u00e9t\u00e9 pro-syrien comme son p\u00e8re, l&rsquo;un des plus grands dirigeants politiques libanais, avant de devenir l&rsquo;une des voix les plus hostiles au r\u00e9gime de Bachar El-Assad, qu&rsquo;il a rencontr\u00e9 plusieurs<\/p>\n","protected":false},"author":1,"featured_media":0,"comment_status":"closed","ping_status":"closed","sticky":false,"template":"","format":"standard","meta":{"_uf_show_specific_survey":0,"_uf_disable_surveys":false,"footnotes":""},"categories":[],"tags":[],"class_list":["post-135807","post","type-post","status-publish","format-standard"],"aioseo_notices":[],"_links":{"self":[{"href":"https:\/\/middleeasttransparent.com\/fr\/wp-json\/wp\/v2\/posts\/135807","targetHints":{"allow":["GET"]}}],"collection":[{"href":"https:\/\/middleeasttransparent.com\/fr\/wp-json\/wp\/v2\/posts"}],"about":[{"href":"https:\/\/middleeasttransparent.com\/fr\/wp-json\/wp\/v2\/types\/post"}],"author":[{"embeddable":true,"href":"https:\/\/middleeasttransparent.com\/fr\/wp-json\/wp\/v2\/users\/1"}],"replies":[{"embeddable":true,"href":"https:\/\/middleeasttransparent.com\/fr\/wp-json\/wp\/v2\/comments?post=135807"}],"version-history":[{"count":0,"href":"https:\/\/middleeasttransparent.com\/fr\/wp-json\/wp\/v2\/posts\/135807\/revisions"}],"wp:attachment":[{"href":"https:\/\/middleeasttransparent.com\/fr\/wp-json\/wp\/v2\/media?parent=135807"}],"wp:term":[{"taxonomy":"category","embeddable":true,"href":"https:\/\/middleeasttransparent.com\/fr\/wp-json\/wp\/v2\/categories?post=135807"},{"taxonomy":"post_tag","embeddable":true,"href":"https:\/\/middleeasttransparent.com\/fr\/wp-json\/wp\/v2\/tags?post=135807"}],"curies":[{"name":"wp","href":"https:\/\/api.w.org\/{rel}","templated":true}]}}