{"id":135750,"date":"2013-09-27T01:37:43","date_gmt":"2013-09-27T00:37:43","guid":{"rendered":"https:\/\/middleeasttransparent.com\/damas-ou-le-tombeau-de-leurope\/"},"modified":"2024-01-23T13:22:00","modified_gmt":"2024-01-23T12:22:00","slug":"damas-ou-le-tombeau-de-leurope","status":"publish","type":"post","link":"https:\/\/middleeasttransparent.com\/fr\/damas-ou-le-tombeau-de-leurope\/","title":{"rendered":"Damas ou le tombeau de l\u2019Europe"},"content":{"rendered":"<p>Quel s\u00e9isme\u00a0! Le r\u00e9gime syrien use de gaz chimiques contre sa propre population. Le Pr\u00e9sident am\u00e9ricain Barrack Obama monte au cr\u00e9neau, d\u00e9ploie son armada en M\u00e9diterran\u00e9e. On avait l\u2019impression de vivre un remake invers\u00e9 de la crise des missiles de Cuba en 1962. Et puis, grosse surprise\u00a0: le pr\u00e9sident am\u00e9ricain obtemp\u00e8re, recule et se rabat sur une solution diplomatique qui lui permet de sortir du gu\u00eapier syrien que, de toute \u00e9vidence, il n\u2019appr\u00e9cie pas. En d\u00e9pit des crimes contre l\u2019humanit\u00e9, en d\u00e9pit du viol des principes fondamentaux les mieux assis de notre monde et dont l\u2019Occident s\u2019est toujours voulu le gardien, le geste du pr\u00e9sident am\u00e9ricain a \u00e9t\u00e9 per\u00e7u comme celui de C\u00e9sar Auguste qui ne veut plus \u00eatre le ma\u00eetre absolu de Rome mais pr\u00e9f\u00e8re demeurer chef en son village.<\/p>\n<p>N\u00e9o-isolationnisme\u00a0? Ou r\u00e9vision d\u2019options strat\u00e9giques majeures\u00a0? L\u2019avenir nous le dira. N\u00e9anmoins, l\u2019attitude du pr\u00e9sident Obama a fait subir au monde une secousse tellurique dont les retomb\u00e9es se feront sentir encore, durant les d\u00e9cennies \u00e0 venir.<\/p>\n<p>Obama a-t-il recul\u00e9 face \u00e0 Poutine comme Kroutchev avait recul\u00e9 face \u00e0 Kennedy en 1962\u00a0? Ce n\u2019est pas tout \u00e0 fait certain. D\u00e9j\u00e0, lors de son fameux discours du Caire, le 4 juin 2009, les observateurs les mieux avertis avaient per\u00e7u le double danger qui sous-tend la vision d\u2019Obama\u00a0: un certain gauchisme anti-imp\u00e9rial doubl\u00e9 d\u2019un communautarisme consensuel et pacifiste. Tout l\u2019argumentaire de son discours avait ramen\u00e9 les probl\u00e8mes du monde \u00e0 une querelle de famille entre les h\u00e9ritiers d\u2019Abraham\u00a0: juifs, chr\u00e9tiens et musulmans. Il avait appel\u00e9 \u00e0 une r\u00e9conciliation des monoth\u00e9ismes abrahamiques comme assisse d\u2019une nouvelle \u00e8re de paix dans le monde. Il est \u00e9vident que de telles consid\u00e9rations sont largement insuffisantes pour se doter d\u2019une strat\u00e9gie claire quand on est la plus grande puissance militaire de l\u2019histoire.<\/p>\n<p>La crise syrienne n\u2019a fait que confirmer cette impression. Barrack Obama n\u2019est pas et ne souhaite pas \u00eatre un b\u00e2tisseur d\u2019empire. Ceci pourrait signifier que les USA, qui n\u2019ont plus besoin du p\u00e9trole du Moyen Orient, peuvent se permettre de se retirer du Levant et de se rabattre progressivement vers le continent am\u00e9ricain et l\u2019immensit\u00e9 du Pacifique. L\u2019Am\u00e9rique redevient une \u00eele au milieu des oc\u00e9ans, une formidable puissance maritime.<\/p>\n<p>Mais que devient le reste du monde\u00a0? Vladimir Poutine a bien compris la signification du vide ainsi cr\u00e9\u00e9 par Obama. Il s\u2019est d\u00e9p\u00each\u00e9, 24 heures apr\u00e8s le fameux discours du mardi 10 septembre 2013, de s\u2019adresser au peuple am\u00e9ricain en premi\u00e8re page du New York Times, un peu comme s\u2019il lui adressait la parole face \u00e0 face, des rivages atlantiques de l\u2019Europe, car l\u2019enjeu de tous ces bouleversements demeure l\u2019Europe ou, plut\u00f4t l\u2019Euro-\u00a0M\u00e9diterran\u00e9e.<\/p>\n<p>Le nouvel isolationnisme am\u00e9ricain, qui a ses raisons justificatives, r\u00e9v\u00e8le la nudit\u00e9 de l\u2019Europe. La balle est maintenant dans le camp de l\u2019Europe Occidentale dont l\u2019h\u00e9g\u00e9monie sur les mers est demeur\u00e9e incontestable depuis les temps de l\u2019Empire Romain. Centr\u00e9e sur la M\u00e9diterran\u00e9e comme mer ouverte, la civilisation a pu s\u2019\u00e9panouir et prosp\u00e9rer autour de notre mare nostrum mais, aussi, elle a pu conqu\u00e9rir le monde et s\u2019exporter aux quatre coins du globe gr\u00e2ce \u00e0 la puissance de conqu\u00eate des empires coloniaux dont les acquis strat\u00e9giques ont pu \u00e9viter l\u2019effondrement au XX\u00b0 si\u00e8cle gr\u00e2ce aux interventions am\u00e9ricaine, lors des deux guerres mondiales notamment ainsi que de la guerre froide.<\/p>\n<p>Sommes-nous toujours dans un tel monde devenu si familier\u00a0? Rien n\u2019est moins certain. Si, dans la foul\u00e9e de la crise syrienne, un tel renversement en M\u00e9diterran\u00e9e se confirme, ceci voudrait dire:<\/p>\n<p>\t\u2022\tUne puissance continentale, et non plus maritime, domine le vieux continent eurasiatique.<\/p>\n<p>\t\u2022\tLa mer M\u00e9diterran\u00e9e, dont le verrou oriental est en Syrie, sur la double ligne de l\u2019Oronte et de l\u2019Euphrate, n\u2019est plus une mer ouverte mais serait devenue une des trois mers ferm\u00e9es de l\u2019Eurasie\u00a0: Mer Caspienne, Mer Noire, Mer M\u00e9diterran\u00e9e.<\/p>\n<p>\t\u2022\tDans de telles conditions, l\u2019Europe Occidentale ne serait plus que ce que la g\u00e9ographie a voulu qu\u2019elle soit\u00a0: un prolongement, une presqu\u2019\u00eele de l\u2019Eurasie.<\/p>\n<p>On le voit, un des enjeux majeurs de cette d\u00e9routante crise syrienne n\u2019est pas seulement l\u2019approvisionnement \u00e9nerg\u00e9tique de l\u2019Europe mais aussi son avenir politique. <\/p>\n<p>L\u2019Europe est elle en mesure, dans la fid\u00e9lit\u00e9 \u00e0 son histoire et \u00e0 sa culture, de se doter d\u2019une vision politique de ce qu\u2019est l\u2019Euro-M\u00e9diterran\u00e9e\u00a0? Si l\u2019Europe s\u2019av\u00e8re incapable de se doter des options strat\u00e9giques ad\u00e9quates en mati\u00e8re de dialogue euro-arabe, l\u2019Histoire risquerait bien de retenir que l\u2019Europe Occidentale fut enterr\u00e9e \u00e0 Damas.<\/p>\n<p>L&rsquo;Orient Le Jour<\/p>\n","protected":false},"excerpt":{"rendered":"<p>Quel s\u00e9isme\u00a0! Le r\u00e9gime syrien use de gaz chimiques contre sa propre population. Le Pr\u00e9sident am\u00e9ricain Barrack Obama monte au cr\u00e9neau, d\u00e9ploie son armada en M\u00e9diterran\u00e9e. On avait l\u2019impression de vivre un remake invers\u00e9 de la crise des missiles de Cuba en 1962. Et puis, grosse surprise\u00a0: le pr\u00e9sident am\u00e9ricain obtemp\u00e8re, recule et se rabat<\/p>\n","protected":false},"author":1,"featured_media":0,"comment_status":"closed","ping_status":"closed","sticky":false,"template":"","format":"standard","meta":{"_uf_show_specific_survey":0,"_uf_disable_surveys":false,"footnotes":""},"categories":[],"tags":[],"class_list":["post-135750","post","type-post","status-publish","format-standard"],"aioseo_notices":[],"_links":{"self":[{"href":"https:\/\/middleeasttransparent.com\/fr\/wp-json\/wp\/v2\/posts\/135750","targetHints":{"allow":["GET"]}}],"collection":[{"href":"https:\/\/middleeasttransparent.com\/fr\/wp-json\/wp\/v2\/posts"}],"about":[{"href":"https:\/\/middleeasttransparent.com\/fr\/wp-json\/wp\/v2\/types\/post"}],"author":[{"embeddable":true,"href":"https:\/\/middleeasttransparent.com\/fr\/wp-json\/wp\/v2\/users\/1"}],"replies":[{"embeddable":true,"href":"https:\/\/middleeasttransparent.com\/fr\/wp-json\/wp\/v2\/comments?post=135750"}],"version-history":[{"count":0,"href":"https:\/\/middleeasttransparent.com\/fr\/wp-json\/wp\/v2\/posts\/135750\/revisions"}],"wp:attachment":[{"href":"https:\/\/middleeasttransparent.com\/fr\/wp-json\/wp\/v2\/media?parent=135750"}],"wp:term":[{"taxonomy":"category","embeddable":true,"href":"https:\/\/middleeasttransparent.com\/fr\/wp-json\/wp\/v2\/categories?post=135750"},{"taxonomy":"post_tag","embeddable":true,"href":"https:\/\/middleeasttransparent.com\/fr\/wp-json\/wp\/v2\/tags?post=135750"}],"curies":[{"name":"wp","href":"https:\/\/api.w.org\/{rel}","templated":true}]}}