{"id":135731,"date":"2013-09-24T11:32:26","date_gmt":"2013-09-24T10:32:26","guid":{"rendered":"https:\/\/middleeasttransparent.com\/vers-un-renforcement-du-parapluie-international-au-dessus-du-liban\/"},"modified":"2024-01-23T13:21:57","modified_gmt":"2024-01-23T12:21:57","slug":"vers-un-renforcement-du-parapluie-international-au-dessus-du-liban","status":"publish","type":"post","link":"https:\/\/middleeasttransparent.com\/fr\/vers-un-renforcement-du-parapluie-international-au-dessus-du-liban\/","title":{"rendered":"Vers un renforcement du \u00ab parapluie international \u00bb au-dessus du Liban"},"content":{"rendered":"<p><strong>L\u2019\u00c9CLAIRAGE<\/strong><\/p>\n<p>Les divers milieux politiques se mettent ces jours-ci \u00e0 l\u2019heure de New York o\u00f9 le pr\u00e9sident de la R\u00e9publique, Michel Sleiman, s\u2019est rendu \u00e0 la t\u00eate d\u2019une d\u00e9l\u00e9gation libanaise pour prendre part \u00e0 la soixante-huiti\u00e8me session de l\u2019Assembl\u00e9e g\u00e9n\u00e9rale des Nations unies.<\/p>\n<p>M. Sleiman va prononcer \u00e0 cette occasion un discours dans lequel il va r\u00e9affirmer un certain nombre de ses constantes nationales et mettre l\u2019accent sur la d\u00e9claration de Baabda et la neutralit\u00e9 du Liban face aux conflits r\u00e9gionaux et internationaux.<\/p>\n<p>Le chef de l\u2019\u00c9tat \u00e9voquera aussi le soutien aux institutions et \u00e0 l\u2019arm\u00e9e, la mise en \u0153uvre de la r\u00e9solution 1701 du Conseil de s\u00e9curit\u00e9 et le principe du recours au dialogue dans le r\u00e8glement des crises de la r\u00e9gion, y compris la question syrienne. Enfin, il abordera le dossier palestinien ainsi que la tenue de la conf\u00e9rence internationale \u00e0 la fin du mois de septembre \u00e0 Gen\u00e8ve pour subvenir aux besoins des populations syriennes d\u00e9plac\u00e9es.<\/p>\n<p>M. Sleiman aura par ailleurs, on le sait, des entretiens en marge des travaux de l\u2019Assembl\u00e9e g\u00e9n\u00e9rale, en particulier avec le pr\u00e9sident am\u00e9ricain, Barack Obama, qui avait lui-m\u00eame formul\u00e9 le souhait de le rencontrer.<br \/>\nDemain mercredi, il prendra part \u00e0 la conf\u00e9rence du Groupe international d\u2019aide au Liban, qui se tiendra elle aussi en marge de la session de l\u2019ONU et est destin\u00e9e \u00e0 renforcer le soutien protecteur de la communaut\u00e9 internationale \u00e0 l\u2019\u00e9gard du Liban.<\/p>\n<p>L\u2019un des membres de la d\u00e9l\u00e9gation libanaise indique que la conf\u00e9rence se tiendra en pr\u00e9sence des ministres des Affaires \u00e9trang\u00e8res des cinq membres permanents du Conseil de s\u00e9curit\u00e9 des Nations unies (\u00c9tats-Unis, France, Royaume-Uni, Russie et Chine), des d\u00e9l\u00e9gu\u00e9s des autres \u00c9tats membres du Conseil et des repr\u00e9sentants d\u2019\u00c9tats d\u00e9sireux de prodiguer leur aide au Liban dans divers domaines.<\/p>\n<p>Selon ce responsable, on s\u2019attend ainsi \u00e0 ce que cette conf\u00e9rence d\u00e9bouche sur une sorte de \u00ab parapluie international \u00bb renforc\u00e9 pour le Liban. Selon lui, l\u2019ordre du jour de la conf\u00e9rence se r\u00e9sume comme suit :<\/p>\n<p>\u2013 Soutenir et consolider la stabilit\u00e9 au Liban, et appeler au respect et \u00e0 la mise en \u0153uvre de la d\u00e9claration de Baabda et de la politique de \u00ab distanciation \u00bb afin de neutraliser le pays face aux \u00e9v\u00e9nements de la r\u00e9gion et en particulier de ce qui se passe en Syrie.<\/p>\n<p>\u2013 Renouveler le soutien \u00e0 l\u2019ind\u00e9pendance et \u00e0 la souverainet\u00e9 du Liban.<\/p>\n<p>\u2013 Appeler \u00e0 la mise sur pied le plus rapidement possible d\u2019un gouvernement en titre capable de jouer un r\u00f4le de partenaire aux c\u00f4t\u00e9s des \u00c9tats d\u00e9sireux de fournir une aide au Liban.<\/p>\n<p>\u2013 Soutenir les institutions libanaises et en particulier l\u2019arm\u00e9e, qu\u2019il convient d\u2019aider \u00e0 tenir son r\u00f4le et assumer ses responsabilit\u00e9s s\u00e9curitaires.<\/p>\n<p>\u2013 Soutenir la stabilit\u00e9 \u00e9conomique au Liban en cette phase, accorder un satisfecit au r\u00f4le et \u00e0 la politique du gouverneur de la Banque centrale et pr\u00e9parer l\u2019entr\u00e9e du Liban dans le club des \u00c9tats p\u00e9troliers une fois que l\u2019extraction du gaz offshore commencera.<\/p>\n<p>\u2013 Enfin, soutenir le Liban dans ses efforts \u00e0 g\u00e9rer le poids occasionn\u00e9 par l\u2019arriv\u00e9e massive de r\u00e9fugi\u00e9s syriens sur son territoire.<\/p>\n<p>Sur ce dernier point, on sait que la classe dirigeante libanaise s\u2019avance dans la d\u00e9sunion la plus totale \u00e0 la suite des d\u00e9saccords qui ont \u00e9clat\u00e9 lors de la r\u00e9union de travail tenue la semaine derni\u00e8re au Grand S\u00e9rail sous l\u2019\u00e9gide du Premier ministre sortant, Nagib Mikati, en pr\u00e9sence d\u2019un certain nombre de ministres et de diplomates \u00e9trangers.<\/p>\n<p>La r\u00e9union avait \u00e9t\u00e9 tenue pour examiner une \u00e9tude \u00e9tablie par la Banque mondiale, laquelle conclut que les besoins du Liban pour venir \u00e0 bout de ce dossier se montent au total \u00e0 quelque 7,5 milliards de dollars.<br \/>\nLes d\u00e9saccords ont port\u00e9 notamment sur la transparence des fonds appel\u00e9s \u00e0 accueillir les montants qui seraient vers\u00e9s au Liban.<\/p>\n<p>De plus, un ambassadeur ayant propos\u00e9 que les sommes revenant aux municipalit\u00e9s au titre des communications t\u00e9l\u00e9phoniques et qui sont retenues au minist\u00e8re des T\u00e9l\u00e9coms (pr\u00e8s de 2 milliards de dollars) soient d\u00e9bloqu\u00e9es et utilis\u00e9es par le gouvernement libanais dans ce dossier, cette proposition a suscit\u00e9 un toll\u00e9 chez les responsables libanais, qui y ont vu une ing\u00e9rence dans une affaire int\u00e9rieure libanaise.<\/p>\n<p>En l\u2019absence d\u2019une position unifi\u00e9e, la d\u00e9l\u00e9gation libanaise s\u2019est donc rendue \u00e0 New York sans un plan pr\u00e9cis pour ce qui est du dossier des r\u00e9fugi\u00e9s, se contentant d\u2019emporter une s\u00e9rie de propositions h\u00e9t\u00e9roclites. L\u2019une de ces propositions porte sur la cr\u00e9ation d\u2019une sorte de commission mixte, form\u00e9e de repr\u00e9sentants de l\u2019\u00c9tat libanais, des \u00c9tats donateurs et de la Banque mondiale, et dont la t\u00e2che consisterait \u00e0 r\u00e9ceptionner les fonds et \u00e0 surveiller leur allocation \u00e0 des projets mis au point par les minist\u00e8res.<\/p>\n<p><a href=\"http:\/\/www.lorientlejour.com\/article\/834497\/vers-un-renforcement-du-parapluie-international-au-dessus-du-liban.html\">L&rsquo;Orient Le Jour<\/a><\/p>\n","protected":false},"excerpt":{"rendered":"<p>L\u2019\u00c9CLAIRAGE Les divers milieux politiques se mettent ces jours-ci \u00e0 l\u2019heure de New York o\u00f9 le pr\u00e9sident de la R\u00e9publique, Michel Sleiman, s\u2019est rendu \u00e0 la t\u00eate d\u2019une d\u00e9l\u00e9gation libanaise pour prendre part \u00e0 la soixante-huiti\u00e8me session de l\u2019Assembl\u00e9e g\u00e9n\u00e9rale des Nations unies. M. Sleiman va prononcer \u00e0 cette occasion un discours dans lequel il<\/p>\n","protected":false},"author":1,"featured_media":0,"comment_status":"closed","ping_status":"closed","sticky":false,"template":"","format":"standard","meta":{"_uf_show_specific_survey":0,"_uf_disable_surveys":false,"footnotes":""},"categories":[],"tags":[],"class_list":["post-135731","post","type-post","status-publish","format-standard"],"aioseo_notices":[],"_links":{"self":[{"href":"https:\/\/middleeasttransparent.com\/fr\/wp-json\/wp\/v2\/posts\/135731","targetHints":{"allow":["GET"]}}],"collection":[{"href":"https:\/\/middleeasttransparent.com\/fr\/wp-json\/wp\/v2\/posts"}],"about":[{"href":"https:\/\/middleeasttransparent.com\/fr\/wp-json\/wp\/v2\/types\/post"}],"author":[{"embeddable":true,"href":"https:\/\/middleeasttransparent.com\/fr\/wp-json\/wp\/v2\/users\/1"}],"replies":[{"embeddable":true,"href":"https:\/\/middleeasttransparent.com\/fr\/wp-json\/wp\/v2\/comments?post=135731"}],"version-history":[{"count":0,"href":"https:\/\/middleeasttransparent.com\/fr\/wp-json\/wp\/v2\/posts\/135731\/revisions"}],"wp:attachment":[{"href":"https:\/\/middleeasttransparent.com\/fr\/wp-json\/wp\/v2\/media?parent=135731"}],"wp:term":[{"taxonomy":"category","embeddable":true,"href":"https:\/\/middleeasttransparent.com\/fr\/wp-json\/wp\/v2\/categories?post=135731"},{"taxonomy":"post_tag","embeddable":true,"href":"https:\/\/middleeasttransparent.com\/fr\/wp-json\/wp\/v2\/tags?post=135731"}],"curies":[{"name":"wp","href":"https:\/\/api.w.org\/{rel}","templated":true}]}}