{"id":133724,"date":"2012-09-22T20:15:39","date_gmt":"2012-09-22T19:15:39","guid":{"rendered":"https:\/\/middleeasttransparent.com\/la-societe-syrienne-mobilisee-pour-faire-vivre-la-revolution\/"},"modified":"2024-01-23T13:12:02","modified_gmt":"2024-01-23T12:12:02","slug":"la-societe-syrienne-mobilisee-pour-faire-vivre-la-revolution","status":"publish","type":"post","link":"https:\/\/middleeasttransparent.com\/fr\/la-societe-syrienne-mobilisee-pour-faire-vivre-la-revolution\/","title":{"rendered":"La soci\u00e9t\u00e9 syrienne mobilis\u00e9e pour faire vivre la r\u00e9volution"},"content":{"rendered":"<p>Sous le titre \u00ab\u00a0<strong>Activisme civil. La soci\u00e9t\u00e9 syrienne mobilis\u00e9e dans son ensemble<\/strong>\u00ab\u00a0, Ilham Al Issa, jeune activiste de la r\u00e9gion de Damas, propose aux lecteurs int\u00e9ress\u00e9s par la situation en Syrie un t\u00e9moignage concret et de premi\u00e8re main sur l&rsquo;implication de diverses couches et cat\u00e9gories de la population syrienne dans le soutien \u00e0 la \u00ab\u00a0r\u00e9volution contre Bachar Al Assad\u00a0\u00bb.<\/p>\n<p>Traduit par Jihane Al Ali pour le site internet A l&rsquo;encontre, ce texte offre une illustration concr\u00e8te des \u00e9l\u00e9ments figurant dans l&rsquo;article \u00ab\u00a0<a href=\"http:\/\/www.ladocumentationfrancaise.fr\/catalogue\/9782110088161\/index.shtml#book_sommaire\">Syrie, 2011. D\u2019une soci\u00e9t\u00e9 atomis\u00e9e \u00e0 une r\u00e9volution organis\u00e9e et citoyenne<\/a>\u00ab\u00a0, d\u00e9j\u00e0 pr\u00e9sent\u00e9 sur ce blog. L&rsquo;atomisation de la soci\u00e9t\u00e9 syrienne y a fait elle aussi l&rsquo;objet d&rsquo;un article sp\u00e9cifique.<\/p>\n<p><a href=\"http:\/\/syrie.blog.lemonde.fr\/\">suite&#8230;&#8230;.<br \/>\n<\/a><\/p>\n","protected":false},"excerpt":{"rendered":"<p>Sous le titre \u00ab\u00a0Activisme civil. La soci\u00e9t\u00e9 syrienne mobilis\u00e9e dans son ensemble\u00ab\u00a0, Ilham Al Issa, jeune activiste de la r\u00e9gion de Damas, propose aux lecteurs int\u00e9ress\u00e9s par la situation en Syrie un t\u00e9moignage concret et de premi\u00e8re main sur l&rsquo;implication de diverses couches et cat\u00e9gories de la population syrienne dans le soutien \u00e0 la \u00ab\u00a0r\u00e9volution<\/p>\n","protected":false},"author":1,"featured_media":0,"comment_status":"closed","ping_status":"closed","sticky":false,"template":"","format":"standard","meta":{"_uf_show_specific_survey":0,"_uf_disable_surveys":false,"footnotes":""},"categories":[],"tags":[],"class_list":["post-133724","post","type-post","status-publish","format-standard"],"aioseo_notices":[],"_links":{"self":[{"href":"https:\/\/middleeasttransparent.com\/fr\/wp-json\/wp\/v2\/posts\/133724","targetHints":{"allow":["GET"]}}],"collection":[{"href":"https:\/\/middleeasttransparent.com\/fr\/wp-json\/wp\/v2\/posts"}],"about":[{"href":"https:\/\/middleeasttransparent.com\/fr\/wp-json\/wp\/v2\/types\/post"}],"author":[{"embeddable":true,"href":"https:\/\/middleeasttransparent.com\/fr\/wp-json\/wp\/v2\/users\/1"}],"replies":[{"embeddable":true,"href":"https:\/\/middleeasttransparent.com\/fr\/wp-json\/wp\/v2\/comments?post=133724"}],"version-history":[{"count":0,"href":"https:\/\/middleeasttransparent.com\/fr\/wp-json\/wp\/v2\/posts\/133724\/revisions"}],"wp:attachment":[{"href":"https:\/\/middleeasttransparent.com\/fr\/wp-json\/wp\/v2\/media?parent=133724"}],"wp:term":[{"taxonomy":"category","embeddable":true,"href":"https:\/\/middleeasttransparent.com\/fr\/wp-json\/wp\/v2\/categories?post=133724"},{"taxonomy":"post_tag","embeddable":true,"href":"https:\/\/middleeasttransparent.com\/fr\/wp-json\/wp\/v2\/tags?post=133724"}],"curies":[{"name":"wp","href":"https:\/\/api.w.org\/{rel}","templated":true}]}}