{"id":133666,"date":"2012-09-14T11:13:56","date_gmt":"2012-09-14T10:13:56","guid":{"rendered":"https:\/\/middleeasttransparent.com\/donnez-a-lhomme-ce-qui-est-a-lhomme\/"},"modified":"2024-01-23T13:12:00","modified_gmt":"2024-01-23T12:12:00","slug":"donnez-a-lhomme-ce-qui-est-a-lhomme","status":"publish","type":"post","link":"https:\/\/middleeasttransparent.com\/fr\/donnez-a-lhomme-ce-qui-est-a-lhomme\/","title":{"rendered":"Donnez \u00e0 l\u2019Homme ce qui est \u00e0 l\u2019Homme\u2026"},"content":{"rendered":"<p><strong>Les \u00c9chos de l\u2019Agora<\/strong>. Jusqu\u2019au pontificat de Jean XXIII, l\u2019\u00e9glise romaine avait l\u2019habitude de c\u00e9l\u00e9brer le magist\u00e8re de Pierre, le coryph\u00e9e des ap\u00f4tres, \u00e0 deux reprises. Le 18 janvier \u00e9tait consacr\u00e9 \u00e0 la \u00ab\u00a0chaire de Saint Pierre \u00e0 Rome\u00a0\u00bb et le 22 f\u00e9vrier \u00e0 celui de la \u00ab\u00a0chaire de Saint Pierre \u00e0 Antioche\u00a0\u00bb puisque, d\u2019apr\u00e8s la tradition hagiographique, Pierre fut \u00e9v\u00eaque d\u2019Antioche durant plusieurs ann\u00e9es, avant de se rendre \u00e0 Rome. En d\u00e9barquant sur les rivages de l\u2019ancienne province de <em>Phoenicia Maritensis<\/em>, le successeur de Pierre \u00e0 Rome arrive dans une contr\u00e9e jadis \u00e9vang\u00e9lis\u00e9e par Pierre lui-m\u00eame et son compagnon de route Quartos, premier \u00e9v\u00eaque de Beyrouth. Dans la ville de Tripoli, la tradition des Apocryphes affirme que Pierre s\u00e9journa chez un certain Maro\/Maroun.<\/p>\n<p>Beno\u00eet XVI arrive, tout de blanc v\u00eatu, dans un Orient qui parvient difficilement \u00e0 se lib\u00e9rer des forces des t\u00e9n\u00e8bres afin de proclamer la dignit\u00e9 \u00e9minente de la personne humaine\u00a0; son caract\u00e8re inali\u00e9nable\u00a0; la supr\u00e9matie de la valeur de l\u2019individu sur toute id\u00e9ologie de groupe\u00a0; toute identit\u00e9 sectaire ou factieuse\u00a0; et toute appartenance qui ne tiendrait pas compte du fait premier que la personne humaine est une fin en soi et que sa valeur ind\u00e9passable lui est constitutive et ne d\u00e9rive pas d\u2019un r\u00f4le quelconque au sein de la soci\u00e9t\u00e9 ou \u00e0 travers l\u2019histoire.<\/p>\n<p>Mais que pourrait signifier ce magist\u00e8re de Pierre aujourd\u2019hui dans les circonstances pr\u00e9cises que traverse l\u2019Orient en \u00e9bullition\u00a0? Le r\u00f4le de \u00ab\u00a0coryph\u00e9e\u00a0\u00bb ou chef de ch\u0153ur est de faire en sorte que chaque membre de la chorale puisse donner le meilleur de lui-m\u00eame tout en harmonisant son chant sur celui de tous les autres. C\u2019est pourquoi, le grand public attend beaucoup de Beno\u00eet XVI en ces temps troubl\u00e9s et o\u00f9 le roulement des tambours de guerre l\u2019emporte sur les chants joyeux de la paix et de la bonne entente.<\/p>\n<p>Il y a urgence pour les chr\u00e9tient\u00e9s de l\u2019Orient de tout mettre en \u0153uvre pour reconstituer l\u2019unit\u00e9 perdue de l\u2019antique \u00e9glise d\u2019Antioche. L\u2019\u00e9glise de Rome peut beaucoup dans la revalorisation d\u2019un principe fondamental de l\u2019eccl\u00e9siologie\u00a0: le principe de territorialit\u00e9 qui a fini par \u00eatre occult\u00e9 par le principe d\u2019identit\u00e9 communautaire. La remise en valeur du principe de territorialit\u00e9, auquel est attach\u00e9 l\u2019\u00e9glise latine, peut de faire en plusieurs \u00e9tapes et commencerait par la c\u00e9l\u00e9bration de P\u00e2ques \u00e0 la m\u00eame date, peu importe laquelle pourvu que tout le monde se r\u00e9jouisse en m\u00eame temps. Les diff\u00e9rents magist\u00e8res ne r\u00e9alisent pas \u00e0 quel point ceci est une demande pressante de la part des gens ordinaires.<\/p>\n<p>L\u2019Eglise est le gardien du seul commandement de J\u00e9sus de Nazareth\u00a0: \u00ab\u00a0aimez-vous les uns les autres\u00a0\u00bb. Elle est aussi le porte-voix par excellence des \u00ab\u00a0b\u00e9atitudes\u00a0\u00bb\u00a0: Bienheureux les pauvres. Bienheureux les afflig\u00e9s. Bienheureux les mis\u00e9ricordieux. Bienheureux les artisans de paix. Bienheureux les doux. Bienheureux ceux qui ont faim et soif de justice. Bienheureux les pers\u00e9cut\u00e9s pour la justice.<\/p>\n<p>Telles sont les paroles proph\u00e9tiques qui, aujourd\u2019hui, doivent parcourir ce monde arabe o\u00f9 des millions d\u2019hommes offrent leur chair afin de se lib\u00e9rer de totues les tyrannies, notamment en Syrie. Au sein de ce monde arabe, le Liban de Ta\u00ebf appara\u00eet comme une mince lueur au c\u0153ur des t\u00e9n\u00e8bres. Ce Liban, et non un autre, est peut-\u00eatre le mod\u00e8le le mieux adapt\u00e9 en vue de surmonter les p\u00e9rils de notre temps.<\/p>\n<p>Ce Liban, colonne vert\u00e9brale de la p\u00e9rennit\u00e9 du t\u00e9moignage chr\u00e9tien en Orient, est le cadre naturel pour rappeler aux diff\u00e9rentes \u00e9glises levantines le caract\u00e8re tr\u00e8s v\u00e9n\u00e9rable de leur antiquit\u00e9. Les chr\u00e9tient\u00e9s orientales ne sont pas des produits de r\u00e9gimes politiques m\u00eame si les difficult\u00e9s de la coexistence avec l\u2019Islam sont bien connues. Ces chr\u00e9tient\u00e9s seraient sans doute mieux inspir\u00e9es si elles faisaient un peu moins de politique marqu\u00e9e par l\u2019esprit de la dhimmitude qui les a impr\u00e9gn\u00e9es durant de longs si\u00e8cles. Elles sont naturellement invit\u00e9es \u00e0 quitter le giron inf\u00e2mant et humiliant d\u2019\u00eatre une simple cohorte auxiliaire d\u2019un r\u00e9gime politique.<\/p>\n<p>Mais le Liban de Ta\u00ebf est la tribune naturelle du haut de laquelle Pierre peut s\u2019adresser au monde pour rappeler que le vivre-ensemble des hommes est d\u2019abord entre individus conscients de leurs droits et de leurs devoirs et non entre groupes religieux. Il appartient \u00e0 Pierre de trouver les mots d\u2019aujourd\u2019hui pour r\u00e9p\u00e9ter ce que jadis le nazar\u00e9en avait affirm\u00e9 (Donnez \u00e0 C\u00e9sar ce qui est \u00e0 C\u00e9sar et \u00e0 Dieu ce qui est \u00e0 Dieu)\u00a0:<\/p>\n<p><strong>\u00ab\u00a0Donnez \u00e0 l\u2019homme tout ce qui est \u00e0 l\u2019homme et ne prenez pas Dieu en otage\u00a0\u00bb.<br \/>\n<\/strong><\/p>\n<p>acourban@gmail.com<\/p>\n<p>* Beyrouth<\/p>\n","protected":false},"excerpt":{"rendered":"<p>Les \u00c9chos de l\u2019Agora. Jusqu\u2019au pontificat de Jean XXIII, l\u2019\u00e9glise romaine avait l\u2019habitude de c\u00e9l\u00e9brer le magist\u00e8re de Pierre, le coryph\u00e9e des ap\u00f4tres, \u00e0 deux reprises. Le 18 janvier \u00e9tait consacr\u00e9 \u00e0 la \u00ab\u00a0chaire de Saint Pierre \u00e0 Rome\u00a0\u00bb et le 22 f\u00e9vrier \u00e0 celui de la \u00ab\u00a0chaire de Saint Pierre \u00e0 Antioche\u00a0\u00bb puisque, d\u2019apr\u00e8s<\/p>\n","protected":false},"author":1,"featured_media":0,"comment_status":"closed","ping_status":"closed","sticky":false,"template":"","format":"standard","meta":{"_uf_show_specific_survey":0,"_uf_disable_surveys":false,"footnotes":""},"categories":[],"tags":[],"class_list":["post-133666","post","type-post","status-publish","format-standard"],"aioseo_notices":[],"_links":{"self":[{"href":"https:\/\/middleeasttransparent.com\/fr\/wp-json\/wp\/v2\/posts\/133666","targetHints":{"allow":["GET"]}}],"collection":[{"href":"https:\/\/middleeasttransparent.com\/fr\/wp-json\/wp\/v2\/posts"}],"about":[{"href":"https:\/\/middleeasttransparent.com\/fr\/wp-json\/wp\/v2\/types\/post"}],"author":[{"embeddable":true,"href":"https:\/\/middleeasttransparent.com\/fr\/wp-json\/wp\/v2\/users\/1"}],"replies":[{"embeddable":true,"href":"https:\/\/middleeasttransparent.com\/fr\/wp-json\/wp\/v2\/comments?post=133666"}],"version-history":[{"count":0,"href":"https:\/\/middleeasttransparent.com\/fr\/wp-json\/wp\/v2\/posts\/133666\/revisions"}],"wp:attachment":[{"href":"https:\/\/middleeasttransparent.com\/fr\/wp-json\/wp\/v2\/media?parent=133666"}],"wp:term":[{"taxonomy":"category","embeddable":true,"href":"https:\/\/middleeasttransparent.com\/fr\/wp-json\/wp\/v2\/categories?post=133666"},{"taxonomy":"post_tag","embeddable":true,"href":"https:\/\/middleeasttransparent.com\/fr\/wp-json\/wp\/v2\/tags?post=133666"}],"curies":[{"name":"wp","href":"https:\/\/api.w.org\/{rel}","templated":true}]}}